{"id":142066,"date":"2026-09-03T22:55:33","date_gmt":"2026-09-03T22:55:33","guid":{"rendered":"https:\/\/tvbrazilusa.com\/2026\/09\/03\/pf-aponta-atuacao-de-claudio-castro-em-favor-da-refit\/"},"modified":"2026-09-03T22:56:37","modified_gmt":"2026-09-03T22:56:37","slug":"pf-aponta-atuacao-de-claudio-castro-em-favor-da-refit","status":"publish","type":"post","link":"https:\/\/tvbrazilusa.com\/pt\/2026\/09\/03\/pf-aponta-atuacao-de-claudio-castro-em-favor-da-refit\/","title":{"rendered":"PF aponta atua\u00e7\u00e3o de Cl\u00e1udio Castro em favor da Refit"},"content":{"rendered":"<script async src=\"https:\/\/pagead2.googlesyndication.com\/pagead\/js\/adsbygoogle.js?client=ca-pub-8864793242727901\"\r\n     crossorigin=\"anonymous\"><\/script>\n<div id=\"cd-article-content\" itemprop=\"articleBody\">\n<p class=\"wp-block-paragraph\">Mensagens extra\u00eddas pela Pol\u00edcia Federal (PF) do celular do ex-governador<a href=\"https:\/\/claudiodantas.com.br\/tag\/claudio-castro\/\" data-type=\"post_tag\" data-id=\"222\"> Cl\u00e1udio Castro (PL)<\/a> revelam proximidade entre ele e o empres\u00e1rio Ricardo Magro, empres\u00e1rio respons\u00e1vel pela Refit e foragido desde o in\u00edcio do ano.<\/p>\n<p><a href=\"https:\/\/whatsapp.com\/channel\/0029VaTFkH2HVvTbkE883x1x\" target=\"_blank\" class=\"whatsapp-channel-message\" rel=\"noopener\">\u2705 Siga o canal do Claudio Dantas no WhatsApp<\/a><\/p>\n<p class=\"wp-block-paragraph\">Em di\u00e1logos pelo WhatsApp, Castro chamou <a href=\"https:\/\/claudiodantas.com.br\/wp-content\/uploads\/2025\/11\/WhatsApp-Image-2025-11-27-at-11.15.47.jpeg\" data-type=\"attachment\" data-id=\"75320\">Magro <\/a>de \u201camigo\u201d e afirmou que poderia atuar na regulariza\u00e7\u00e3o fiscal da Refit, empresa que acumula uma das maiores d\u00edvidas fiscais do pa\u00eds.<\/p>\n<p class=\"wp-block-paragraph\">As informa\u00e7\u00f5es constam na decis\u00e3o da Opera\u00e7\u00e3o Sem Refino 2, cujo sigilo foi retirado nesta quinta-feira (3) pelo ministro Alexandre de Moraes, do Supremo Tribunal Federal (<a href=\"https:\/\/portal.stf.jus.br\/\" target=\"_blank\" rel=\"noopener\">STF<\/a>). Segundo a PF, os di\u00e1logos indicam que o ex-governador atuou pessoalmente para atender interesses do Grupo <a href=\"https:\/\/claudiodantas.com.br\/tag\/refit\/\" data-type=\"post_tag\" data-id=\"3349\">Refit<\/a>.<\/p>\n<p class=\"wp-block-paragraph\">A investiga\u00e7\u00e3o tamb\u00e9m aponta que Castro teria obtido vantagens relacionadas ao grupo empresarial. Entre os casos citados est\u00e3o o pagamento de R$ 10,5 mil em caviar por uma empresa de terceiro, o uso de uma mans\u00e3o em Petr\u00f3polis e o aluguel de uma cobertura na Barra da Tijuca por valor abaixo do mercado.<\/p>\n<h2 class=\"wp-block-heading\">Viagem aos EUA e rela\u00e7\u00e3o com Magro<\/h2>\n<p class=\"wp-block-paragraph\">Uma das conversas analisadas pela PF ocorreu ap\u00f3s a participa\u00e7\u00e3o de Castro em um evento organizado por Ricardo Magro em Nova York. Ao agradecer a presen\u00e7a do ent\u00e3o governador, o empres\u00e1rio recebeu a resposta: \u201caqui voc\u00ea tem um amigo\u201d.<\/p>\n<p class=\"wp-block-paragraph\">Segundo a investiga\u00e7\u00e3o, a viagem foi custeada pela Refit. Secret\u00e1rios do governo estadual tamb\u00e9m podem ter participado do encontro com Magro nos Estados Unidos.<\/p>\n<p class=\"wp-block-paragraph\">A PF aponta ainda que Castro e outros integrantes do governo mantinham canais diretos com representantes da empresa para tratar de licen\u00e7as ambientais e de quest\u00f5es relacionadas a empresas concorrentes.<\/p>\n<p class=\"wp-block-paragraph\">Em outro di\u00e1logo, desta vez com um advogado ligado \u00e0 Refit, Castro tratou da situa\u00e7\u00e3o fiscal da empresa e afirmou: \u201cEu toco por aqui\u201d. Para os investigadores, a declara\u00e7\u00e3o indica uma atua\u00e7\u00e3o direta do ent\u00e3o governador em favor do grupo.<\/p>\n<p class=\"wp-block-paragraph\">A investiga\u00e7\u00e3o tamb\u00e9m cita a renova\u00e7\u00e3o da Licen\u00e7a de Opera\u00e7\u00e3o da refinaria pela Comiss\u00e3o Estadual de Controle Ambiental. A autoriza\u00e7\u00e3o foi aprovada apesar de votos contr\u00e1rios de \u00f3rg\u00e3os t\u00e9cnicos que haviam apontado problemas de contamina\u00e7\u00e3o ambiental.<\/p>\n<h2 class=\"wp-block-heading\">Caviar foi pago por empresa de terceiro<\/h2>\n<p class=\"wp-block-paragraph\">A PF encontrou mensagens que mostram Castro negociando pessoalmente a compra de caviar em abril de 2026. A entrega de parte dos produtos ocorreu no Hotel Emiliano, em S\u00e3o Paulo, onde o ex-governador estava hospedado.<\/p>\n<p class=\"wp-block-paragraph\">O valor final da compra foi de R$ 10,5 mil. Castro informou ao fornecedor que enviaria o comprovante do Pix. A an\u00e1lise banc\u00e1ria, por\u00e9m, apontou que o pagamento saiu da conta da AC Santos Participa\u00e7\u00f5es e Empreendimentos, empresa pertencente ao advogado Antonio Carlos da Concei\u00e7\u00e3o Santos, conhecido como \u201cPipo\u201d.<\/p>\n<p class=\"wp-block-paragraph\">Segundo a PF, o uso de terceiros para o pagamento de despesas pessoais integra a estrutura investigada de oculta\u00e7\u00e3o de patrim\u00f4nio e lavagem de capitais.<\/p>\n<p class=\"wp-block-paragraph\">A defesa afirma que a compra ocorreu mais de 30 dias ap\u00f3s Castro deixar o governo. Segundo os advogados, a encomenda havia sido feita por um amigo, e o ex-governador apenas retirou os produtos em S\u00e3o Paulo para entreg\u00e1-los.<\/p>\n<h2 class=\"wp-block-heading\">Mans\u00e3o em Petr\u00f3polis e cobertura na Barra<\/h2>\n<p class=\"wp-block-paragraph\">Outro ponto da investiga\u00e7\u00e3o envolve uma mans\u00e3o no condom\u00ednio Locanda Residenze, em Petr\u00f3polis. O im\u00f3vel est\u00e1 registrado em nome da Concrecasa Constru\u00e7\u00f5es Inteligentes Ltda., mas a PF afirma que Castro exercia a posse de fato sobre a propriedade.<\/p>\n<p class=\"wp-block-paragraph\">Os investigadores apontam v\u00ednculos entre a administradora da empresa, Carolina Gon\u00e7alves Xavier Pereira, e o empres\u00e1rio Luiz Fernando Gomes. Uma empresa ligada a Gomes firmou 11 contratos com o governo estadual durante a gest\u00e3o de Castro, no valor total de R$ 355,2 milh\u00f5es. Desse montante, R$ 49,6 milh\u00f5es foram contratados sem licita\u00e7\u00e3o, segundo a investiga\u00e7\u00e3o.<\/p>\n<p class=\"wp-block-paragraph\">Mensagens indicam que Castro tratava o im\u00f3vel como se fosse seu. Ele recebia contas de energia no celular, acompanhava reformas e se referia \u00e0s interven\u00e7\u00f5es como \u201cminha obra\u201d.<\/p>\n<p class=\"wp-block-paragraph\">Entre os projetos citados est\u00e1 uma adega climatizada de R$ 245 mil. O arquivo do projeto tinha, nos metadados, o t\u00edtulo \u201cAP Adega Claudio Castro\u201d.<\/p>\n<p class=\"wp-block-paragraph\">Na Barra da Tijuca, a PF aponta outro poss\u00edvel benef\u00edcio. Castro mora em uma cobertura no Condom\u00ednio Atmosfera por meio de contrato de aluguel de R$ 10 mil mensais. Segundo a investiga\u00e7\u00e3o, im\u00f3veis semelhantes na regi\u00e3o t\u00eam aluguel estimado entre R$ 25 mil e R$ 29 mil.<\/p>\n<p class=\"wp-block-paragraph\">A cobertura pertence \u00e0 J3 Real Estate Participa\u00e7\u00f5es Ltda., empresa criada 50 dias antes da compra do im\u00f3vel por R$ 3,48 milh\u00f5es. A companhia possui a cobertura como \u00fanico ativo registrado e s\u00f3 abriu sua primeira conta banc\u00e1ria tr\u00eas anos depois da aquisi\u00e7\u00e3o.<\/p>\n<p class=\"wp-block-paragraph\">Mensagens tamb\u00e9m indicam a participa\u00e7\u00e3o de Castro e da esposa em decis\u00f5es sobre obras no im\u00f3vel, como a instala\u00e7\u00e3o de um guarda-corpo de vidro na piscina.<\/p>\n<h2 class=\"wp-block-heading\">PF investiga esquema ligado \u00e0 Refit<\/h2>\n<p class=\"wp-block-paragraph\">A Opera\u00e7\u00e3o Sem Refino apura suspeitas de gest\u00e3o fraudulenta, lavagem de capitais, sonega\u00e7\u00e3o fiscal e evas\u00e3o de divisas relacionadas \u00e0 Refit e ao empres\u00e1rio Ricardo Andrade Magro.<\/p>\n<p class=\"wp-block-paragraph\">Segundo a PF, h\u00e1 \u201cfundados ind\u00edcios de continuidade do esquema criminoso (\u2026) envolvendo a opera\u00e7\u00e3o da refinaria de Petr\u00f3leo de Manguinhos S\/A \u2013 REFIT (\u2026) especialmente relacionado \u00e0 pr\u00e1tica de lavagem de capitais e conex\u00f5es com agentes p\u00fablicos do Estado do Rio de Janeiro\u201d.<\/p>\n<p class=\"wp-block-paragraph\">Os investigadores sustentam que despesas pessoais e vantagens atribu\u00eddas a agentes p\u00fablicos eram pagas de forma indireta por empresas e terceiros ligados ao grupo econ\u00f4mico associado \u00e0 Refit.<\/p>\n<p class=\"wp-block-paragraph\">A primeira fase da opera\u00e7\u00e3o ocorreu em maio. Na ocasi\u00e3o, Moraes determinou a pris\u00e3o preventiva de Ricardo Magro e autorizou buscas contra Castro e outros investigados. Magro est\u00e1 foragido e foi inclu\u00eddo na lista de difus\u00e3o vermelha da Interpol.<\/p>\n<p class=\"wp-block-paragraph\">A an\u00e1lise dos celulares apreendidos levou a PF a solicitar novas medidas ao STF. A segunda fase teve o sigilo retirado nesta quinta-feira.<\/p>\n<p class=\"wp-block-paragraph\">A investiga\u00e7\u00e3o n\u00e3o representa condena\u00e7\u00e3o. Castro e os demais citados ainda podem apresentar suas vers\u00f5es \u00e0 Justi\u00e7a.<\/p>\n<h2 class=\"wp-block-heading\">O que diz a defesa<\/h2>\n<p class=\"wp-block-paragraph\">A defesa de Cl\u00e1udio Castro negou participa\u00e7\u00e3o em esquema de lavagem de dinheiro, recebimento de vantagem indevida ou favorecimento de terceiros.<\/p>\n<blockquote class=\"wp-block-quote is-layout-flow wp-block-quote-is-layout-flow\">\n<p class=\"wp-block-paragraph\"><em>A defesa do ex-governador Cl\u00e1udio Castro nega qualquer participa\u00e7\u00e3o em esquema de lavagem de dinheiro, recebimento de vantagem indevida ou favorecimento a terceiros.<\/em><\/p>\n<p class=\"wp-block-paragraph\"><em>O im\u00f3vel onde reside tem contrato regular de loca\u00e7\u00e3o, com pagamentos comprov\u00e1veis. O im\u00f3vel utilizado em Petr\u00f3polis tamb\u00e9m era alugado e o contrato j\u00e1 foi encerrado.<\/em><\/p>\n<p class=\"wp-block-paragraph\"><em>Sobre a compra mencionada, o epis\u00f3dio ocorreu mais de 30 dias ap\u00f3s Cl\u00e1udio Castro deixar o Governo do Estado. A encomenda havia sido feita por um amigo e ele apenas retirou os produtos em S\u00e3o Paulo para entreg\u00e1-los, tendo consumido um deles com autoriza\u00e7\u00e3o do comprador.<\/em><\/p>\n<p class=\"wp-block-paragraph\"><em>N\u00e3o h\u00e1 qualquer liga\u00e7\u00e3o entre os epis\u00f3dios envolvendo a compra e os im\u00f3veis com a Refit. S\u00e3o situa\u00e7\u00f5es distintas, sem rela\u00e7\u00e3o com a empresa ou com eventual favorecimento.<\/em><\/p>\n<p class=\"wp-block-paragraph\"><em>Os contatos com representantes da Refit foram institucionais e n\u00e3o resultaram em qualquer benef\u00edcio. Durante sua gest\u00e3o, o Estado adotou medidas para cobrar valores devidos pela empresa.<\/em><\/p>\n<p class=\"wp-block-paragraph\"><em>Tamb\u00e9m n\u00e3o \u00e9 verdade que uma viagem do ent\u00e3o governador a Nova York tenha sido custeada pela Refit. A viagem foi oficial, paga pelo Governo do Estado, com registros dispon\u00edveis no Portal da Transpar\u00eancia.<\/em><\/p>\n<p class=\"wp-block-paragraph\"><em>A defesa j\u00e1 requereu ao ministro Alexandre de Moraes que Cl\u00e1udio Castro seja ouvido pela Pol\u00edcia Federal para esclarecer todos os pontos da investiga\u00e7\u00e3o e apresentar a documenta\u00e7\u00e3o comprobat\u00f3ria. O pedido aguarda decis\u00e3o.<\/em><\/p>\n<p class=\"wp-block-paragraph\"><em>Cl\u00e1udio Castro reafirma que n\u00e3o praticou qualquer ato il\u00edcito\u201d.<\/em><\/p>\n<\/blockquote>\n<\/div>\n<p><script>!function(f,b,e,v,n,t,s){if(f.fbq)return;n=f.fbq=function(){n.callMethod?n.callMethod.apply(n,arguments):n.queue.push(arguments)};if(!f._fbq)f._fbq=n;n.push=n;n.loaded=!0;n.version='2.0';n.queue=[];t=b.createElement(e);t.async=!0;t.src=v;s=b.getElementsByTagName(e)[0];s.parentNode.insertBefore(t,s)}(window,document,'script','https:\/\/connect.facebook.net\/en_US\/fbevents.js');fbq('init','1423865622537930');fbq('track','PageView');<\/script><br \/>\n<br \/><br \/>\n<br \/><a href=\"https:\/\/claudiodantas.com.br\/pf-aponta-atuacao-de-claudio-castro-em-favor-da-refit\/\">Source link <\/a><\/p>","protected":false},"excerpt":{"rendered":"<p>Mensagens extra\u00eddas pela Pol\u00edcia Federal (PF) do celular do ex-governador Cl\u00e1udio Castro (PL) revelam proximidade entre ele e o empres\u00e1rio Ricardo Magro, empres\u00e1rio respons\u00e1vel pela Refit e foragido desde o&hellip;<\/p>","protected":false},"author":1,"featured_media":142067,"comment_status":"closed","ping_status":"open","sticky":false,"template":"","format":"standard","meta":{"content-type":"","footnotes":""},"categories":[16],"tags":[],"class_list":["post-142066","post","type-post","status-publish","format-standard","has-post-thumbnail","hentry","category-noticias"],"_links":{"self":[{"href":"https:\/\/tvbrazilusa.com\/pt\/wp-json\/wp\/v2\/posts\/142066","targetHints":{"allow":["GET"]}}],"collection":[{"href":"https:\/\/tvbrazilusa.com\/pt\/wp-json\/wp\/v2\/posts"}],"about":[{"href":"https:\/\/tvbrazilusa.com\/pt\/wp-json\/wp\/v2\/types\/post"}],"author":[{"embeddable":true,"href":"https:\/\/tvbrazilusa.com\/pt\/wp-json\/wp\/v2\/users\/1"}],"replies":[{"embeddable":true,"href":"https:\/\/tvbrazilusa.com\/pt\/wp-json\/wp\/v2\/comments?post=142066"}],"version-history":[{"count":1,"href":"https:\/\/tvbrazilusa.com\/pt\/wp-json\/wp\/v2\/posts\/142066\/revisions"}],"predecessor-version":[{"id":142068,"href":"https:\/\/tvbrazilusa.com\/pt\/wp-json\/wp\/v2\/posts\/142066\/revisions\/142068"}],"wp:featuredmedia":[{"embeddable":true,"href":"https:\/\/tvbrazilusa.com\/pt\/wp-json\/wp\/v2\/media\/142067"}],"wp:attachment":[{"href":"https:\/\/tvbrazilusa.com\/pt\/wp-json\/wp\/v2\/media?parent=142066"}],"wp:term":[{"taxonomy":"category","embeddable":true,"href":"https:\/\/tvbrazilusa.com\/pt\/wp-json\/wp\/v2\/categories?post=142066"},{"taxonomy":"post_tag","embeddable":true,"href":"https:\/\/tvbrazilusa.com\/pt\/wp-json\/wp\/v2\/tags?post=142066"}],"curies":[{"name":"wp","href":"https:\/\/api.w.org\/{rel}","templated":true}]}}