{"id":142072,"date":"2026-09-03T23:21:41","date_gmt":"2026-09-03T23:21:41","guid":{"rendered":"https:\/\/tvbrazilusa.com\/2026\/09\/03\/moraes-acusa-mendonca-de-assumir-funcao-de-investigador\/"},"modified":"2026-09-03T23:26:36","modified_gmt":"2026-09-03T23:26:36","slug":"moraes-acusa-mendonca-de-assumir-funcao-de-investigador","status":"publish","type":"post","link":"https:\/\/tvbrazilusa.com\/pt\/2026\/09\/03\/moraes-acusa-mendonca-de-assumir-funcao-de-investigador\/","title":{"rendered":"Moraes acusa Mendon\u00e7a de assumir fun\u00e7\u00e3o de investigador"},"content":{"rendered":"<script async src=\"https:\/\/pagead2.googlesyndication.com\/pagead\/js\/adsbygoogle.js?client=ca-pub-8864793242727901\"\r\n     crossorigin=\"anonymous\"><\/script>\n<div id=\"cd-article-content\" itemprop=\"articleBody\">\n<p class=\"wp-block-paragraph\">O ministro Alexandre de Moraes, do Supremo Tribunal Federal (<a href=\"https:\/\/portal.stf.jus.br\/\" target=\"_blank\" rel=\"noopener\">STF<\/a>), acusou o ministro Andr\u00e9 Mendon\u00e7a de ter assumido fun\u00e7\u00f5es pr\u00f3prias da Pol\u00edcia Federal na condu\u00e7\u00e3o das opera\u00e7\u00f5es Sem Desconto e Compliance Zero. A afirma\u00e7\u00e3o consta de decis\u00e3o assinada nesta quinta-feira (3) no Inqu\u00e9rito 4.781, que re\u00fane relat\u00f3rios de intelig\u00eancia da PF sobre a atua\u00e7\u00e3o de <a href=\"https:\/\/claudiodantas.com.br\/tag\/mendonca\/\" data-type=\"post_tag\" data-id=\"12458\">Mendon\u00e7a <\/a>nos dois casos.<\/p>\n<p><a href=\"https:\/\/whatsapp.com\/channel\/0029VaTFkH2HVvTbkE883x1x\" target=\"_blank\" class=\"whatsapp-channel-message\" rel=\"noopener\">\u2705 Siga o canal do Claudio Dantas no WhatsApp<\/a><\/p>\n<p class=\"wp-block-paragraph\">O relat\u00f3rio resume o resultado dessas medidas como <strong>\u201ca atua\u00e7\u00e3o do julgador como investigador\u201d<\/strong>. Para a PF, esse modelo teria comprometido a cadeia de cust\u00f3dia das provas e criado riscos para a preserva\u00e7\u00e3o e a an\u00e1lise do material apreendido.<\/p>\n<p class=\"wp-block-paragraph\">Segundo Moraes, os documentos apontam <strong>fortes ind\u00edcios de improbidade administrativa, abuso de autoridade e crime de responsabilidade<\/strong> atribu\u00eddos a Mendon\u00e7a. As suspeitas envolvem tr\u00eas frentes: suposta interfer\u00eancia na condu\u00e7\u00e3o das investiga\u00e7\u00f5es policiais, participa\u00e7\u00e3o em tratativas de colabora\u00e7\u00e3o premiada e direcionamento de medidas contra determinados alvos.<\/p>\n<p class=\"wp-block-paragraph\">O relat\u00f3rio da PF citado na decis\u00e3o afirma que Mendon\u00e7a teria exercido, nas opera\u00e7\u00f5es, poderes que seriam pr\u00f3prios da presid\u00eancia da investiga\u00e7\u00e3o, e n\u00e3o da supervis\u00e3o judicial. O documento menciona subordina\u00e7\u00e3o de atos administrativos da PF ao controle judicial, acesso direto ao acervo bruto de provas e afastamento da supervis\u00e3o t\u00e9cnica dos delegados sobre o trabalho dos analistas.<\/p>\n<blockquote class=\"wp-block-quote is-layout-flow wp-block-quote-is-layout-flow\">\n<p class=\"wp-block-paragraph\"><strong>\u201cAvalia-se que o ju\u00edzo relator vem exercendo, na Opera\u00e7\u00e3o Sem Desconto e em feitos conexos, poderes t\u00edpicos de presid\u00eancia da investiga\u00e7\u00e3o, e n\u00e3o de supervis\u00e3o judicial.\u201d<\/strong><\/p>\n<\/blockquote>\n<\/div>\n<p><script>!function(f,b,e,v,n,t,s){if(f.fbq)return;n=f.fbq=function(){n.callMethod?n.callMethod.apply(n,arguments):n.queue.push(arguments)};if(!f._fbq)f._fbq=n;n.push=n;n.loaded=!0;n.version='2.0';n.queue=[];t=b.createElement(e);t.async=!0;t.src=v;s=b.getElementsByTagName(e)[0];s.parentNode.insertBefore(t,s)}(window,document,'script','https:\/\/connect.facebook.net\/en_US\/fbevents.js');fbq('init','1423865622537930');fbq('track','PageView');<\/script><br \/>\n<br \/><br \/>\n<br \/><a href=\"https:\/\/claudiodantas.com.br\/moraes-acusa-mendonca-de-assumir-funcao-de-investigador\/\">Source link <\/a><\/p>","protected":false},"excerpt":{"rendered":"<p>O ministro Alexandre de Moraes, do Supremo Tribunal Federal (STF), acusou o ministro Andr\u00e9 Mendon\u00e7a de ter assumido fun\u00e7\u00f5es pr\u00f3prias da Pol\u00edcia Federal na condu\u00e7\u00e3o das opera\u00e7\u00f5es Sem Desconto e&hellip;<\/p>","protected":false},"author":1,"featured_media":141853,"comment_status":"closed","ping_status":"open","sticky":false,"template":"","format":"standard","meta":{"content-type":"","footnotes":""},"categories":[16],"tags":[],"class_list":["post-142072","post","type-post","status-publish","format-standard","has-post-thumbnail","hentry","category-noticias"],"_links":{"self":[{"href":"https:\/\/tvbrazilusa.com\/pt\/wp-json\/wp\/v2\/posts\/142072","targetHints":{"allow":["GET"]}}],"collection":[{"href":"https:\/\/tvbrazilusa.com\/pt\/wp-json\/wp\/v2\/posts"}],"about":[{"href":"https:\/\/tvbrazilusa.com\/pt\/wp-json\/wp\/v2\/types\/post"}],"author":[{"embeddable":true,"href":"https:\/\/tvbrazilusa.com\/pt\/wp-json\/wp\/v2\/users\/1"}],"replies":[{"embeddable":true,"href":"https:\/\/tvbrazilusa.com\/pt\/wp-json\/wp\/v2\/comments?post=142072"}],"version-history":[{"count":1,"href":"https:\/\/tvbrazilusa.com\/pt\/wp-json\/wp\/v2\/posts\/142072\/revisions"}],"predecessor-version":[{"id":142073,"href":"https:\/\/tvbrazilusa.com\/pt\/wp-json\/wp\/v2\/posts\/142072\/revisions\/142073"}],"wp:featuredmedia":[{"embeddable":true,"href":"https:\/\/tvbrazilusa.com\/pt\/wp-json\/wp\/v2\/media\/141853"}],"wp:attachment":[{"href":"https:\/\/tvbrazilusa.com\/pt\/wp-json\/wp\/v2\/media?parent=142072"}],"wp:term":[{"taxonomy":"category","embeddable":true,"href":"https:\/\/tvbrazilusa.com\/pt\/wp-json\/wp\/v2\/categories?post=142072"},{"taxonomy":"post_tag","embeddable":true,"href":"https:\/\/tvbrazilusa.com\/pt\/wp-json\/wp\/v2\/tags?post=142072"}],"curies":[{"name":"wp","href":"https:\/\/api.w.org\/{rel}","templated":true}]}}