{"id":142074,"date":"2026-09-03T23:27:18","date_gmt":"2026-09-03T23:27:18","guid":{"rendered":"https:\/\/tvbrazilusa.com\/2026\/09\/03\/moraes-acusa-mendonca-de-perseguicao-seletiva-a-colegas-do-stf\/"},"modified":"2026-09-03T23:32:50","modified_gmt":"2026-09-03T23:32:50","slug":"moraes-acusa-mendonca-de-perseguicao-seletiva-a-colegas-do-stf","status":"publish","type":"post","link":"https:\/\/tvbrazilusa.com\/pt\/2026\/09\/03\/moraes-acusa-mendonca-de-perseguicao-seletiva-a-colegas-do-stf\/","title":{"rendered":"Moraes acusa Mendon\u00e7a de persegui\u00e7\u00e3o seletiva a colegas do STF"},"content":{"rendered":"<script async src=\"https:\/\/pagead2.googlesyndication.com\/pagead\/js\/adsbygoogle.js?client=ca-pub-8864793242727901\"\r\n     crossorigin=\"anonymous\"><\/script>\n<div id=\"cd-article-content\" itemprop=\"articleBody\">\n<p class=\"wp-block-paragraph\">O ministro Alexandre de <a href=\"https:\/\/claudiodantas.com.br\/moraes-acusa-mendonca-de-assumir-funcao-de-investigador\/\">Moraes <\/a>acusa o colega Andr\u00e9 Mendon\u00e7a de conduta seletiva na condu\u00e7\u00e3o de investiga\u00e7\u00f5es no Supremo Tribunal Federal (<a href=\"https:\/\/portal.stf.jus.br\/\" target=\"_blank\" rel=\"noopener\">STF<\/a>). Documento enviado ao presidente da Corte, Edson Fachin, nesta noite (3), aponta interesse pessoal de Mendon\u00e7a em abrir processo contra Moraes, mesmo sem ind\u00edcio penal identificado pela Pol\u00edcia Federal ou pela Procuradoria-Geral da Rep\u00fablica.<\/p>\n<p><a href=\"https:\/\/whatsapp.com\/channel\/0029VaTFkH2HVvTbkE883x1x\" target=\"_blank\" class=\"whatsapp-channel-message\" rel=\"noopener\">\u2705 Siga o canal do Claudio Dantas no WhatsApp<\/a><\/p>\n<p class=\"wp-block-paragraph\">\u201cO discurso do relator denota interesse no in\u00edcio de investiga\u00e7\u00e3o formal quanto a ele, tendo solicitado mais de uma vez que a equipe de investiga\u00e7\u00e3o encaminhasse alguma provoca\u00e7\u00e3o a ele nesse sentido\u201d, registra o relat\u00f3rio da Pol\u00edcia Federal citado na decis\u00e3o.<\/p>\n<p class=\"wp-block-paragraph\">O documento tamb\u00e9m aponta diferen\u00e7a de tratamento entre ministros da Corte. Segundo o relat\u00f3rio, Mendon\u00e7a adota postura de defesa em rela\u00e7\u00e3o aos ministros Dias Toffoli e Nunes Marques, mesmo diante de situa\u00e7\u00f5es semelhantes \u00e0s atribu\u00eddas a Moraes.<\/p>\n<p class=\"wp-block-paragraph\">\u201cO relator adota posturas muito diferentes diante de ilicitudes aparentes relacionadas aos Ministros Dias Toffoli e Nunes Marques, em compara\u00e7\u00e3o com sua percep\u00e7\u00e3o no que toca ao Ministro Alexandre de Moraes, apresentando discurso de defesa quanto aos dois primeiros\u201d, diz o texto.<\/p>\n<p class=\"wp-block-paragraph\">A assimetria aparece tamb\u00e9m fora do STF. O relat\u00f3rio compara o caso do candidato ao governo da Bahia, ACM Neto, com o de F\u00e1bio Lu\u00eds Lula da Silva, o Lulinha. Situa\u00e7\u00f5es f\u00e1ticas semelhantes, segundo a an\u00e1lise, receberam padr\u00f5es distintos de apura\u00e7\u00e3o.<\/p>\n<p class=\"wp-block-paragraph\">\u201cA situa\u00e7\u00e3o f\u00e1tica apurada quanto a ele guarda similaridade relevante com a de F\u00e1bio Lu\u00eds Lula da Silva, o que sugere a ado\u00e7\u00e3o de standards probat\u00f3rios distintos conforme o espectro pol\u00edtico da pessoa envolvida nos fatos\u201d, registra o documento.<\/p>\n<p class=\"wp-block-paragraph\">O presidente do Senado, Davi Alcolumbre, tamb\u00e9m aparece como poss\u00edvel alvo na avalia\u00e7\u00e3o da Pol\u00edcia Federal. O relat\u00f3rio menciona desaven\u00e7a antiga entre Mendon\u00e7a e o senador, ocorrida na \u00e9poca da indica\u00e7\u00e3o do ministro ao STF.<\/p>\n<p class=\"wp-block-paragraph\">\u201cDavi Alcolumbre constitui prov\u00e1vel alvo estrat\u00e9gico, considerada sua for\u00e7a pol\u00edtica, o favoritismo para manter-se na presid\u00eancia do Senado Federal e o consequente controle da pauta daquela Casa\u201d, diz o relat\u00f3rio, que cita ainda uma \u201chip\u00f3tese de estrat\u00e9gia de recomposi\u00e7\u00e3o de for\u00e7as no Tribunal\u201d.<\/p>\n<p class=\"wp-block-paragraph\">A decis\u00e3o de Moraes determina o levantamento do sigilo do processo e cita ind\u00edcios de improbidade administrativa, abuso de autoridade e crime de responsabilidade por parte de Mendon\u00e7a na condu\u00e7\u00e3o das opera\u00e7\u00f5es Sem Desconto e Compliance Zero. O caso segue agora para an\u00e1lise de Fachin.<\/p>\n<\/div>\n<p><script>!function(f,b,e,v,n,t,s){if(f.fbq)return;n=f.fbq=function(){n.callMethod?n.callMethod.apply(n,arguments):n.queue.push(arguments)};if(!f._fbq)f._fbq=n;n.push=n;n.loaded=!0;n.version='2.0';n.queue=[];t=b.createElement(e);t.async=!0;t.src=v;s=b.getElementsByTagName(e)[0];s.parentNode.insertBefore(t,s)}(window,document,'script','https:\/\/connect.facebook.net\/en_US\/fbevents.js');fbq('init','1423865622537930');fbq('track','PageView');<\/script><br \/>\n<br \/><br \/>\n<br \/><a href=\"https:\/\/claudiodantas.com.br\/moraes-acusa-mendonca-de-perseguicao-seletiva-a-colegas-do-stf\/\">Source link <\/a><\/p>","protected":false},"excerpt":{"rendered":"<p>O ministro Alexandre de Moraes acusa o colega Andr\u00e9 Mendon\u00e7a de conduta seletiva na condu\u00e7\u00e3o de investiga\u00e7\u00f5es no Supremo Tribunal Federal (STF). Documento enviado ao presidente da Corte, Edson Fachin,&hellip;<\/p>","protected":false},"author":1,"featured_media":142075,"comment_status":"closed","ping_status":"open","sticky":false,"template":"","format":"standard","meta":{"content-type":"","footnotes":""},"categories":[16],"tags":[],"class_list":["post-142074","post","type-post","status-publish","format-standard","has-post-thumbnail","hentry","category-noticias"],"_links":{"self":[{"href":"https:\/\/tvbrazilusa.com\/pt\/wp-json\/wp\/v2\/posts\/142074","targetHints":{"allow":["GET"]}}],"collection":[{"href":"https:\/\/tvbrazilusa.com\/pt\/wp-json\/wp\/v2\/posts"}],"about":[{"href":"https:\/\/tvbrazilusa.com\/pt\/wp-json\/wp\/v2\/types\/post"}],"author":[{"embeddable":true,"href":"https:\/\/tvbrazilusa.com\/pt\/wp-json\/wp\/v2\/users\/1"}],"replies":[{"embeddable":true,"href":"https:\/\/tvbrazilusa.com\/pt\/wp-json\/wp\/v2\/comments?post=142074"}],"version-history":[{"count":1,"href":"https:\/\/tvbrazilusa.com\/pt\/wp-json\/wp\/v2\/posts\/142074\/revisions"}],"predecessor-version":[{"id":142076,"href":"https:\/\/tvbrazilusa.com\/pt\/wp-json\/wp\/v2\/posts\/142074\/revisions\/142076"}],"wp:featuredmedia":[{"embeddable":true,"href":"https:\/\/tvbrazilusa.com\/pt\/wp-json\/wp\/v2\/media\/142075"}],"wp:attachment":[{"href":"https:\/\/tvbrazilusa.com\/pt\/wp-json\/wp\/v2\/media?parent=142074"}],"wp:term":[{"taxonomy":"category","embeddable":true,"href":"https:\/\/tvbrazilusa.com\/pt\/wp-json\/wp\/v2\/categories?post=142074"},{"taxonomy":"post_tag","embeddable":true,"href":"https:\/\/tvbrazilusa.com\/pt\/wp-json\/wp\/v2\/tags?post=142074"}],"curies":[{"name":"wp","href":"https:\/\/api.w.org\/{rel}","templated":true}]}}