{"id":142079,"date":"2026-09-04T00:08:53","date_gmt":"2026-09-04T00:08:53","guid":{"rendered":"https:\/\/tvbrazilusa.com\/2026\/09\/04\/urgente-fachin-determina-esclarecimentos-de-moraes-gonet-e-andrei-da-pf-sobre-caso-master\/"},"modified":"2026-09-04T00:10:40","modified_gmt":"2026-09-04T00:10:40","slug":"urgente-fachin-determina-esclarecimentos-de-moraes-gonet-e-andrei-da-pf-sobre-caso-master","status":"publish","type":"post","link":"https:\/\/tvbrazilusa.com\/pt\/2026\/09\/04\/urgente-fachin-determina-esclarecimentos-de-moraes-gonet-e-andrei-da-pf-sobre-caso-master\/","title":{"rendered":"Urgente: Fachin determina esclarecimentos de Moraes, Gonet e Andrei da PF sobre caso Master"},"content":{"rendered":"<script async src=\"https:\/\/pagead2.googlesyndication.com\/pagead\/js\/adsbygoogle.js?client=ca-pub-8864793242727901\"\r\n     crossorigin=\"anonymous\"><\/script>\n<div id=\"cd-article-content\" itemprop=\"articleBody\">\n<p class=\"wp-block-paragraph\">Sem mencionar o despacho de Alexandre de Moraes que deu origem aos questionamentos contra Andr\u00e9 Mendon\u00e7a, o presidente do STF, Edson Fachin, determinou que Moraes, Andr\u00e9 Mendon\u00e7a, o procurador-geral da Rep\u00fablica, Paulo Gonet, e o diretor-geral da Pol\u00edcia Federal, Andrei Rodrigues, prestem esclarecimentos sobre pontos levantados pela PGR no caso Banco Master. As respostas dever\u00e3o ser apresentadas por escrito em at\u00e9 cinco dias \u00fateis.<\/p>\n<p><a href=\"https:\/\/whatsapp.com\/channel\/0029VaTFkH2HVvTbkE883x1x\" target=\"_blank\" class=\"whatsapp-channel-message\" rel=\"noopener\">\u2705 Siga o canal do Claudio Dantas no WhatsApp<\/a><\/p>\n<p class=\"wp-block-paragraph\">A decis\u00e3o foi tomada no \u00e2mbito da PET 16.704, aberta de of\u00edcio pela Presid\u00eancia do STF ap\u00f3s a PGR pedir a extin\u00e7\u00e3o da PET 16.662, que re\u00fane informa\u00e7\u00f5es da investiga\u00e7\u00e3o sobre a rela\u00e7\u00e3o entre o banqueiro Daniel Vorcaro e Moraes. Fachin determinou a juntada integral da PET 16.662 ao novo procedimento.<\/p>\n<p class=\"wp-block-paragraph\">Entre os pontos que dever\u00e3o ser esclarecidos est\u00e1 o cumprimento, pela PF, das regras da Lei Org\u00e2nica da Magistratura Nacional (LOMAN) em investiga\u00e7\u00f5es envolvendo autoridades com foro no STF. Fachin tamb\u00e9m quer informa\u00e7\u00f5es sobre eventual uso de credenciais institucionais para acessar documento particular e sobre poss\u00edvel revela\u00e7\u00e3o de informa\u00e7\u00f5es submetidas a sigilo judicial a pessoa investigada.<\/p>\n<p class=\"wp-block-paragraph\">O presidente do STF tamb\u00e9m determinou esclarecimentos sobre as circunst\u00e2ncias de um despacho que ordenou a identifica\u00e7\u00e3o de pessoas mencionadas em uma investiga\u00e7\u00e3o e sobre as medidas adotadas no exerc\u00edcio do controle externo da atividade policial para garantir o cumprimento da LOMAN.<\/p>\n<p class=\"wp-block-paragraph\">O procedimento tem rela\u00e7\u00e3o com o relat\u00f3rio da PF produzido a partir de dados extra\u00eddos do celular de Daniel Vorcaro. O material trouxe mensagens e documentos relacionados \u00e0 rela\u00e7\u00e3o do banqueiro com Moraes e com o escrit\u00f3rio de Viviane Barci de Moraes, mulher do ministro.<\/p>\n<p class=\"wp-block-paragraph\">Entre os elementos divulgados est\u00e1 um contrato de aproximadamente R$ 131 milh\u00f5es entre o Banco Master e o escrit\u00f3rio. A PF tamb\u00e9m identificou, em vers\u00f5es do documento, um registro de edi\u00e7\u00e3o associado ao usu\u00e1rio \u201cMinistro Alexandre de Moraes\u201d. O escrit\u00f3rio afirma que Moraes foi consultado para verificar eventual impedimento jur\u00eddico e nega irregularidades.<\/p>\n<p class=\"wp-block-paragraph\">As mensagens atribu\u00eddas a Vorcaro tamb\u00e9m mostram o banqueiro procurando Moraes durante o avan\u00e7o das investiga\u00e7\u00f5es e tratando de poss\u00edveis medidas da PF e da PGR. O material divulgado, por\u00e9m, n\u00e3o comprova que Moraes tenha atendido aos pedidos feitos pelo banqueiro.<\/p>\n<p class=\"wp-block-paragraph\">Em seu despacho, Fachin n\u00e3o conclui pela exist\u00eancia de irregularidades. O ministro afirma que \u00e9 necess\u00e1rio esclarecer as circunst\u00e2ncias apontadas pela PGR e colher informa\u00e7\u00f5es antes de eventual aprecia\u00e7\u00e3o pelo Plen\u00e1rio do STF. Tamb\u00e9m ressalta a necessidade de preservar o devido processo legal, a ampla defesa e o contradit\u00f3rio.<\/p>\n<\/div>\n<p><script>!function(f,b,e,v,n,t,s){if(f.fbq)return;n=f.fbq=function(){n.callMethod?n.callMethod.apply(n,arguments):n.queue.push(arguments)};if(!f._fbq)f._fbq=n;n.push=n;n.loaded=!0;n.version='2.0';n.queue=[];t=b.createElement(e);t.async=!0;t.src=v;s=b.getElementsByTagName(e)[0];s.parentNode.insertBefore(t,s)}(window,document,'script','https:\/\/connect.facebook.net\/en_US\/fbevents.js');fbq('init','1423865622537930');fbq('track','PageView');<\/script><br \/>\n<br \/><br \/>\n<br \/><a href=\"https:\/\/claudiodantas.com.br\/urgente-fachin-determina-esclarecimentos-de-moraes-gonet-e-andrei-da-pf-sobre-caso-master\/\">Source link <\/a><\/p>","protected":false},"excerpt":{"rendered":"<p>Sem mencionar o despacho de Alexandre de Moraes que deu origem aos questionamentos contra Andr\u00e9 Mendon\u00e7a, o presidente do STF, Edson Fachin, determinou que Moraes, Andr\u00e9 Mendon\u00e7a, o procurador-geral da&hellip;<\/p>","protected":false},"author":1,"featured_media":137743,"comment_status":"closed","ping_status":"open","sticky":false,"template":"","format":"standard","meta":{"content-type":"","footnotes":""},"categories":[16],"tags":[],"class_list":["post-142079","post","type-post","status-publish","format-standard","has-post-thumbnail","hentry","category-noticias"],"_links":{"self":[{"href":"https:\/\/tvbrazilusa.com\/pt\/wp-json\/wp\/v2\/posts\/142079","targetHints":{"allow":["GET"]}}],"collection":[{"href":"https:\/\/tvbrazilusa.com\/pt\/wp-json\/wp\/v2\/posts"}],"about":[{"href":"https:\/\/tvbrazilusa.com\/pt\/wp-json\/wp\/v2\/types\/post"}],"author":[{"embeddable":true,"href":"https:\/\/tvbrazilusa.com\/pt\/wp-json\/wp\/v2\/users\/1"}],"replies":[{"embeddable":true,"href":"https:\/\/tvbrazilusa.com\/pt\/wp-json\/wp\/v2\/comments?post=142079"}],"version-history":[{"count":1,"href":"https:\/\/tvbrazilusa.com\/pt\/wp-json\/wp\/v2\/posts\/142079\/revisions"}],"predecessor-version":[{"id":142080,"href":"https:\/\/tvbrazilusa.com\/pt\/wp-json\/wp\/v2\/posts\/142079\/revisions\/142080"}],"wp:featuredmedia":[{"embeddable":true,"href":"https:\/\/tvbrazilusa.com\/pt\/wp-json\/wp\/v2\/media\/137743"}],"wp:attachment":[{"href":"https:\/\/tvbrazilusa.com\/pt\/wp-json\/wp\/v2\/media?parent=142079"}],"wp:term":[{"taxonomy":"category","embeddable":true,"href":"https:\/\/tvbrazilusa.com\/pt\/wp-json\/wp\/v2\/categories?post=142079"},{"taxonomy":"post_tag","embeddable":true,"href":"https:\/\/tvbrazilusa.com\/pt\/wp-json\/wp\/v2\/tags?post=142079"}],"curies":[{"name":"wp","href":"https:\/\/api.w.org\/{rel}","templated":true}]}}