{"id":142081,"date":"2026-09-04T00:08:53","date_gmt":"2026-09-04T00:08:53","guid":{"rendered":"https:\/\/tvbrazilusa.com\/2026\/09\/04\/fachin-determina-esclarecimentos-de-moraes-gonet-e-andrei-da-pf-sobre-caso-master\/"},"modified":"2026-09-04T00:30:35","modified_gmt":"2026-09-04T00:30:35","slug":"fachin-determina-esclarecimentos-de-moraes-gonet-e-andrei-da-pf-sobre-caso-master","status":"publish","type":"post","link":"https:\/\/tvbrazilusa.com\/pt\/2026\/09\/04\/fachin-determina-esclarecimentos-de-moraes-gonet-e-andrei-da-pf-sobre-caso-master\/","title":{"rendered":"Fachin determina esclarecimentos de Moraes, Gonet e Andrei da PF sobre caso Master"},"content":{"rendered":"<script async src=\"https:\/\/pagead2.googlesyndication.com\/pagead\/js\/adsbygoogle.js?client=ca-pub-8864793242727901\"\r\n     crossorigin=\"anonymous\"><\/script>\n<div id=\"cd-article-content\" itemprop=\"articleBody\">\n<p class=\"wp-block-paragraph\">Sem mencionar o despacho de Alexandre de <a href=\"https:\/\/claudiodantas.com.br\/tag\/alexandre-moraes\/\" data-type=\"post_tag\" data-id=\"13501\">Moraes <\/a>que deu origem aos questionamentos contra Andr\u00e9 Mendon\u00e7a, o presidente do <a href=\"https:\/\/portal.stf.jus.br\/\" target=\"_blank\" rel=\"noopener\">STF<\/a>, Edson Fachin, determinou que Moraes, Andr\u00e9 Mendon\u00e7a, o procurador-geral da Rep\u00fablica, Paulo Gonet, e o diretor-geral da Pol\u00edcia Federal, Andrei Rodrigues, prestem esclarecimentos sobre pontos levantados pela PGR no caso Banco Master. As respostas dever\u00e3o ser apresentadas por escrito em at\u00e9 cinco dias \u00fateis.<\/p>\n<p><a href=\"https:\/\/whatsapp.com\/channel\/0029VaTFkH2HVvTbkE883x1x\" target=\"_blank\" class=\"whatsapp-channel-message\" rel=\"noopener\">\u2705 Siga o canal do Claudio Dantas no WhatsApp<\/a><\/p>\n<p class=\"wp-block-paragraph\">A decis\u00e3o do presidente do STF trata da necessidade de esclarecer \u201ceventuais v\u00edcios de forma\u201d apontados pela PGR e determina a coleta de informa\u00e7\u00f5es antes de uma eventual an\u00e1lise pelo Plen\u00e1rio.<\/p>\n<p class=\"wp-block-paragraph\">Pelo contexto da decis\u00e3o tudo indica que Fachin n\u00e3o chegou a apreciar o despacho de Moraes que pretende acusar Mendon\u00e7a dos crimes de ter cometido irregularidades na condu\u00e7\u00e3o das investiga\u00e7\u00f5es envolvendo a Opera\u00e7\u00e3o Sem Desconto, que apura fraudes no INSS, e a Opera\u00e7\u00e3o Compliance Zero, relacionada ao Banco Master. Entre as acusa\u00e7\u00f5es est\u00e3o usurpa\u00e7\u00e3o da dire\u00e7\u00e3o das investiga\u00e7\u00f5es policiais, condu\u00e7\u00e3o irregular de tratativas de colabora\u00e7\u00e3o premiada e direcionamento de alvos por raz\u00f5es pessoais e pol\u00edticas.<\/p>\n<p class=\"wp-block-paragraph\">Entre os pontos levantados est\u00e3o o cumprimento da LOMAN pela Pol\u00edcia Federal em investiga\u00e7\u00f5es envolvendo autoridades com foro no Supremo, eventual uso de credenciais institucionais para acessar documento particular e poss\u00edvel revela\u00e7\u00e3o de informa\u00e7\u00f5es submetidas a sigilo judicial a pessoa investigada.<\/p>\n<p class=\"wp-block-paragraph\">O procedimento envolve a PET 16.662, que re\u00fane elementos da investiga\u00e7\u00e3o sobre a rela\u00e7\u00e3o de Moraes com o banqueiro Daniel Vorcaro. O material inclui mensagens atribu\u00eddas a Vorcaro e documentos relacionados ao Banco Master. Fachin determinou a juntada integral dos autos ao novo procedimento.<\/p>\n<h2 class=\"wp-block-heading\">O que tem no relat\u00f3rio da PF<\/h2>\n<p class=\"wp-block-paragraph\">O procedimento tem rela\u00e7\u00e3o com o relat\u00f3rio da PF produzido a partir de dados extra\u00eddos do celular de Daniel Vorcaro. O material trouxe mensagens e documentos relacionados \u00e0 rela\u00e7\u00e3o do banqueiro com Moraes e com o escrit\u00f3rio de Viviane Barci de Moraes, mulher do ministro.<\/p>\n<p class=\"wp-block-paragraph\">Entre os elementos divulgados est\u00e1 um contrato de aproximadamente R$ 131 milh\u00f5es entre o Banco Master e o escrit\u00f3rio. A PF tamb\u00e9m identificou, em vers\u00f5es do documento, um registro de edi\u00e7\u00e3o associado ao usu\u00e1rio \u201cMinistro Alexandre de Moraes\u201d. O escrit\u00f3rio afirma que Moraes foi consultado para verificar eventual impedimento jur\u00eddico e nega irregularidades.<\/p>\n<p class=\"wp-block-paragraph\">As mensagens atribu\u00eddas a Vorcaro tamb\u00e9m mostram o banqueiro procurando Moraes durante o avan\u00e7o das investiga\u00e7\u00f5es e tratando de poss\u00edveis medidas da PF e da PGR. O material divulgado, por\u00e9m, n\u00e3o comprova que Moraes tenha atendido aos pedidos feitos pelo banqueiro.<\/p>\n<\/div>\n<p><script>!function(f,b,e,v,n,t,s){if(f.fbq)return;n=f.fbq=function(){n.callMethod?n.callMethod.apply(n,arguments):n.queue.push(arguments)};if(!f._fbq)f._fbq=n;n.push=n;n.loaded=!0;n.version='2.0';n.queue=[];t=b.createElement(e);t.async=!0;t.src=v;s=b.getElementsByTagName(e)[0];s.parentNode.insertBefore(t,s)}(window,document,'script','https:\/\/connect.facebook.net\/en_US\/fbevents.js');fbq('init','1423865622537930');fbq('track','PageView');<\/script><br \/>\n<br \/><br \/>\n<br \/><a href=\"https:\/\/claudiodantas.com.br\/fachin-esclarecimentos-moraes-gonet-master\/\">Source link <\/a><\/p>","protected":false},"excerpt":{"rendered":"<p>Sem mencionar o despacho de Alexandre de Moraes que deu origem aos questionamentos contra Andr\u00e9 Mendon\u00e7a, o presidente do STF, Edson Fachin, determinou que Moraes, Andr\u00e9 Mendon\u00e7a, o procurador-geral da&hellip;<\/p>","protected":false},"author":1,"featured_media":138819,"comment_status":"closed","ping_status":"open","sticky":false,"template":"","format":"standard","meta":{"content-type":"","footnotes":""},"categories":[16],"tags":[],"class_list":["post-142081","post","type-post","status-publish","format-standard","has-post-thumbnail","hentry","category-noticias"],"_links":{"self":[{"href":"https:\/\/tvbrazilusa.com\/pt\/wp-json\/wp\/v2\/posts\/142081","targetHints":{"allow":["GET"]}}],"collection":[{"href":"https:\/\/tvbrazilusa.com\/pt\/wp-json\/wp\/v2\/posts"}],"about":[{"href":"https:\/\/tvbrazilusa.com\/pt\/wp-json\/wp\/v2\/types\/post"}],"author":[{"embeddable":true,"href":"https:\/\/tvbrazilusa.com\/pt\/wp-json\/wp\/v2\/users\/1"}],"replies":[{"embeddable":true,"href":"https:\/\/tvbrazilusa.com\/pt\/wp-json\/wp\/v2\/comments?post=142081"}],"version-history":[{"count":1,"href":"https:\/\/tvbrazilusa.com\/pt\/wp-json\/wp\/v2\/posts\/142081\/revisions"}],"predecessor-version":[{"id":142082,"href":"https:\/\/tvbrazilusa.com\/pt\/wp-json\/wp\/v2\/posts\/142081\/revisions\/142082"}],"wp:featuredmedia":[{"embeddable":true,"href":"https:\/\/tvbrazilusa.com\/pt\/wp-json\/wp\/v2\/media\/138819"}],"wp:attachment":[{"href":"https:\/\/tvbrazilusa.com\/pt\/wp-json\/wp\/v2\/media?parent=142081"}],"wp:term":[{"taxonomy":"category","embeddable":true,"href":"https:\/\/tvbrazilusa.com\/pt\/wp-json\/wp\/v2\/categories?post=142081"},{"taxonomy":"post_tag","embeddable":true,"href":"https:\/\/tvbrazilusa.com\/pt\/wp-json\/wp\/v2\/tags?post=142081"}],"curies":[{"name":"wp","href":"https:\/\/api.w.org\/{rel}","templated":true}]}}