{"id":142083,"date":"2026-09-04T00:50:07","date_gmt":"2026-09-04T00:50:07","guid":{"rendered":"https:\/\/tvbrazilusa.com\/2026\/09\/04\/fachin-manda-incluir-nota-de-moraes-sobre-vorcaro-em-apuracao\/"},"modified":"2026-09-04T00:54:44","modified_gmt":"2026-09-04T00:54:44","slug":"fachin-manda-incluir-nota-de-moraes-sobre-vorcaro-em-apuracao","status":"publish","type":"post","link":"https:\/\/tvbrazilusa.com\/pt\/2026\/09\/04\/fachin-manda-incluir-nota-de-moraes-sobre-vorcaro-em-apuracao\/","title":{"rendered":"Fachin manda incluir nota de Moraes sobre Vorcaro em apura\u00e7\u00e3o"},"content":{"rendered":"<p> <script async src=\"https:\/\/pagead2.googlesyndication.com\/pagead\/js\/adsbygoogle.js?client=ca-pub-8864793242727901\"\r\n     crossorigin=\"anonymous\"><\/script><br \/>\n<\/p>\n<div id=\"cd-article-content\" itemprop=\"articleBody\">\n<p class=\"wp-block-paragraph\">O presidente do STF, Edson Fachin, determinou a inclus\u00e3o, em uma <a href=\"https:\/\/portal.stf.jus.br\/processos\/detalhe.asp?incidente=7681133\" target=\"_blank\" rel=\"noopener\">peti\u00e7\u00e3o<\/a>, de uma nota oficial na qual Alexandre de Moraes negou ter recebido mensagens do banqueiro Daniel Vorcaro no dia da pris\u00e3o dele. A medida faz parte da apura\u00e7\u00e3o aberta por Fachin sobre a atua\u00e7\u00e3o do ministro Andr\u00e9 Mendon\u00e7a no caso Master.<\/p>\n<p><a href=\"https:\/\/whatsapp.com\/channel\/0029VaTFkH2HVvTbkE883x1x\" target=\"_blank\" class=\"whatsapp-channel-message\" rel=\"noopener\">\u2705 Siga o canal do Claudio Dantas no WhatsApp<\/a><\/p>\n<p class=\"wp-block-paragraph\">A determina\u00e7\u00e3o ocorre no momento em que Moraes e Mendon\u00e7a trocam acusa\u00e7\u00f5es sobre a condu\u00e7\u00e3o das investiga\u00e7\u00f5es. Fachin deu prazo de cinco dias \u00fateis para que os dois ministros, o procurador-geral da Rep\u00fablica, Paulo <a href=\"https:\/\/claudiodantas.com.br\/tag\/gonet\/\" data-type=\"post_tag\" data-id=\"2233\">Gonet<\/a>, e o diretor-geral da Pol\u00edcia Federal, Andrei Rodrigues, apresentem manifesta\u00e7\u00f5es sobre o caso.<\/p>\n<p class=\"wp-block-paragraph\">A nota de Moraes foi divulgada pela Secretaria de Comunica\u00e7\u00e3o Social do STF em 6 de mar\u00e7o, a pedido do gabinete do ministro. Fachin determinou que o documento passe a integrar oficialmente a peti\u00e7\u00e3o.<\/p>\n<blockquote class=\"wp-block-quote is-layout-flow wp-block-quote-is-layout-flow\">\n<p class=\"wp-block-paragraph\"><strong>\u201cJuntem-se a esta PET: [\u2026] b. A Nota divulgada pela Secretaria de Comunica\u00e7\u00e3o Social por solicita\u00e7\u00e3o do gabinete do Ministro Alexandre de Moraes em 06.03.2026\u201d, determinou Fachin.<\/strong><\/p>\n<\/blockquote>\n<p class=\"wp-block-paragraph\">Na manifesta\u00e7\u00e3o divulgada em mar\u00e7o, Moraes negou que tivesse recebido mensagens de Vorcaro no dia da pris\u00e3o do banqueiro. Na ocasi\u00e3o, classificou a informa\u00e7\u00e3o como uma \u201cila\u00e7\u00e3o mentirosa\u201d contra o STF. Posteriormente, a exist\u00eancia das mensagens apareceu nos elementos reunidos pela Pol\u00edcia Federal.<\/p>\n<figure class=\"wp-block-image size-large\"><\/figure>\n<h2 class=\"wp-block-heading\">Fachin cobra esclarecimentos<\/h2>\n<p class=\"wp-block-paragraph\">A decis\u00e3o de Fachin tamb\u00e9m determina esclarecimentos sobre a atua\u00e7\u00e3o de Mendon\u00e7a. Entre os pontos, o presidente do STF quer saber se houve investiga\u00e7\u00e3o irregular de pessoas com foro por prerrogativa de fun\u00e7\u00e3o e se credenciais de acesso institucional foram usadas para consultar documento de car\u00e1ter particular.<\/p>\n<p class=\"wp-block-paragraph\">Fachin tamb\u00e9m questiona se informa\u00e7\u00f5es submetidas a sigilo judicial chegaram a uma pessoa investigada. Outro ponto envolve as circunst\u00e2ncias do despacho de Mendon\u00e7a que determinou a apresenta\u00e7\u00e3o da identifica\u00e7\u00e3o de pessoas com prerrogativa de foro.<\/p>\n<p class=\"wp-block-paragraph\">O presidente do STF ainda pediu informa\u00e7\u00f5es sobre eventuais medidas adotadas pela PGR, no exerc\u00edcio do controle externo da atividade policial, para assegurar o cumprimento da Lei Org\u00e2nica da Magistratura Nacional (Loman).<\/p>\n<p class=\"wp-block-paragraph\">Segundo Fachin, cabe \u00e0 Presid\u00eancia do Supremo garantir que eventual an\u00e1lise pelo colegiado ocorra com respeito ao devido processo legal, \u00e0 ampla defesa e ao contradit\u00f3rio.<\/p>\n<blockquote class=\"wp-block-quote is-layout-flow wp-block-quote-is-layout-flow\">\n<p class=\"wp-block-paragraph\"><strong>\u201czelar para que a poss\u00edvel aprecia\u00e7\u00e3o colegiada seja feita, a tempo e modo, com o elevado senso de responsabilidade que os fatos reclamam, sempre assegurando o respeito \u00e0s garantias constitucionais do devido processo legal, da ampla defesa e do contradit\u00f3rio\u201d.<\/strong><\/p>\n<\/blockquote>\n<h2 class=\"wp-block-heading\">PGR questiona decis\u00e3o de Mendon\u00e7a<\/h2>\n<p class=\"wp-block-paragraph\">A manifesta\u00e7\u00e3o de Fachin ocorreu ap\u00f3s parecer de Paulo Gonet, que pediu a nulidade da decis\u00e3o de Mendon\u00e7a sobre as conversas entre Moraes e Vorcaro.<\/p>\n<p class=\"wp-block-paragraph\">Para o PGR, a apura\u00e7\u00e3o determinada por Mendon\u00e7a alcan\u00e7ou pessoas com foro por prerrogativa de fun\u00e7\u00e3o. Segundo Gonet, ministros do STF s\u00f3 podem ser investigados com autoriza\u00e7\u00e3o do Plen\u00e1rio da Corte.<\/p>\n<blockquote class=\"wp-block-quote is-layout-flow wp-block-quote-is-layout-flow\">\n<p class=\"wp-block-paragraph\"><strong>\u201cSabia que entre elas estava o ministro Alexandre de Moraes. N\u00e3o poderia deixar de o saber. O ato que determinou a investiga\u00e7\u00e3o pela Pol\u00edcia Federal data de 24 de agosto de 2026. H\u00e1 muito que o relator estava com todas as pe\u00e7as que quis fossem detalhadas por escrito\u201d, disse Gonet.<\/strong><\/p>\n<\/blockquote>\n<p class=\"wp-block-paragraph\">Gonet afirmou que Mendon\u00e7a j\u00e1 tinha conhecimento de que o nome de Moraes aparecia nos documentos quando determinou o aprofundamento das dilig\u00eancias.<\/p>\n<h2 class=\"wp-block-heading\">Mendon\u00e7a pede an\u00e1lise do Plen\u00e1rio<\/h2>\n<p class=\"wp-block-paragraph\">Mendon\u00e7a, por sua vez, pediu que o Plen\u00e1rio do STF analise os novos elementos reunidos pela Pol\u00edcia Federal no caso Master. O material inclui informa\u00e7\u00f5es sobre mensagens trocadas entre Moraes e Vorcaro.<\/p>\n<p class=\"wp-block-paragraph\">A PF tamb\u00e9m apontou, segundo a decis\u00e3o de Mendon\u00e7a, a exist\u00eancia de uma estrutura de monitoramento e influ\u00eancia ligada ao banqueiro, com informa\u00e7\u00f5es obtidas por meio de vazamentos de dados sigilosos do Banco Central e do Judici\u00e1rio.<\/p>\n<blockquote class=\"wp-block-quote is-layout-flow wp-block-quote-is-layout-flow\">\n<p class=\"wp-block-paragraph\"><strong>\u201cDiante do teor das informa\u00e7\u00f5es apresentadas pela autoridade policial, independentemente de qual venha a ser a manifesta\u00e7\u00e3o exarada pela douta Procuradoria-Geral da Rep\u00fablica, o caminho inevit\u00e1vel dos presentes autos leva ao Plen\u00e1rio deste STF, inst\u00e2ncia soberana para analisar, de modo t\u00e9cnico e estritamente jur\u00eddico, os novos elementos trazidos pela autoridade policial\u201d, disse Mendon\u00e7a em decis\u00e3o desta ter\u00e7a-feira (1\u00ba\/9).<\/strong><\/p>\n<\/blockquote>\n<p class=\"wp-block-paragraph\">O ministro tamb\u00e9m defendeu que o caso seja analisado de forma p\u00fablica e transparente pelo colegiado, em sess\u00e3o presencial. A defini\u00e7\u00e3o da data cabe a Fachin, na condi\u00e7\u00e3o de presidente do STF.<\/p>\n<\/div>\n<p><script>!function(f,b,e,v,n,t,s){if(f.fbq)return;n=f.fbq=function(){n.callMethod?n.callMethod.apply(n,arguments):n.queue.push(arguments)};if(!f._fbq)f._fbq=n;n.push=n;n.loaded=!0;n.version='2.0';n.queue=[];t=b.createElement(e);t.async=!0;t.src=v;s=b.getElementsByTagName(e)[0];s.parentNode.insertBefore(t,s)}(window,document,'script','https:\/\/connect.facebook.net\/en_US\/fbevents.js');fbq('init','1423865622537930');fbq('track','PageView');<\/script><br \/>\n<br \/><br \/>\n<br \/><a href=\"https:\/\/claudiodantas.com.br\/fachin-manda-incluir-nota-de-moraes-sobre-vorcaro-em-apuracao\/\">Source link <\/a><\/p>","protected":false},"excerpt":{"rendered":"<p>O presidente do STF, Edson Fachin, determinou a inclus\u00e3o, em uma peti\u00e7\u00e3o, de uma nota oficial na qual Alexandre de Moraes negou ter recebido mensagens do banqueiro Daniel Vorcaro no&hellip;<\/p>","protected":false},"author":1,"featured_media":142084,"comment_status":"closed","ping_status":"open","sticky":false,"template":"","format":"standard","meta":{"content-type":"","footnotes":""},"categories":[16],"tags":[],"class_list":["post-142083","post","type-post","status-publish","format-standard","has-post-thumbnail","hentry","category-noticias"],"_links":{"self":[{"href":"https:\/\/tvbrazilusa.com\/pt\/wp-json\/wp\/v2\/posts\/142083","targetHints":{"allow":["GET"]}}],"collection":[{"href":"https:\/\/tvbrazilusa.com\/pt\/wp-json\/wp\/v2\/posts"}],"about":[{"href":"https:\/\/tvbrazilusa.com\/pt\/wp-json\/wp\/v2\/types\/post"}],"author":[{"embeddable":true,"href":"https:\/\/tvbrazilusa.com\/pt\/wp-json\/wp\/v2\/users\/1"}],"replies":[{"embeddable":true,"href":"https:\/\/tvbrazilusa.com\/pt\/wp-json\/wp\/v2\/comments?post=142083"}],"version-history":[{"count":1,"href":"https:\/\/tvbrazilusa.com\/pt\/wp-json\/wp\/v2\/posts\/142083\/revisions"}],"predecessor-version":[{"id":142085,"href":"https:\/\/tvbrazilusa.com\/pt\/wp-json\/wp\/v2\/posts\/142083\/revisions\/142085"}],"wp:featuredmedia":[{"embeddable":true,"href":"https:\/\/tvbrazilusa.com\/pt\/wp-json\/wp\/v2\/media\/142084"}],"wp:attachment":[{"href":"https:\/\/tvbrazilusa.com\/pt\/wp-json\/wp\/v2\/media?parent=142083"}],"wp:term":[{"taxonomy":"category","embeddable":true,"href":"https:\/\/tvbrazilusa.com\/pt\/wp-json\/wp\/v2\/categories?post=142083"},{"taxonomy":"post_tag","embeddable":true,"href":"https:\/\/tvbrazilusa.com\/pt\/wp-json\/wp\/v2\/tags?post=142083"}],"curies":[{"name":"wp","href":"https:\/\/api.w.org\/{rel}","templated":true}]}}