{"id":142088,"date":"2026-09-04T00:08:53","date_gmt":"2026-09-04T00:08:53","guid":{"rendered":"https:\/\/tvbrazilusa.com\/2026\/09\/04\/fachin-cobra-esclarecimentos-de-moraes-mendonca-gonet-e-andrei\/"},"modified":"2026-09-04T01:46:40","modified_gmt":"2026-09-04T01:46:40","slug":"fachin-cobra-esclarecimentos-de-moraes-mendonca-gonet-e-andrei","status":"publish","type":"post","link":"https:\/\/tvbrazilusa.com\/pt\/2026\/09\/04\/fachin-cobra-esclarecimentos-de-moraes-mendonca-gonet-e-andrei\/","title":{"rendered":"Fachin cobra esclarecimentos de Moraes, Mendon\u00e7a, Gonet e Andrei"},"content":{"rendered":"<script async src=\"https:\/\/pagead2.googlesyndication.com\/pagead\/js\/adsbygoogle.js?client=ca-pub-8864793242727901\"\r\n     crossorigin=\"anonymous\"><\/script>\n<div id=\"cd-article-content\" itemprop=\"articleBody\">\n<p class=\"wp-block-paragraph\">Sem mencionar o despacho de Alexandre de <a href=\"https:\/\/claudiodantas.com.br\/tag\/alexandre-moraes\/\" data-type=\"post_tag\" data-id=\"13501\">Moraes <\/a>contra Andr\u00e9 Mendon\u00e7a, o presidente do <a href=\"https:\/\/portal.stf.jus.br\/\" target=\"_blank\" rel=\"noopener\">STF<\/a>, Edson Fachin, determinou que Moraes; o colega Andr\u00e9 Mendon\u00e7a; al\u00e9m do procurador-geral da Rep\u00fablica, Paulo Gonet, e do diretor-geral da Pol\u00edcia Federal, Andrei Rodrigues, prestem esclarecimentos sobre pontos levantados pela PGR no caso Banco Master. <\/p>\n<p><a href=\"https:\/\/whatsapp.com\/channel\/0029VaTFkH2HVvTbkE883x1x\" target=\"_blank\" class=\"whatsapp-channel-message\" rel=\"noopener\">\u2705 Siga o canal do Claudio Dantas no WhatsApp<\/a><\/p>\n<p class=\"wp-block-paragraph\">As respostas dever\u00e3o ser apresentadas por escrito em at\u00e9 cinco dias \u00fateis.<\/p>\n<p class=\"wp-block-paragraph\">A decis\u00e3o do presidente do STF trata da necessidade de esclarecer \u201ceventuais v\u00edcios de forma\u201d apontados pela PGR e determina a coleta de informa\u00e7\u00f5es antes de uma eventual an\u00e1lise pelo Plen\u00e1rio.<\/p>\n<p class=\"wp-block-paragraph\">Pelo contexto da decis\u00e3o, Fachin n\u00e3o chegou a apreciar o despacho de Moraes que acusa <a href=\"https:\/\/claudiodantas.com.br\/tag\/mendonca-2\/\" data-type=\"post_tag\" data-id=\"15280\">Mendon\u00e7a <\/a>de crimes na condu\u00e7\u00e3o das investiga\u00e7\u00f5es envolvendo a Opera\u00e7\u00e3o Sem Desconto e Compliance Zero. <\/p>\n<p class=\"wp-block-paragraph\">Moraes usou um relat\u00f3rio de intelig\u00eancia da Pol\u00edcia Federal sobre atos de Andr\u00e9 Mendon\u00e7a para acus\u00e1-lo de usurpa\u00e7\u00e3o da dire\u00e7\u00e3o das investiga\u00e7\u00f5es policiais, condu\u00e7\u00e3o irregular de tratativas de colabora\u00e7\u00e3o premiada e direcionamento de alvos por raz\u00f5es pessoais e pol\u00edticas.<\/p>\n<p class=\"wp-block-paragraph\"><strong><a href=\"https:\/\/claudiodantas.com.br\/moraes-acusa-mendonca-de-assumir-funcao-de-investigador\/\">Ocorre que a pr\u00f3pria elabora\u00e7\u00e3o do relat\u00f3rio, que inclui a colheita de depoimentos de <\/a><\/strong>servidores da PF e do MP que trabalham com Mendon\u00e7a nas investiga\u00e7\u00f5es, constitui ato de investiga\u00e7\u00e3o ilegal por parte de Andrei Rodrigues e nunca poderia ser usado por Moraes.<\/p>\n<p class=\"wp-block-paragraph\">O pedido de Moraes est\u00e1 sendo visto como uma tentativa desesperada de retalia\u00e7\u00e3o. <\/p>\n<p class=\"wp-block-paragraph\">Fachin, por outro lado, quer promover uma esp\u00e9cie de acarea\u00e7\u00e3o entre todos os envolvidos, para decidir se leva ou n\u00e3o a plen\u00e1rio o pedido de Mendon\u00e7a para uma investiga\u00e7\u00e3o contra Moraes. <\/p>\n<p class=\"wp-block-paragraph\">No pedido de investiga\u00e7\u00e3o, Mendon\u00e7a relacionou 52 mensagens de Vorcaro para Moraes que apontam para os crimes de corrup\u00e7\u00e3o e advocacia administrativa, com o ministro atuando em benef\u00edcio de um investigado, fornecendo informa\u00e7\u00f5es privilegiadas e tentando blindar o banqueiro, em troca de contratos multimilion\u00e1rios com o escrit\u00f3rio de sua esposa, cotas de um jatinho e de um helic\u00f3ptero, al\u00e9m de cart\u00f5es de cr\u00e9dito com limite de 300 mil para os filhos. Tudo bancado pelo Master.<\/p>\n<\/div>\n<p><script>!function(f,b,e,v,n,t,s){if(f.fbq)return;n=f.fbq=function(){n.callMethod?n.callMethod.apply(n,arguments):n.queue.push(arguments)};if(!f._fbq)f._fbq=n;n.push=n;n.loaded=!0;n.version='2.0';n.queue=[];t=b.createElement(e);t.async=!0;t.src=v;s=b.getElementsByTagName(e)[0];s.parentNode.insertBefore(t,s)}(window,document,'script','https:\/\/connect.facebook.net\/en_US\/fbevents.js');fbq('init','1423865622537930');fbq('track','PageView');<\/script><br \/>\n<br \/><br \/>\n<br \/><a href=\"https:\/\/claudiodantas.com.br\/fachin-cobra-esclarecimentos-de-moraes-mendonca-gonet-e-andrei\/\">Source link <\/a><\/p>","protected":false},"excerpt":{"rendered":"<p>Sem mencionar o despacho de Alexandre de Moraes contra Andr\u00e9 Mendon\u00e7a, o presidente do STF, Edson Fachin, determinou que Moraes; o colega Andr\u00e9 Mendon\u00e7a; al\u00e9m do procurador-geral da Rep\u00fablica, Paulo&hellip;<\/p>","protected":false},"author":1,"featured_media":138819,"comment_status":"closed","ping_status":"open","sticky":false,"template":"","format":"standard","meta":{"content-type":"","footnotes":""},"categories":[16],"tags":[],"class_list":["post-142088","post","type-post","status-publish","format-standard","has-post-thumbnail","hentry","category-noticias"],"_links":{"self":[{"href":"https:\/\/tvbrazilusa.com\/pt\/wp-json\/wp\/v2\/posts\/142088","targetHints":{"allow":["GET"]}}],"collection":[{"href":"https:\/\/tvbrazilusa.com\/pt\/wp-json\/wp\/v2\/posts"}],"about":[{"href":"https:\/\/tvbrazilusa.com\/pt\/wp-json\/wp\/v2\/types\/post"}],"author":[{"embeddable":true,"href":"https:\/\/tvbrazilusa.com\/pt\/wp-json\/wp\/v2\/users\/1"}],"replies":[{"embeddable":true,"href":"https:\/\/tvbrazilusa.com\/pt\/wp-json\/wp\/v2\/comments?post=142088"}],"version-history":[{"count":1,"href":"https:\/\/tvbrazilusa.com\/pt\/wp-json\/wp\/v2\/posts\/142088\/revisions"}],"predecessor-version":[{"id":142089,"href":"https:\/\/tvbrazilusa.com\/pt\/wp-json\/wp\/v2\/posts\/142088\/revisions\/142089"}],"wp:featuredmedia":[{"embeddable":true,"href":"https:\/\/tvbrazilusa.com\/pt\/wp-json\/wp\/v2\/media\/138819"}],"wp:attachment":[{"href":"https:\/\/tvbrazilusa.com\/pt\/wp-json\/wp\/v2\/media?parent=142088"}],"wp:term":[{"taxonomy":"category","embeddable":true,"href":"https:\/\/tvbrazilusa.com\/pt\/wp-json\/wp\/v2\/categories?post=142088"},{"taxonomy":"post_tag","embeddable":true,"href":"https:\/\/tvbrazilusa.com\/pt\/wp-json\/wp\/v2\/tags?post=142088"}],"curies":[{"name":"wp","href":"https:\/\/api.w.org\/{rel}","templated":true}]}}