{"id":142107,"date":"2026-09-04T10:20:46","date_gmt":"2026-09-04T10:20:46","guid":{"rendered":"https:\/\/tvbrazilusa.com\/2026\/09\/04\/oposicao-afirma-que-moraes-quis-retaliar-mendonca\/"},"modified":"2026-09-04T10:27:37","modified_gmt":"2026-09-04T10:27:37","slug":"oposicao-afirma-que-moraes-quis-retaliar-mendonca","status":"publish","type":"post","link":"https:\/\/tvbrazilusa.com\/pt\/2026\/09\/04\/oposicao-afirma-que-moraes-quis-retaliar-mendonca\/","title":{"rendered":"Oposi\u00e7\u00e3o afirma que Moraes quis retaliar Mendon\u00e7a"},"content":{"rendered":"<script async src=\"https:\/\/pagead2.googlesyndication.com\/pagead\/js\/adsbygoogle.js?client=ca-pub-8864793242727901\"\r\n     crossorigin=\"anonymous\"><\/script>\n<div id=\"cd-article-content\" itemprop=\"articleBody\">\n<p class=\"wp-block-paragraph\">Ap\u00f3s o ministro Alexandre de Moraes, do <a href=\"https:\/\/portal.stf.jus.br\/\" target=\"_blank\" rel=\"noopener\">Supremo Tribunal Federal (STF)<\/a>, acusar Andr\u00e9 Mendon\u00e7a de poss\u00edveis crimes e pedir ao presidente da Corte, Edson Fachin, a abertura de a\u00e7\u00e3o contra o colega, parlamentares da oposi\u00e7\u00e3o reagiram e apontaram poss\u00edvel retalia\u00e7\u00e3o.<\/p>\n<p><a href=\"https:\/\/whatsapp.com\/channel\/0029VaTFkH2HVvTbkE883x1x\" target=\"_blank\" class=\"whatsapp-channel-message\" rel=\"noopener\">\u2705 Siga o canal do Claudio Dantas no WhatsApp<\/a><\/p>\n<p class=\"wp-block-paragraph\">A rea\u00e7\u00e3o ocorre dois dias depois de Mendon\u00e7a retirar o sigilo de um relat\u00f3rio da Pol\u00edcia Federal com mensagens e registros de contatos entre Moraes e o banqueiro Daniel <a href=\"https:\/\/claudiodantas.com.br\/tag\/vorcaro\/\" data-type=\"post_tag\" data-id=\"13532\">Vorcaro<\/a>, do Banco Master.<\/p>\n<p class=\"wp-block-paragraph\">O l\u00edder da oposi\u00e7\u00e3o no Senado, Rog\u00e9rio Marinho (PL-RN), classificou a decis\u00e3o como uma \u201cinvers\u00e3o de valores\u201d e acusou Moraes de transformar o inqu\u00e9rito das Fake News em instrumento de poder pessoal. \u201cAgora, recorre ao mesmo inqu\u00e9rito para avan\u00e7ar contra Andr\u00e9 <a href=\"https:\/\/claudiodantas.com.br\/tag\/andre-mendonca\/\" data-type=\"post_tag\" data-id=\"4316\">Mendon\u00e7a <\/a>justamente quando o ministro conduz apura\u00e7\u00f5es que alcan\u00e7am fatos graves envolvendo o pr\u00f3prio Moraes\u201d, diz o parlamentar.<\/p>\n<figure class=\"wp-block-embed is-type-rich is-provider-twitter wp-block-embed-twitter\">\n<div class=\"wp-block-embed__wrapper\">\n<blockquote class=\"twitter-tweet\" data-width=\"500\" data-dnt=\"true\">\n<p lang=\"pt\" dir=\"ltr\">NOTA<\/p>\n<p>Alexandre de Moraes transforma mais uma vez o Inqu\u00e9rito 4.781, aberto h\u00e1 sete anos e de limites cada vez mais el\u00e1sticos, em instrumento de poder pessoal. Agora, recorre ao mesmo inqu\u00e9rito para avan\u00e7ar contra Andr\u00e9 Mendon\u00e7a justamente quando o ministro conduz apura\u00e7\u00f5es que\u2026<\/p>\n<p>\u2014 Rog\u00e9rio Marinho\ud83c\udde7\ud83c\uddf7 (@rogeriosmarinho) <a href=\"https:\/\/x.com\/rogeriosmarinho\/status\/2095666019775983717?ref_src=twsrc%5Etfw\">September 4, 2026<\/a><\/p><\/blockquote>\n<\/div>\n<\/figure>\n<p class=\"wp-block-paragraph\">Moraes baseou sua decis\u00e3o em relat\u00f3rios de intelig\u00eancia da PF que apontam suspeitas sobre a atua\u00e7\u00e3o de Mendon\u00e7a nas opera\u00e7\u00f5es Sem Desconto, sobre fraudes no INSS, e Compliance Zero, relacionada ao Banco Master. O ministro cita poss\u00edveis interfer\u00eancias na condu\u00e7\u00e3o das investiga\u00e7\u00f5es, participa\u00e7\u00e3o irregular em tratativas de dela\u00e7\u00e3o premiada e direcionamento de alvos por \u201cmotivos pessoais e pol\u00edticos\u201d.<\/p>\n<p class=\"wp-block-paragraph\">Entre os nomes mencionados nos relat\u00f3rios est\u00e3o o pr\u00f3prio Moraes e o presidente do Senado, Davi <a href=\"https:\/\/claudiodantas.com.br\/tag\/alcolumbre\/\" data-type=\"post_tag\" data-id=\"1350\">Alcolumbre <\/a>(Uni\u00e3o-AP).<\/p>\n<h3 class=\"wp-block-heading\">Press\u00e3o por impeachment<\/h3>\n<p class=\"wp-block-paragraph\">Na C\u00e2mara, o l\u00edder da oposi\u00e7\u00e3o, Cabo Gilberto Silva (PL-PB), pediu a Alcolumbre que coloque em vota\u00e7\u00e3o os pedidos de impeachment contra ministros do STF.<\/p>\n<p class=\"wp-block-paragraph\">\u201cAo ministro, cabe responder publicamente ou renunciar\u201d.<\/p>\n<figure class=\"wp-block-embed is-type-rich is-provider-twitter wp-block-embed-twitter\"\/>\n<p class=\"wp-block-paragraph\">O senador Carlos Viana (PSD-MG) afirmou ter acionado Fachin para preservar documentos e registros que possam esclarecer a suspeita de retalia\u00e7\u00e3o contra Mendon\u00e7a.<\/p>\n<p class=\"wp-block-paragraph\">\u201cEstou pedindo preserva\u00e7\u00e3o de documentos, logs, registros de acesso e comunica\u00e7\u00f5es para esclarecer essa poss\u00edvel retalia\u00e7\u00e3o\u201d.<\/p>\n<p class=\"wp-block-paragraph\">\u201cSe houve uso do cargo para constranger ou retaliar um ministro pelo exerc\u00edcio de suas fun\u00e7\u00f5es, \u00c9 GRAV\u00cdSSIMO\u201d, afirma Viana.<\/p>\n<p class=\"wp-block-paragraph\">O parlamentar tamb\u00e9m criticou a atua\u00e7\u00e3o de Alcolumbre na condu\u00e7\u00e3o da crise e cobrou uma resposta do presidente do Senado sobre os pedidos de impeachment contra ministros do Supremo.<\/p>\n<p class=\"wp-block-paragraph\">\u201cSe n\u00e3o consegue reunir a Casa, enfrentar os fatos e exercer as compet\u00eancias do Senado, saia da Presid\u00eancia.\u201d<\/p>\n<p class=\"wp-block-paragraph\">O deputado Gustavo Gayer (PL-GO), l\u00edder do bloco da Minoria na C\u00e2mara, informou que encaminhou a Mendon\u00e7a um of\u00edcio com pedido de \u201cpris\u00e3o preventiva e o afastamento cautelar\u201d de Alexandre de Moraes.<\/p>\n<h3 class=\"wp-block-heading\">Cr\u00edticas ao inqu\u00e9rito das Fake News<\/h3>\n<p class=\"wp-block-paragraph\">O deputado Marcel van Hattem (Novo-RS) tamb\u00e9m criticou a decis\u00e3o. O parlamentar afirmou que Moraes teria usado o inqu\u00e9rito das Fake News para investigar um ministro que, segundo ele, havia levado ao Supremo informa\u00e7\u00f5es que atingiam o pr\u00f3prio Moraes.<\/p>\n<p class=\"wp-block-paragraph\">\u201cAlexandre de Moraes investigou ilegalmente Andr\u00e9 Mendon\u00e7a\u201d, acusa Van Hattem.<\/p>\n<figure class=\"wp-block-embed is-type-rich is-provider-twitter wp-block-embed-twitter\">\n<div class=\"wp-block-embed__wrapper\">\n<blockquote class=\"twitter-tweet\" data-width=\"500\" data-dnt=\"true\">\n<p lang=\"pt\" dir=\"ltr\">Para forjar uma acusa\u00e7\u00e3o de que Andr\u00e9 Mendon\u00e7a investigou ilegalmente Alexandre de Moraes, Alexandre de Moraes investigou ilegalmente Andr\u00e9 Mendon\u00e7a.<\/p>\n<p>\u2014 Marcel van Hattem (@marcelvanhattem) <a href=\"https:\/\/x.com\/marcelvanhattem\/status\/2095677286070591721?ref_src=twsrc%5Etfw\">September 4, 2026<\/a><\/p><\/blockquote>\n<\/div>\n<\/figure>\n<p class=\"wp-block-paragraph\">J\u00e1 o senador Alessandro Vieira (MDB-SE) questionou o uso do mesmo inqu\u00e9rito para a acusa\u00e7\u00e3o contra Mendon\u00e7a.<\/p>\n<p class=\"wp-block-paragraph\">\u201cPoderia ser uma confiss\u00e3o, mas \u00e9 o ministro Moraes usando o intermin\u00e1vel inqu\u00e9rito das fake news para acusar um colega que pediu investiga\u00e7\u00e3o do pr\u00f3prio ministro Moraes no caso Master\u201d, escreveu o senador.<\/p>\n<p class=\"wp-block-paragraph\">O parlamentar afirmou que pretende usar, no Senado, \u201ctodos os instrumentos poss\u00edveis\u201d para pressionar pela apura\u00e7\u00e3o do caso.<\/p>\n<p class=\"wp-block-paragraph\">O deputado Nikolas Ferreira (PL-MG) defendeu uma rea\u00e7\u00e3o direta de Mendon\u00e7a durante uma sess\u00e3o do Supremo.<\/p>\n<p class=\"wp-block-paragraph\">\u201cMendon\u00e7a tem que dar voz de pris\u00e3o ao Moraes em plen\u00e1rio\u201d, escreveu.<\/p>\n<\/div>\n<p><script>!function(f,b,e,v,n,t,s){if(f.fbq)return;n=f.fbq=function(){n.callMethod?n.callMethod.apply(n,arguments):n.queue.push(arguments)};if(!f._fbq)f._fbq=n;n.push=n;n.loaded=!0;n.version='2.0';n.queue=[];t=b.createElement(e);t.async=!0;t.src=v;s=b.getElementsByTagName(e)[0];s.parentNode.insertBefore(t,s)}(window,document,'script','https:\/\/connect.facebook.net\/en_US\/fbevents.js');fbq('init','1423865622537930');fbq('track','PageView');<\/script><br \/>\n<br \/><br \/>\n<br \/><a href=\"https:\/\/claudiodantas.com.br\/oposicao-moraes-retaliacao-contra-mendonca\/\">Source link <\/a><\/p>","protected":false},"excerpt":{"rendered":"<p>Ap\u00f3s o ministro Alexandre de Moraes, do Supremo Tribunal Federal (STF), acusar Andr\u00e9 Mendon\u00e7a de poss\u00edveis crimes e pedir ao presidente da Corte, Edson Fachin, a abertura de a\u00e7\u00e3o contra&hellip;<\/p>","protected":false},"author":1,"featured_media":142108,"comment_status":"closed","ping_status":"open","sticky":false,"template":"","format":"standard","meta":{"content-type":"","footnotes":""},"categories":[16],"tags":[],"class_list":["post-142107","post","type-post","status-publish","format-standard","has-post-thumbnail","hentry","category-noticias"],"_links":{"self":[{"href":"https:\/\/tvbrazilusa.com\/pt\/wp-json\/wp\/v2\/posts\/142107","targetHints":{"allow":["GET"]}}],"collection":[{"href":"https:\/\/tvbrazilusa.com\/pt\/wp-json\/wp\/v2\/posts"}],"about":[{"href":"https:\/\/tvbrazilusa.com\/pt\/wp-json\/wp\/v2\/types\/post"}],"author":[{"embeddable":true,"href":"https:\/\/tvbrazilusa.com\/pt\/wp-json\/wp\/v2\/users\/1"}],"replies":[{"embeddable":true,"href":"https:\/\/tvbrazilusa.com\/pt\/wp-json\/wp\/v2\/comments?post=142107"}],"version-history":[{"count":1,"href":"https:\/\/tvbrazilusa.com\/pt\/wp-json\/wp\/v2\/posts\/142107\/revisions"}],"predecessor-version":[{"id":142109,"href":"https:\/\/tvbrazilusa.com\/pt\/wp-json\/wp\/v2\/posts\/142107\/revisions\/142109"}],"wp:featuredmedia":[{"embeddable":true,"href":"https:\/\/tvbrazilusa.com\/pt\/wp-json\/wp\/v2\/media\/142108"}],"wp:attachment":[{"href":"https:\/\/tvbrazilusa.com\/pt\/wp-json\/wp\/v2\/media?parent=142107"}],"wp:term":[{"taxonomy":"category","embeddable":true,"href":"https:\/\/tvbrazilusa.com\/pt\/wp-json\/wp\/v2\/categories?post=142107"},{"taxonomy":"post_tag","embeddable":true,"href":"https:\/\/tvbrazilusa.com\/pt\/wp-json\/wp\/v2\/tags?post=142107"}],"curies":[{"name":"wp","href":"https:\/\/api.w.org\/{rel}","templated":true}]}}