{"id":142110,"date":"2026-09-04T10:48:00","date_gmt":"2026-09-04T10:48:00","guid":{"rendered":"https:\/\/tvbrazilusa.com\/2026\/09\/04\/lula-se-une-a-moraes-para-tentar-tirar-lulinha-das-maos-de-mendonca\/"},"modified":"2026-09-04T11:05:47","modified_gmt":"2026-09-04T11:05:47","slug":"lula-se-une-a-moraes-para-tentar-tirar-lulinha-das-maos-de-mendonca","status":"publish","type":"post","link":"https:\/\/tvbrazilusa.com\/pt\/2026\/09\/04\/lula-se-une-a-moraes-para-tentar-tirar-lulinha-das-maos-de-mendonca\/","title":{"rendered":"Lula se une a Moraes para tentar tirar Lulinha das m\u00e3os de Mendon\u00e7a"},"content":{"rendered":"<script async src=\"https:\/\/pagead2.googlesyndication.com\/pagead\/js\/adsbygoogle.js?client=ca-pub-8864793242727901\"\r\n     crossorigin=\"anonymous\"><\/script>\n<div id=\"cd-article-content\" itemprop=\"articleBody\">\n<p class=\"wp-block-paragraph\">O presidente <strong><a href=\"https:\/\/pt.wikipedia.org\/wiki\/Luiz_In%C3%A1cio_Lula_da_Silva\" target=\"_blank\" rel=\"noopener\">Lula (PT)<\/a><\/strong> gravou um v\u00eddeo para se manifestar pela 1\u00aa vez sobre a crise no <strong><a href=\"https:\/\/portal.stf.jus.br\/\" target=\"_blank\" rel=\"noopener\">STF<\/a><\/strong>, provocada pela revela\u00e7\u00e3o das mensagens trocadas entre <strong><a href=\"https:\/\/claudiodantas.com.br\/tag\/daniel-vorcaro\/\">Daniel Vorcaro<\/a><\/strong> e <strong><a href=\"https:\/\/claudiodantas.com.br\/tag\/alexandre-de-moraes\/\">Alexandre de Moraes<\/a><\/strong>. O petista defendeu que Edson Fachin, presidente da Corte, e Paulo Gonet, PGR tamb\u00e9m citado nas mensagens, garantam \u201cintegridade\u201d \u00e0s investiga\u00e7\u00f5es.<\/p>\n<p><a href=\"https:\/\/whatsapp.com\/channel\/0029VaTFkH2HVvTbkE883x1x\" target=\"_blank\" class=\"whatsapp-channel-message\" rel=\"noopener\">\u2705 Siga o canal do Claudio Dantas no WhatsApp<\/a><\/p>\n<p class=\"wp-block-paragraph\">A declara\u00e7\u00e3o do petista foi feita minutos antes de Moraes encaminhar a Fachin um pedido de investiga\u00e7\u00e3o contra Mendon\u00e7a, no \u00e2mbito do inqu\u00e9rito das fake news, acusando-o ilegalmente de diversos crimes sem fundamenta\u00e7\u00e3o e utilizando um \u201crelat\u00f3rio de intelig\u00eancia\u201d clandestino da Pol\u00edcia Federal (PF), ap\u00f3crifo e claramente produzido por IA.<\/p>\n<p class=\"wp-block-paragraph\">\u201cNossa democracia n\u00e3o pode ficar ref\u00e9m de vazamentos seletivos\u201d, diz o petista na grava\u00e7\u00e3o. \u201cDiante da gravidade do momento, o povo brasileiro espera que o presidente da Suprema Corte e a Procuradoria-Geral da Rep\u00fablica liderem um processo que garanta a integridade e a confian\u00e7a nas investiga\u00e7\u00f5es\u201d, defendeu o petista, em tentativa de descredibilizar Mendon\u00e7a ao levantar sua suspei\u00e7\u00e3o e tentar atingir os casos de Lulinha, sob relatoria do ministro.<\/p>\n<p class=\"wp-block-paragraph\">\u201cAcredito que s\u00f3 agindo com firmeza e transpar\u00eancia vamos garantir que as institui\u00e7\u00f5es sejam respeitadas pela sociedade brasileira\u201d, continuou. \u201c\u00c9 chegada a hora que as pessoas que atuam na vida p\u00fablica honrem seu dever de of\u00edcio e coloquem o compromisso p\u00fablico acima de qualquer interesse individual\u201d, declarou.<\/p>\n<p class=\"wp-block-paragraph\">O petista ainda atribuiu ao pr\u00f3prio governo o m\u00e9rito pelas investiga\u00e7\u00f5es do \u201cmaior roubo da hist\u00f3ria\u201d do Brasil: \u201cO banqueiro, l\u00edder do esquema, tem rela\u00e7\u00f5es com muita gente poderosa. E foi no meu governo que ele foi preso e seu banco fechado\u201d.<\/p>\n<p class=\"wp-block-paragraph\">Lula finalizou dizendo que a democracia brasileira \u201cprecisa de institui\u00e7\u00f5es fortes e respeitadas\u201d e que est\u00e1 claro que \u201cnossos sistemas pol\u00edtico e judici\u00e1rio precisam de reformas profundas\u201d: \u201c\u00c9 fundamental que se investigue todo mundo, sem blindagem de ningu\u00e9m, doa a quem doer. O povo brasileiro tem o direito de saber a verdade\u201d.<\/p>\n<figure class=\"wp-block-embed is-provider-twitter wp-block-embed-twitter\">\n<div class=\"wp-block-embed__wrapper\">\n<blockquote class=\"twitter-tweet\" data-width=\"500\" data-dnt=\"true\">\n<p lang=\"pt\" dir=\"ltr\">O esc\u00e2ndalo do Banco Master \u00e9 o maior roubo da hist\u00f3ria do Brasil. Roubaram milh\u00f5es de pessoas de muitos estados e munic\u00edpios.<\/p>\n<p>O banqueiro, l\u00edder do esquema, tem rela\u00e7\u00f5es com muita gente poderosa. E foi no meu governo que ele foi preso e seu banco fechado.<\/p>\n<p>H\u00e1 suspeita de\u2026 <a href=\"https:\/\/t.co\/hKS5Q5HJks\">pic.twitter.com\/hKS5Q5HJks<\/a><\/p>\n<p>\u2014 Lula (@LulaOficial) <a href=\"https:\/\/x.com\/LulaOficial\/status\/2095657573277917537?ref_src=twsrc%5Etfw\">September 3, 2026<\/a><\/p><\/blockquote>\n<\/div>\n<\/figure>\n<\/div>\n<p><script async src=\"\/\/platform.twitter.com\/widgets.js\" charset=\"utf-8\"><\/script><script>!function(f,b,e,v,n,t,s){if(f.fbq)return;n=f.fbq=function(){n.callMethod?n.callMethod.apply(n,arguments):n.queue.push(arguments)};if(!f._fbq)f._fbq=n;n.push=n;n.loaded=!0;n.version='2.0';n.queue=[];t=b.createElement(e);t.async=!0;t.src=v;s=b.getElementsByTagName(e)[0];s.parentNode.insertBefore(t,s)}(window,document,'script','https:\/\/connect.facebook.net\/en_US\/fbevents.js');fbq('init','1423865622537930');fbq('track','PageView');<\/script><br \/>\n<br \/><br \/>\n<br \/><a href=\"https:\/\/claudiodantas.com.br\/lula-une-moraes-tirar-lulinha-maos-mendonca\/\">Source link <\/a><\/p>","protected":false},"excerpt":{"rendered":"<p>O presidente Lula (PT) gravou um v\u00eddeo para se manifestar pela 1\u00aa vez sobre a crise no STF, provocada pela revela\u00e7\u00e3o das mensagens trocadas entre Daniel Vorcaro e Alexandre de&hellip;<\/p>","protected":false},"author":1,"featured_media":142111,"comment_status":"closed","ping_status":"open","sticky":false,"template":"","format":"standard","meta":{"content-type":"","footnotes":""},"categories":[16],"tags":[],"class_list":["post-142110","post","type-post","status-publish","format-standard","has-post-thumbnail","hentry","category-noticias"],"_links":{"self":[{"href":"https:\/\/tvbrazilusa.com\/pt\/wp-json\/wp\/v2\/posts\/142110","targetHints":{"allow":["GET"]}}],"collection":[{"href":"https:\/\/tvbrazilusa.com\/pt\/wp-json\/wp\/v2\/posts"}],"about":[{"href":"https:\/\/tvbrazilusa.com\/pt\/wp-json\/wp\/v2\/types\/post"}],"author":[{"embeddable":true,"href":"https:\/\/tvbrazilusa.com\/pt\/wp-json\/wp\/v2\/users\/1"}],"replies":[{"embeddable":true,"href":"https:\/\/tvbrazilusa.com\/pt\/wp-json\/wp\/v2\/comments?post=142110"}],"version-history":[{"count":1,"href":"https:\/\/tvbrazilusa.com\/pt\/wp-json\/wp\/v2\/posts\/142110\/revisions"}],"predecessor-version":[{"id":142112,"href":"https:\/\/tvbrazilusa.com\/pt\/wp-json\/wp\/v2\/posts\/142110\/revisions\/142112"}],"wp:featuredmedia":[{"embeddable":true,"href":"https:\/\/tvbrazilusa.com\/pt\/wp-json\/wp\/v2\/media\/142111"}],"wp:attachment":[{"href":"https:\/\/tvbrazilusa.com\/pt\/wp-json\/wp\/v2\/media?parent=142110"}],"wp:term":[{"taxonomy":"category","embeddable":true,"href":"https:\/\/tvbrazilusa.com\/pt\/wp-json\/wp\/v2\/categories?post=142110"},{"taxonomy":"post_tag","embeddable":true,"href":"https:\/\/tvbrazilusa.com\/pt\/wp-json\/wp\/v2\/tags?post=142110"}],"curies":[{"name":"wp","href":"https:\/\/api.w.org\/{rel}","templated":true}]}}