{"id":142116,"date":"2026-09-04T11:49:00","date_gmt":"2026-09-04T11:49:00","guid":{"rendered":"https:\/\/tvbrazilusa.com\/2026\/09\/04\/moraes-e-alcolumbre-se-reuniram-por-3-horas-antes-de-ofensiva-contra-mendonca\/"},"modified":"2026-09-04T11:56:40","modified_gmt":"2026-09-04T11:56:40","slug":"moraes-e-alcolumbre-se-reuniram-por-3-horas-antes-de-ofensiva-contra-mendonca","status":"publish","type":"post","link":"https:\/\/tvbrazilusa.com\/pt\/2026\/09\/04\/moraes-e-alcolumbre-se-reuniram-por-3-horas-antes-de-ofensiva-contra-mendonca\/","title":{"rendered":"Moraes e Alcolumbre se reuniram por 3 horas antes de ofensiva contra Mendon\u00e7a"},"content":{"rendered":"<script async src=\"https:\/\/pagead2.googlesyndication.com\/pagead\/js\/adsbygoogle.js?client=ca-pub-8864793242727901\"\r\n     crossorigin=\"anonymous\"><\/script>\n<div id=\"cd-article-content\" itemprop=\"articleBody\">\n<p class=\"wp-block-paragraph\">O ministro do Supremo Tribunal Federal (STF) <strong><a href=\"https:\/\/claudiodantas.com.br\/tag\/alexandre-de-moraes\/\" data-type=\"post_tag\" data-id=\"29\">Alexandre de Moraes<\/a><\/strong> passou tr\u00eas horas reunido com o presidente do Senado, <strong><a href=\"https:\/\/x.com\/davialcolumbre\">Davi Alcolumbre<\/a><\/strong>, em sua casa, no Lago Sul, em Bras\u00edlia, na \u00faltima quarta-feira (02). A informa\u00e7\u00e3o \u00e9 do jornal O Globo. O encontro ocorreu antes da ofensiva do magistrado contra o tamb\u00e9m ministro <strong><a href=\"https:\/\/claudiodantas.com.br\/tag\/andre-mendonca\/\" data-type=\"post_tag\" data-id=\"4316\">Andr\u00e9 Mendon\u00e7a<\/a><\/strong>.<\/p>\n<p><a href=\"https:\/\/whatsapp.com\/channel\/0029VaTFkH2HVvTbkE883x1x\" target=\"_blank\" class=\"whatsapp-channel-message\" rel=\"noopener\">\u2705 Siga o canal do Claudio Dantas no WhatsApp<\/a><\/p>\n<p class=\"wp-block-paragraph\">A reuni\u00e3o ocorreu em meio \u00e0 crise no Supremo provocada pelo pedido apresentado por Mendon\u00e7a ao presidente da Corte, Edson Fachin, para que o plen\u00e1rio avaliasse a abertura de uma investiga\u00e7\u00e3o contra Moraes por causa de suas rela\u00e7\u00f5es, nada republicanas, com Daniel Vorcaro, dono do Banco Master.<\/p>\n<p class=\"wp-block-paragraph\">Coincidentemente, Alcolumbre aparece nos \u201crelat\u00f3rios de intelig\u00eancia\u201d clandestinos da Pol\u00edcia Federal (PF) usados por Moraes em sua decis\u00e3o como um dos \u201cprov\u00e1veis alvos\u201d de direcionamento das investiga\u00e7\u00f5es por Mendon\u00e7a.<\/p>\n<p class=\"wp-block-paragraph\">Os documentos s\u00e3o ap\u00f3crifos, n\u00e3o apresentam provas e alertam que \u201cqualquer uso externo\u201d de seu conte\u00fado seria prematuro. Ainda assim, serviram de base para Moraes pedir uma investiga\u00e7\u00e3o contra Mendon\u00e7a e inseri-lo no inqu\u00e9rito das fake news, sob a alega\u00e7\u00e3o de direcionamento de investiga\u00e7\u00f5es, entre outros crimes atribu\u00eddos ao colega.<\/p>\n<p class=\"wp-block-paragraph\">Ontem (03), no plen\u00e1rio do Senado, Alcolumbre discursou reclamando de \u201cofensas\u201d e \u201cagress\u00f5es\u201d por n\u00e3o pautar o impeachment de Moraes, acusou colegas de explorarem o caso Master para ganhar votos nas elei\u00e7\u00f5es e afirmou que falta aos advers\u00e1rios apresentar propostas para o pa\u00eds.<\/p>\n<p class=\"wp-block-paragraph\">J\u00e1 na quarta (02), dia do encontro com Moraes, ao ser cobrado pelo avan\u00e7o dos pedidos de impeachment, Alcolumbre respondeu citando o financiamento da cinebiografia de <em>Dark Horse<\/em> com recursos de Vorcaro: \u201cEu vou voltar para a pauta porque, sen\u00e3o, terei que responder muitas agress\u00f5es que, como presidente do Senado, estou recebendo nos \u00faltimos dias. Apenas um coment\u00e1rio, no momento adequado eu vou falar: todo mundo esqueceu que pediram R$ 130 milh\u00f5es para a mesma pessoa para fazer um filme. E agora o culpado s\u00f3 \u00e9 o ministro Alexandre de Moraes\u201d.<\/p>\n<\/div>\n<p><script>!function(f,b,e,v,n,t,s){if(f.fbq)return;n=f.fbq=function(){n.callMethod?n.callMethod.apply(n,arguments):n.queue.push(arguments)};if(!f._fbq)f._fbq=n;n.push=n;n.loaded=!0;n.version='2.0';n.queue=[];t=b.createElement(e);t.async=!0;t.src=v;s=b.getElementsByTagName(e)[0];s.parentNode.insertBefore(t,s)}(window,document,'script','https:\/\/connect.facebook.net\/en_US\/fbevents.js');fbq('init','1423865622537930');fbq('track','PageView');<\/script><br \/>\n<br \/><br \/>\n<br \/><a href=\"https:\/\/claudiodantas.com.br\/moraes-3-horas-alcolumbre-ofensiva-mendonca\/\">Source link <\/a><\/p>","protected":false},"excerpt":{"rendered":"<p>O ministro do Supremo Tribunal Federal (STF) Alexandre de Moraes passou tr\u00eas horas reunido com o presidente do Senado, Davi Alcolumbre, em sua casa, no Lago Sul, em Bras\u00edlia, na&hellip;<\/p>","protected":false},"author":1,"featured_media":142117,"comment_status":"closed","ping_status":"open","sticky":false,"template":"","format":"standard","meta":{"content-type":"","footnotes":""},"categories":[16],"tags":[],"class_list":["post-142116","post","type-post","status-publish","format-standard","has-post-thumbnail","hentry","category-noticias"],"_links":{"self":[{"href":"https:\/\/tvbrazilusa.com\/pt\/wp-json\/wp\/v2\/posts\/142116","targetHints":{"allow":["GET"]}}],"collection":[{"href":"https:\/\/tvbrazilusa.com\/pt\/wp-json\/wp\/v2\/posts"}],"about":[{"href":"https:\/\/tvbrazilusa.com\/pt\/wp-json\/wp\/v2\/types\/post"}],"author":[{"embeddable":true,"href":"https:\/\/tvbrazilusa.com\/pt\/wp-json\/wp\/v2\/users\/1"}],"replies":[{"embeddable":true,"href":"https:\/\/tvbrazilusa.com\/pt\/wp-json\/wp\/v2\/comments?post=142116"}],"version-history":[{"count":1,"href":"https:\/\/tvbrazilusa.com\/pt\/wp-json\/wp\/v2\/posts\/142116\/revisions"}],"predecessor-version":[{"id":142118,"href":"https:\/\/tvbrazilusa.com\/pt\/wp-json\/wp\/v2\/posts\/142116\/revisions\/142118"}],"wp:featuredmedia":[{"embeddable":true,"href":"https:\/\/tvbrazilusa.com\/pt\/wp-json\/wp\/v2\/media\/142117"}],"wp:attachment":[{"href":"https:\/\/tvbrazilusa.com\/pt\/wp-json\/wp\/v2\/media?parent=142116"}],"wp:term":[{"taxonomy":"category","embeddable":true,"href":"https:\/\/tvbrazilusa.com\/pt\/wp-json\/wp\/v2\/categories?post=142116"},{"taxonomy":"post_tag","embeddable":true,"href":"https:\/\/tvbrazilusa.com\/pt\/wp-json\/wp\/v2\/tags?post=142116"}],"curies":[{"name":"wp","href":"https:\/\/api.w.org\/{rel}","templated":true}]}}