{"id":142119,"date":"2026-09-04T12:06:55","date_gmt":"2026-09-04T12:06:55","guid":{"rendered":"https:\/\/tvbrazilusa.com\/2026\/09\/04\/ministros-suspeitam-de-monitoramento-ilegal-de-mendonca\/"},"modified":"2026-09-04T12:08:43","modified_gmt":"2026-09-04T12:08:43","slug":"ministros-suspeitam-de-monitoramento-ilegal-de-mendonca","status":"publish","type":"post","link":"https:\/\/tvbrazilusa.com\/pt\/2026\/09\/04\/ministros-suspeitam-de-monitoramento-ilegal-de-mendonca\/","title":{"rendered":"Ministros suspeitam de monitoramento ilegal de Mendon\u00e7a"},"content":{"rendered":"<p> <script async src=\"https:\/\/pagead2.googlesyndication.com\/pagead\/js\/adsbygoogle.js?client=ca-pub-8864793242727901\"\r\n     crossorigin=\"anonymous\"><\/script><br \/>\n<\/p>\n<div id=\"cd-article-content\" itemprop=\"articleBody\">\n<p class=\"wp-block-paragraph\">O relat\u00f3rio ap\u00f3crifo usado por Alexandre de Moraes contra Andr\u00e9 Mendon\u00e7a n\u00e3o \u00e9 um documento oficial de intelig\u00eancia da Pol\u00edcia Federal. N\u00e3o segue qualquer padr\u00e3o conhecido, cont\u00e9m an\u00e1lises que mais parecem elucubra\u00e7\u00f5es pol\u00edticas e est\u00e1 repleto de \u2018digitais\u2019 de servi\u00e7os tradicionais de IA, como Gemini, Claude e ChatGPT. Fontes da comunidade de intelig\u00eancia consultadas por este site apontam para um documento provavelmente produzido de forma clandestina, ou seja, por gente da PF, mas fora da PF.<\/p>\n<p><a href=\"https:\/\/whatsapp.com\/channel\/0029VaTFkH2HVvTbkE883x1x\" target=\"_blank\" class=\"whatsapp-channel-message\" rel=\"noopener\">\u2705 Siga o canal do Claudio Dantas no WhatsApp<\/a><\/p>\n<p class=\"wp-block-paragraph\">Esses ind\u00edcios tornam toda a situa\u00e7\u00e3o de Moraes insustent\u00e1vel. Como registramos ontem \u00e0 noite, o ministro enviou a Edson Fachin um pedido de investiga\u00e7\u00e3o contra Mendon\u00e7a, acusando-o de improbidade administrativa, abuso de poder e crime de responsabilidade. Ele alega interfer\u00eancia na condu\u00e7\u00e3o das investiga\u00e7\u00f5es do INSS e do caso Master, com participa\u00e7\u00e3o em tratativas de colabora\u00e7\u00e3o premiada e direcionamento de medidas contra determinados alvos. A a\u00e7\u00e3o \u00e9 interpretada internamente como ato desesperado para evitar ser investigado por seu relacionamento com Daniel Vorcaro.<\/p>\n<p class=\"wp-block-paragraph\">A ironia est\u00e1 no fato de que Moraes usa uma investiga\u00e7\u00e3o ilegal para acusar Mendon\u00e7a de investig\u00e1-lo ilegalmente. Ao citar o \u201crelat\u00f3rio de intelig\u00eancia\u201d, o ministro n\u00e3o explica quem o elaborou e nem quem o encomendou. Ao ler o documento, percebe-se que a deflagra\u00e7\u00e3o do monitoramento clandestino se deu em raz\u00e3o do afastamento da equipe de Andrei Rodrigues do comando das opera\u00e7\u00f5es Compliance Zero e Sem Desconto, ap\u00f3s suspeita de interfer\u00eancia e vazamentos.<\/p>\n<p class=\"wp-block-paragraph\">Apesar de n\u00e3o ser assinado, o cabe\u00e7alho do relat\u00f3rio faz refer\u00eancia a outros documentos que integrariam a pasta 2026-2-424-0005427-UADIP\/CINQ\/CGRC\/DICOR. DICOR \u00e9 a Diretoria de Investiga\u00e7\u00e3o e Combate ao Crime Organizado e \u00e0 Corrup\u00e7\u00e3o. Ela \u00e9 comandada por Dennis Cali, bra\u00e7o direito de Andrei e apontado como o delegado que teria segurado a investiga\u00e7\u00e3o do INSS contra F\u00e1bio Lu\u00eds Lula da Silva, o Lulinha. Se saiu de l\u00e1, n\u00e3o d\u00e1 para saber. Mas o mesmo documento cita outro delegado, subordinado a Cali.<\/p>\n<p class=\"wp-block-paragraph\">Est\u00e1 logo na segunda p\u00e1gina, num t\u00f3pico que trata das medidas tomadas por Mendon\u00e7a para evitar o vazamento do relat\u00f3rio sobre as mensagens de Vorcaro para Moraes. Menciona que o relator convocou os investigadores para uma reuni\u00e3o presencial em seu gabinete e entregou-lhes exemplar f\u00edsico da decis\u00e3o, sem assinatura. Apenas no dia da entrega do resultado da determina\u00e7\u00e3o feita \u00e0 PF, \u00e9 que foi efetivamente dado acesso \u00e0 via assinada e disponibilizada nos autos eletr\u00f4nicos.<\/p>\n<p class=\"wp-block-paragraph\">\u201cPor seguran\u00e7a, foi tirado print de tela pelo DPF CAJ\u00c9, \u00fanico integrante da equipe com acesso a essa decis\u00e3o, assim como foi feito o download da decis\u00e3o\u201d, diz o relat\u00f3rio. Tudo indica que Caj\u00e9 \u00e9 Wedson Caj\u00e9 Lopes, coordenador de Repress\u00e3o \u00e0 Corrup\u00e7\u00e3o da Coordena\u00e7\u00e3o-Geral de Repress\u00e3o \u00e0 Corrup\u00e7\u00e3o, Crimes Financeiros e Lavagem de Dinheiro, da DICOR. Delegado desde 2014, ele atuou nas investiga\u00e7\u00f5es sobre a suposta interfer\u00eancia de Jair Bolsonaro na PF, nos casos do senador Chico Rodrigues e da governadora Roseana Sarney.<\/p>\n<p class=\"wp-block-paragraph\">A cita\u00e7\u00e3o inadvertida a seu nome, no contexto de reunir provas contra Mendon\u00e7a, sugere um planejamento mais amplo, com o envolvimento de outros funcion\u00e1rios e a exist\u00eancia de uma hierarquia.<\/p>\n<p class=\"wp-block-paragraph\">DI\u00c1LOGOS<\/p>\n<p class=\"wp-block-paragraph\">Chama a aten\u00e7\u00e3o ainda que constem no documento usado por Moraes relatos de declara\u00e7\u00f5es de Andr\u00e9 Mendon\u00e7a em reuni\u00f5es de trabalho reservadas, que s\u00f3 poderiam ser reproduzias por interlocutores do ministro ou por capta\u00e7\u00e3o ambiental. No t\u00f3pico Y.6. por exemplo, diz-se que, em reuni\u00f5es, \u201co relator indagou expressamente sobre o que constava\u201d em rela\u00e7\u00e3o a Moraes na an\u00e1lise dos dados extra\u00eddos do celular de Daniel Vorcaro.<\/p>\n<figure class=\"wp-block-image size-large\"><\/figure>\n<p class=\"wp-block-paragraph\">O mesmo ocorre no t\u00f3pico X.5., com relato de \u201creuni\u00e3o presencial\u201d, ocorrida em 13 de agosto, na qual \u201co relator manifestou percep\u00e7\u00e3o de que ACM Neto, candidato ao governo de Bahia, aparentaria estar exercendo atividade de representa\u00e7\u00e3o de interesses dentro dos limites do permitido\u201d. H\u00e1 outros exemplos semelhantes e a pergunta que se faz \u00e9 como essa informa\u00e7\u00e3o foi parar no documento.<\/p>\n<figure class=\"wp-block-image size-large\"><img fetchpriority=\"high\" decoding=\"async\" width=\"1024\" height=\"748\" src=\"https:\/\/claudiodantas.com.br\/wp-content\/uploads\/2026\/09\/Captura-de-Tela-2026-09-04-as-08.55.18-1024x748.png\" alt=\"\" class=\"wp-image-115634\" srcset=\"https:\/\/claudiodantas.com.br\/wp-content\/uploads\/2026\/09\/Captura-de-Tela-2026-09-04-as-08.55.18-1024x748.png 1024w, https:\/\/claudiodantas.com.br\/wp-content\/uploads\/2026\/09\/Captura-de-Tela-2026-09-04-as-08.55.18-300x219.png 300w, https:\/\/claudiodantas.com.br\/wp-content\/uploads\/2026\/09\/Captura-de-Tela-2026-09-04-as-08.55.18-768x561.png 768w, https:\/\/claudiodantas.com.br\/wp-content\/uploads\/2026\/09\/Captura-de-Tela-2026-09-04-as-08.55.18-1536x1122.png 1536w, https:\/\/claudiodantas.com.br\/wp-content\/uploads\/2026\/09\/Captura-de-Tela-2026-09-04-as-08.55.18-1320x965.png 1320w, https:\/\/claudiodantas.com.br\/wp-content\/uploads\/2026\/09\/Captura-de-Tela-2026-09-04-as-08.55.18.png 1686w\" sizes=\"(max-width: 1024px) 100vw, 1024px\" data-pagespeed-url-hash=\"2170915455\" onload=\"pagespeed.CriticalImages.checkImageForCriticality(this);\"\/><\/figure>\n<p class=\"wp-block-paragraph\">Vale lembrar que, dias atr\u00e1s, a imprensa noticiou um bate boca acalorado entre Mendon\u00e7a e Moraes, depois que o ministro descobriu que o relator da Compliance Zero buscava confirmar se ele era o interlocutor de Daniel Vorcaro em mensagens extra\u00eddas do celular do banqueiro. Ocorre que a apura\u00e7\u00e3o pr\u00e9via era ainda sigilosa, o que levou Mendon\u00e7a a questionar Moraes sobre como havia obtido a informa\u00e7\u00e3o. \u201cTenho minhas fontes. Fui ministro da Justi\u00e7a\u201d, respondeu, acusando-o de direcionar as investiga\u00e7\u00f5es.<\/p>\n<p class=\"wp-block-paragraph\">Seja por informantes infiltrados ou uma eventual escuta ilegal, s\u00e3o cada vez mais fortes os ind\u00edcios de que podemos estar diante de um esc\u00e2ndalo ainda maior envolvendo o monitoramento ilegal de ministros do STF. Caj\u00e9 pode ser o ponto de partida de uma investiga\u00e7\u00e3o interna para se descobrir quem operava essa suposta rede clandestina, seus integrantes e alvos. Se essa rede existe, certamente Mendon\u00e7a n\u00e3o foi o \u00fanico ministro monitorado.<\/p>\n<\/div>\n<p><script>!function(f,b,e,v,n,t,s){if(f.fbq)return;n=f.fbq=function(){n.callMethod?n.callMethod.apply(n,arguments):n.queue.push(arguments)};if(!f._fbq)f._fbq=n;n.push=n;n.loaded=!0;n.version='2.0';n.queue=[];t=b.createElement(e);t.async=!0;t.src=v;s=b.getElementsByTagName(e)[0];s.parentNode.insertBefore(t,s)}(window,document,'script','https:\/\/connect.facebook.net\/en_US\/fbevents.js');fbq('init','1423865622537930');fbq('track','PageView');<\/script><br \/>\n<br \/><br \/>\n<br \/><a href=\"https:\/\/claudiodantas.com.br\/ministros-suspeitam-de-monitoramento-ilegal-de-mendonca\/\">Source link <\/a><\/p>","protected":false},"excerpt":{"rendered":"<p>O relat\u00f3rio ap\u00f3crifo usado por Alexandre de Moraes contra Andr\u00e9 Mendon\u00e7a n\u00e3o \u00e9 um documento oficial de intelig\u00eancia da Pol\u00edcia Federal. N\u00e3o segue qualquer padr\u00e3o conhecido, cont\u00e9m an\u00e1lises que mais&hellip;<\/p>","protected":false},"author":1,"featured_media":142120,"comment_status":"closed","ping_status":"open","sticky":false,"template":"","format":"standard","meta":{"content-type":"","footnotes":""},"categories":[16],"tags":[],"class_list":["post-142119","post","type-post","status-publish","format-standard","has-post-thumbnail","hentry","category-noticias"],"_links":{"self":[{"href":"https:\/\/tvbrazilusa.com\/pt\/wp-json\/wp\/v2\/posts\/142119","targetHints":{"allow":["GET"]}}],"collection":[{"href":"https:\/\/tvbrazilusa.com\/pt\/wp-json\/wp\/v2\/posts"}],"about":[{"href":"https:\/\/tvbrazilusa.com\/pt\/wp-json\/wp\/v2\/types\/post"}],"author":[{"embeddable":true,"href":"https:\/\/tvbrazilusa.com\/pt\/wp-json\/wp\/v2\/users\/1"}],"replies":[{"embeddable":true,"href":"https:\/\/tvbrazilusa.com\/pt\/wp-json\/wp\/v2\/comments?post=142119"}],"version-history":[{"count":1,"href":"https:\/\/tvbrazilusa.com\/pt\/wp-json\/wp\/v2\/posts\/142119\/revisions"}],"predecessor-version":[{"id":142121,"href":"https:\/\/tvbrazilusa.com\/pt\/wp-json\/wp\/v2\/posts\/142119\/revisions\/142121"}],"wp:featuredmedia":[{"embeddable":true,"href":"https:\/\/tvbrazilusa.com\/pt\/wp-json\/wp\/v2\/media\/142120"}],"wp:attachment":[{"href":"https:\/\/tvbrazilusa.com\/pt\/wp-json\/wp\/v2\/media?parent=142119"}],"wp:term":[{"taxonomy":"category","embeddable":true,"href":"https:\/\/tvbrazilusa.com\/pt\/wp-json\/wp\/v2\/categories?post=142119"},{"taxonomy":"post_tag","embeddable":true,"href":"https:\/\/tvbrazilusa.com\/pt\/wp-json\/wp\/v2\/tags?post=142119"}],"curies":[{"name":"wp","href":"https:\/\/api.w.org\/{rel}","templated":true}]}}