{"id":142122,"date":"2026-09-04T12:20:00","date_gmt":"2026-09-04T12:20:00","guid":{"rendered":"https:\/\/tvbrazilusa.com\/2026\/09\/04\/moraes-diz-que-mendonca-queria-afastar-andrei-e-gonet\/"},"modified":"2026-09-04T12:32:34","modified_gmt":"2026-09-04T12:32:34","slug":"moraes-diz-que-mendonca-queria-afastar-andrei-e-gonet","status":"publish","type":"post","link":"https:\/\/tvbrazilusa.com\/pt\/2026\/09\/04\/moraes-diz-que-mendonca-queria-afastar-andrei-e-gonet\/","title":{"rendered":"Moraes diz que Mendon\u00e7a queria afastar Andrei e Gonet"},"content":{"rendered":"<script async src=\"https:\/\/pagead2.googlesyndication.com\/pagead\/js\/adsbygoogle.js?client=ca-pub-8864793242727901\"\r\n     crossorigin=\"anonymous\"><\/script>\n<div id=\"cd-article-content\" itemprop=\"articleBody\">\n<p class=\"wp-block-paragraph\">O ministro do Supremo Tribunal Federal (STF) <strong><a href=\"https:\/\/claudiodantas.com.br\/tag\/alexandre-de-moraes\/\">Alexandre de Moraes<\/a><\/strong> afirmou, com base no \u201crelat\u00f3rio de intelig\u00eancia\u201d clandestino e ap\u00f3crifo da Pol\u00edcia Federal (PF), que <strong><a href=\"https:\/\/claudiodantas.com.br\/tag\/andre-mendonca\/\" data-type=\"post_tag\" data-id=\"4316\">Andr\u00e9 Mendon\u00e7a<\/a><\/strong> teria \u201camea\u00e7ado\u201d afastar das fun\u00e7\u00f5es tanto o diretor-geral da corpora\u00e7\u00e3o, <strong><a href=\"https:\/\/claudiodantas.com.br\/tag\/andrei-rodrigues\/\" data-type=\"post_tag\" data-id=\"829\">Andrei Rodrigues<\/a><\/strong>, quanto o procurador-geral da Rep\u00fablica,<strong><a href=\"https:\/\/pt.wikipedia.org\/wiki\/Paulo_Gonet\" target=\"_blank\" rel=\"noopener\"> Paulo Gonet<\/a><\/strong>.<\/p>\n<p><a href=\"https:\/\/whatsapp.com\/channel\/0029VaTFkH2HVvTbkE883x1x\" target=\"_blank\" class=\"whatsapp-channel-message\" rel=\"noopener\">\u2705 Siga o canal do Claudio Dantas no WhatsApp<\/a><\/p>\n<p class=\"wp-block-paragraph\">Segundo Moraes, Mendon\u00e7a amea\u00e7ou o \u201cafastamento cautelar\u201d de Andrei \u201cdas fun\u00e7\u00f5es\u201d e afastar Gonet \u201camea\u00e7ando transformar o titular da a\u00e7\u00e3o penal em testemunha, uma vez que \u2018a proximidade com o Ministro Gilmar Mendes o tornaria indigno de confian\u00e7a&#8217;\u201d. Essas acusa\u00e7\u00f5es do magistrado foram usadas para pedir uma investiga\u00e7\u00e3o contra o colega no \u00e2mbito do inqu\u00e9rito ilegal das fake news.<\/p>\n<p class=\"wp-block-paragraph\">O ministro afirma, com base no relat\u00f3rio clandestino, que, em reuni\u00f5es com agentes da PF, Mendon\u00e7a <em>\u201cafirmou reiteradamente\u201d<\/em> que Andrei <em>\u201cmant\u00e9m proximidade inadequada com o Presidente da Rep\u00fablica e que, por essa raz\u00e3o, n\u00e3o seria poss\u00edvel confiar nele. At\u00e9 o momento n\u00e3o apontou fato concreto que denote atua\u00e7\u00e3o irregular\u201d. <\/em><\/p>\n<p class=\"wp-block-paragraph\"><em>\u201cNa \u00faltima reuni\u00e3o presencial, afirmou dispor de procedimento instaurado no bojo do qual se avalia eventual determina\u00e7\u00e3o de afastamento do Diretor-Geral\u201d.<\/em><\/p>\n<p class=\"wp-block-paragraph\">J\u00e1 sobre Gonet, Moraes alega que Mendon\u00e7a faz, internamente, uma <em>\u201cimputa\u00e7\u00e3o de id\u00eantica estrutura\u201d<\/em>: <em>\u201ca proximidade com o Ministro Gilmar Mendes o tornaria indigno de confian\u00e7a, com manifesta\u00e7\u00e3o de que provavelmente o arrolar\u00e1, ao menos como testemunha, em processos derivados das opera\u00e7\u00f5es\u201d:<\/em><\/p>\n<p class=\"wp-block-paragraph\"><em>\u201cQuanto ao arrolamento do Procurador-Geral da Rep\u00fablica. O Procurador-Geral da Rep\u00fablica \u00e9 o titular constitucional da a\u00e7\u00e3o penal nos feitos de compet\u00eancia origin\u00e1ria do Supremo Tribunal Federal (art. 129, I, da Constitui\u00e7\u00e3o). Seu arrolamento como testemunha produziria incompatibilidade com o exerc\u00edcio dessa titularidade nos mesmos autos. Independentemente da finalidade, o efeito objetivo seria o deslocamento do titular da acusa\u00e7\u00e3o nos feitos derivados\u2013 consequ\u00eancia estrutural que deve ser registrada\u201d.<\/em><\/p>\n<p class=\"wp-block-paragraph\">O que o ministro e seu relat\u00f3rio clandestino n\u00e3o dizem \u00e9 que tanto Gonet quanto Andrei s\u00e3o citados em mensagens de Daniel Vorcaro, dono do Banco Master, sentindo \u201csaudades\u201d, no caso de Gonet, ou recebendo benef\u00edcios, no caso de Andrei, entre outras coisas.<\/p>\n<figure class=\"wp-block-embed is-type-wp-embed is-provider-claudio-dantas wp-block-embed-claudio-dantas\"\/>\n<\/div>\n<p><script>!function(f,b,e,v,n,t,s){if(f.fbq)return;n=f.fbq=function(){n.callMethod?n.callMethod.apply(n,arguments):n.queue.push(arguments)};if(!f._fbq)f._fbq=n;n.push=n;n.loaded=!0;n.version='2.0';n.queue=[];t=b.createElement(e);t.async=!0;t.src=v;s=b.getElementsByTagName(e)[0];s.parentNode.insertBefore(t,s)}(window,document,'script','https:\/\/connect.facebook.net\/en_US\/fbevents.js');fbq('init','1423865622537930');fbq('track','PageView');<\/script><br \/>\n<br \/><br \/>\n<br \/><a href=\"https:\/\/claudiodantas.com.br\/moraes-mendonca-queria-afastar-andrei-gonet\/\">Source link <\/a><\/p>","protected":false},"excerpt":{"rendered":"<p>O ministro do Supremo Tribunal Federal (STF) Alexandre de Moraes afirmou, com base no \u201crelat\u00f3rio de intelig\u00eancia\u201d clandestino e ap\u00f3crifo da Pol\u00edcia Federal (PF), que Andr\u00e9 Mendon\u00e7a teria \u201camea\u00e7ado\u201d afastar&hellip;<\/p>","protected":false},"author":1,"featured_media":141249,"comment_status":"closed","ping_status":"open","sticky":false,"template":"","format":"standard","meta":{"content-type":"","footnotes":""},"categories":[16],"tags":[],"class_list":["post-142122","post","type-post","status-publish","format-standard","has-post-thumbnail","hentry","category-noticias"],"_links":{"self":[{"href":"https:\/\/tvbrazilusa.com\/pt\/wp-json\/wp\/v2\/posts\/142122","targetHints":{"allow":["GET"]}}],"collection":[{"href":"https:\/\/tvbrazilusa.com\/pt\/wp-json\/wp\/v2\/posts"}],"about":[{"href":"https:\/\/tvbrazilusa.com\/pt\/wp-json\/wp\/v2\/types\/post"}],"author":[{"embeddable":true,"href":"https:\/\/tvbrazilusa.com\/pt\/wp-json\/wp\/v2\/users\/1"}],"replies":[{"embeddable":true,"href":"https:\/\/tvbrazilusa.com\/pt\/wp-json\/wp\/v2\/comments?post=142122"}],"version-history":[{"count":1,"href":"https:\/\/tvbrazilusa.com\/pt\/wp-json\/wp\/v2\/posts\/142122\/revisions"}],"predecessor-version":[{"id":142123,"href":"https:\/\/tvbrazilusa.com\/pt\/wp-json\/wp\/v2\/posts\/142122\/revisions\/142123"}],"wp:featuredmedia":[{"embeddable":true,"href":"https:\/\/tvbrazilusa.com\/pt\/wp-json\/wp\/v2\/media\/141249"}],"wp:attachment":[{"href":"https:\/\/tvbrazilusa.com\/pt\/wp-json\/wp\/v2\/media?parent=142122"}],"wp:term":[{"taxonomy":"category","embeddable":true,"href":"https:\/\/tvbrazilusa.com\/pt\/wp-json\/wp\/v2\/categories?post=142122"},{"taxonomy":"post_tag","embeddable":true,"href":"https:\/\/tvbrazilusa.com\/pt\/wp-json\/wp\/v2\/tags?post=142122"}],"curies":[{"name":"wp","href":"https:\/\/api.w.org\/{rel}","templated":true}]}}