{"id":142124,"date":"2026-09-04T12:47:00","date_gmt":"2026-09-04T12:47:00","guid":{"rendered":"https:\/\/tvbrazilusa.com\/2026\/09\/04\/fachin-tira-pedido-para-investigar-mendonca-do-inquerito-das-fake-news\/"},"modified":"2026-09-04T12:52:37","modified_gmt":"2026-09-04T12:52:37","slug":"fachin-tira-pedido-para-investigar-mendonca-do-inquerito-das-fake-news","status":"publish","type":"post","link":"https:\/\/tvbrazilusa.com\/pt\/2026\/09\/04\/fachin-tira-pedido-para-investigar-mendonca-do-inquerito-das-fake-news\/","title":{"rendered":"Fachin tira pedido para investigar Mendon\u00e7a do inqu\u00e9rito das fake news"},"content":{"rendered":"<script async src=\"https:\/\/pagead2.googlesyndication.com\/pagead\/js\/adsbygoogle.js?client=ca-pub-8864793242727901\"\r\n     crossorigin=\"anonymous\"><\/script>\n<div id=\"cd-article-content\" itemprop=\"articleBody\">\n<p class=\"wp-block-paragraph\">O presidente do Supremo Tribunal Federal (STF), Edson Fachin, retirou h\u00e1 pouco, do \u00e2mbito do inqu\u00e9rito das fake news, o pedido de Alexandre de Moraes para investigar Andr\u00e9 Mendon\u00e7a. Ele determinou que o caso seja inclu\u00eddo no mesmo procedimento aberto por ele para apurar ind\u00edcios encontrados pela Pol\u00edcia Federal (PF) contra Moraes no caso Master.<\/p>\n<p><a href=\"https:\/\/whatsapp.com\/channel\/0029VaTFkH2HVvTbkE883x1x\" target=\"_blank\" class=\"whatsapp-channel-message\" rel=\"noopener\">\u2705 Siga o canal do Claudio Dantas no WhatsApp<\/a><\/p>\n<p class=\"wp-block-paragraph\">A Procuradoria-Geral da Rep\u00fablica (PGR) ter\u00e1 5 dias \u00fateis para se manifestar sobre as acusa\u00e7\u00f5es infundadas de Moraes. Depois, Mendon\u00e7a ter\u00e1 o mesmo prazo para apresentar sua manifesta\u00e7\u00e3o. <\/p>\n<p class=\"wp-block-paragraph\">Segundo Fachin, as medidas buscam complementar informa\u00e7\u00f5es antes de uma decis\u00e3o sobre \u201ca admissibilidade e a regularidade do procedimento\u201d. <\/p>\n<p class=\"wp-block-paragraph\">O presidente do Supremo afirmou ainda que \u201cas provid\u00eancias ora determinadas destinam-se exclusivamente \u00e0 instru\u00e7\u00e3o do feito, sem antecipa\u00e7\u00e3o de ju\u00edzo quanto \u00e0 admissibilidade, \u00e0 regularidade do procedimento ou ao m\u00e9rito das imputa\u00e7\u00f5es\u201d.<\/p>\n<p class=\"wp-block-paragraph\">*Mat\u00e9ria em atualiza\u00e7\u00e3o<\/p>\n<\/div>\n<p><script>!function(f,b,e,v,n,t,s){if(f.fbq)return;n=f.fbq=function(){n.callMethod?n.callMethod.apply(n,arguments):n.queue.push(arguments)};if(!f._fbq)f._fbq=n;n.push=n;n.loaded=!0;n.version='2.0';n.queue=[];t=b.createElement(e);t.async=!0;t.src=v;s=b.getElementsByTagName(e)[0];s.parentNode.insertBefore(t,s)}(window,document,'script','https:\/\/connect.facebook.net\/en_US\/fbevents.js');fbq('init','1423865622537930');fbq('track','PageView');<\/script><br \/>\n<br \/><br \/>\n<br \/><a href=\"https:\/\/claudiodantas.com.br\/alerta-fachin-mendonca-inquerito-fake-news\/\">Source link <\/a><\/p>","protected":false},"excerpt":{"rendered":"<p>O presidente do Supremo Tribunal Federal (STF), Edson Fachin, retirou h\u00e1 pouco, do \u00e2mbito do inqu\u00e9rito das fake news, o pedido de Alexandre de Moraes para investigar Andr\u00e9 Mendon\u00e7a. Ele&hellip;<\/p>","protected":false},"author":1,"featured_media":138819,"comment_status":"closed","ping_status":"open","sticky":false,"template":"","format":"standard","meta":{"content-type":"","footnotes":""},"categories":[16],"tags":[],"class_list":["post-142124","post","type-post","status-publish","format-standard","has-post-thumbnail","hentry","category-noticias"],"_links":{"self":[{"href":"https:\/\/tvbrazilusa.com\/pt\/wp-json\/wp\/v2\/posts\/142124","targetHints":{"allow":["GET"]}}],"collection":[{"href":"https:\/\/tvbrazilusa.com\/pt\/wp-json\/wp\/v2\/posts"}],"about":[{"href":"https:\/\/tvbrazilusa.com\/pt\/wp-json\/wp\/v2\/types\/post"}],"author":[{"embeddable":true,"href":"https:\/\/tvbrazilusa.com\/pt\/wp-json\/wp\/v2\/users\/1"}],"replies":[{"embeddable":true,"href":"https:\/\/tvbrazilusa.com\/pt\/wp-json\/wp\/v2\/comments?post=142124"}],"version-history":[{"count":1,"href":"https:\/\/tvbrazilusa.com\/pt\/wp-json\/wp\/v2\/posts\/142124\/revisions"}],"predecessor-version":[{"id":142125,"href":"https:\/\/tvbrazilusa.com\/pt\/wp-json\/wp\/v2\/posts\/142124\/revisions\/142125"}],"wp:featuredmedia":[{"embeddable":true,"href":"https:\/\/tvbrazilusa.com\/pt\/wp-json\/wp\/v2\/media\/138819"}],"wp:attachment":[{"href":"https:\/\/tvbrazilusa.com\/pt\/wp-json\/wp\/v2\/media?parent=142124"}],"wp:term":[{"taxonomy":"category","embeddable":true,"href":"https:\/\/tvbrazilusa.com\/pt\/wp-json\/wp\/v2\/categories?post=142124"},{"taxonomy":"post_tag","embeddable":true,"href":"https:\/\/tvbrazilusa.com\/pt\/wp-json\/wp\/v2\/tags?post=142124"}],"curies":[{"name":"wp","href":"https:\/\/api.w.org\/{rel}","templated":true}]}}