{"id":142137,"date":"2026-09-04T13:55:35","date_gmt":"2026-09-04T13:55:35","guid":{"rendered":"https:\/\/tvbrazilusa.com\/2026\/09\/04\/lula-avalia-levar-governador-do-rj-ao-stf\/"},"modified":"2026-09-04T13:59:40","modified_gmt":"2026-09-04T13:59:40","slug":"lula-avalia-levar-governador-do-rj-ao-stf","status":"publish","type":"post","link":"https:\/\/tvbrazilusa.com\/pt\/2026\/09\/04\/lula-avalia-levar-governador-do-rj-ao-stf\/","title":{"rendered":"Lula avalia levar governador do RJ ao STF"},"content":{"rendered":"<script async src=\"https:\/\/pagead2.googlesyndication.com\/pagead\/js\/adsbygoogle.js?client=ca-pub-8864793242727901\"\r\n     crossorigin=\"anonymous\"><\/script>\n<div id=\"cd-article-content\" itemprop=\"articleBody\">\n<p class=\"wp-block-paragraph\">O presidente <strong>Lula<\/strong> avalia indicar o governador do Rio de Janeiro, <strong><a href=\"https:\/\/claudiodantas.com.br\/tag\/ricardo-couto\/\" data-type=\"post_tag\" data-id=\"15146\">Ricardo Couto<\/a><\/strong>, para uma vaga no <strong>Supremo Tribunal Federal<\/strong> (<a href=\"https:\/\/portal.stf.jus.br\/\" target=\"_blank\" rel=\"noopener\">STF<\/a>) antes mesmo das elei\u00e7\u00f5es.<\/p>\n<p><a href=\"https:\/\/whatsapp.com\/channel\/0029VaTFkH2HVvTbkE883x1x\" target=\"_blank\" class=\"whatsapp-channel-message\" rel=\"noopener\">\u2705 Siga o canal do Claudio Dantas no WhatsApp<\/a><\/p>\n<p class=\"wp-block-paragraph\">A possibilidade j\u00e1 foi discutida com o presidente e integrantes da campanha \u00e0 reelei\u00e7\u00e3o. A avalia\u00e7\u00e3o \u00e9 que a escolha de Couto poderia produzir efeitos pol\u00edticos e eleitorais para o governo.<\/p>\n<p class=\"wp-block-paragraph\">Um dos objetivos seria afastar <a href=\"https:\/\/claudiodantas.com.br\/tag\/fora-lula\/\" data-type=\"post_tag\" data-id=\"4445\">Lula <\/a>do desgaste provocado pela exposi\u00e7\u00e3o das rela\u00e7\u00f5es entre <strong>Alexandre de Moraes e Daniel Vorcaro<\/strong>. O nome de um governador com perfil t\u00e9cnico e trajet\u00f3ria na magistratura poderia ser apresentado como uma escolha independente para a Corte.<\/p>\n<p class=\"wp-block-paragraph\">Outro efeito esperado \u00e9 refor\u00e7ar o discurso de combate \u00e0 corrup\u00e7\u00e3o. Couto assumiu o governo fluminense ap\u00f3s o afastamento da c\u00fapula do Estado por suspeitas de corrup\u00e7\u00e3o e passou a adotar medidas contra servidores investigados por poss\u00edveis v\u00ednculos com organiza\u00e7\u00f5es criminosas e com a chamada banda podre da pol\u00edtica do Rio.<\/p>\n<p class=\"wp-block-paragraph\">A indica\u00e7\u00e3o tamb\u00e9m poderia ampliar a presen\u00e7a eleitoral de Lula no Estado. O Rio de Janeiro \u00e9 o segundo maior col\u00e9gio eleitoral do pa\u00eds. Pesquisas em poder da campanha petista apontam aprova\u00e7\u00e3o superior a 80% para Couto no Estado.<\/p>\n<p class=\"wp-block-paragraph\">A avalia\u00e7\u00e3o ocorre em um cen\u00e1rio de disputa acirrada entre Lula e Fl\u00e1vio Bolsonaro pela Presid\u00eancia. No Rio, Eduardo Paes (PSD), apoiado pelo presidente, lidera alguns cen\u00e1rios para o governo estadual, enquanto Douglas Ruas (PL) aparece em crescimento nas pesquisas.<\/p>\n<p class=\"wp-block-paragraph\">Couto chegou ao governo por ocupar a presid\u00eancia do Tribunal de Justi\u00e7a do Rio de Janeiro. Ele assumiu o cargo depois que o governador, o vice-governador e o presidente da Assembleia Legislativa perderam os postos por suspeitas de corrup\u00e7\u00e3o.<\/p>\n<p class=\"wp-block-paragraph\">Antes da possibilidade de indica\u00e7\u00e3o ao STF, Couto era cotado para uma vaga no Superior Tribunal de Justi\u00e7a (STJ). A atua\u00e7\u00e3o \u00e0 frente do governo, por\u00e9m, fez seu nome ganhar espa\u00e7o entre integrantes da campanha e ministros pr\u00f3ximos ao presidente.<\/p>\n<p class=\"wp-block-paragraph\">A eventual indica\u00e7\u00e3o teria de ocorrer antes da elei\u00e7\u00e3o e dependeria da aprova\u00e7\u00e3o do Senado, conforme as regras para nomea\u00e7\u00e3o de ministros do STF.<\/p>\n<\/div>\n<p><script>!function(f,b,e,v,n,t,s){if(f.fbq)return;n=f.fbq=function(){n.callMethod?n.callMethod.apply(n,arguments):n.queue.push(arguments)};if(!f._fbq)f._fbq=n;n.push=n;n.loaded=!0;n.version='2.0';n.queue=[];t=b.createElement(e);t.async=!0;t.src=v;s=b.getElementsByTagName(e)[0];s.parentNode.insertBefore(t,s)}(window,document,'script','https:\/\/connect.facebook.net\/en_US\/fbevents.js');fbq('init','1423865622537930');fbq('track','PageView');<\/script><br \/>\n<br \/><br \/>\n<br \/><a href=\"https:\/\/claudiodantas.com.br\/lula-avalia-levar-governador-do-rj-ao-stf\/\">Source link <\/a><\/p>","protected":false},"excerpt":{"rendered":"<p>O presidente Lula avalia indicar o governador do Rio de Janeiro, Ricardo Couto, para uma vaga no Supremo Tribunal Federal (STF) antes mesmo das elei\u00e7\u00f5es. \u2705 Siga o canal do&hellip;<\/p>","protected":false},"author":1,"featured_media":135196,"comment_status":"closed","ping_status":"open","sticky":false,"template":"","format":"standard","meta":{"content-type":"","footnotes":""},"categories":[16],"tags":[],"class_list":["post-142137","post","type-post","status-publish","format-standard","has-post-thumbnail","hentry","category-noticias"],"_links":{"self":[{"href":"https:\/\/tvbrazilusa.com\/pt\/wp-json\/wp\/v2\/posts\/142137","targetHints":{"allow":["GET"]}}],"collection":[{"href":"https:\/\/tvbrazilusa.com\/pt\/wp-json\/wp\/v2\/posts"}],"about":[{"href":"https:\/\/tvbrazilusa.com\/pt\/wp-json\/wp\/v2\/types\/post"}],"author":[{"embeddable":true,"href":"https:\/\/tvbrazilusa.com\/pt\/wp-json\/wp\/v2\/users\/1"}],"replies":[{"embeddable":true,"href":"https:\/\/tvbrazilusa.com\/pt\/wp-json\/wp\/v2\/comments?post=142137"}],"version-history":[{"count":1,"href":"https:\/\/tvbrazilusa.com\/pt\/wp-json\/wp\/v2\/posts\/142137\/revisions"}],"predecessor-version":[{"id":142138,"href":"https:\/\/tvbrazilusa.com\/pt\/wp-json\/wp\/v2\/posts\/142137\/revisions\/142138"}],"wp:featuredmedia":[{"embeddable":true,"href":"https:\/\/tvbrazilusa.com\/pt\/wp-json\/wp\/v2\/media\/135196"}],"wp:attachment":[{"href":"https:\/\/tvbrazilusa.com\/pt\/wp-json\/wp\/v2\/media?parent=142137"}],"wp:term":[{"taxonomy":"category","embeddable":true,"href":"https:\/\/tvbrazilusa.com\/pt\/wp-json\/wp\/v2\/categories?post=142137"},{"taxonomy":"post_tag","embeddable":true,"href":"https:\/\/tvbrazilusa.com\/pt\/wp-json\/wp\/v2\/tags?post=142137"}],"curies":[{"name":"wp","href":"https:\/\/api.w.org\/{rel}","templated":true}]}}