{"id":142139,"date":"2026-09-04T14:00:00","date_gmt":"2026-09-04T14:00:00","guid":{"rendered":"https:\/\/tvbrazilusa.com\/2026\/09\/04\/justica-nao-possui-preferencia-por-candidaturas\/"},"modified":"2026-09-04T14:11:40","modified_gmt":"2026-09-04T14:11:40","slug":"justica-nao-possui-preferencia-por-candidaturas","status":"publish","type":"post","link":"https:\/\/tvbrazilusa.com\/pt\/2026\/09\/04\/justica-nao-possui-preferencia-por-candidaturas\/","title":{"rendered":"&#8216;Justi\u00e7a n\u00e3o possui prefer\u00eancia por candidaturas&#8217;"},"content":{"rendered":"<script async src=\"https:\/\/pagead2.googlesyndication.com\/pagead\/js\/adsbygoogle.js?client=ca-pub-8864793242727901\"\r\n     crossorigin=\"anonymous\"><\/script>\n<div id=\"cd-article-content\" itemprop=\"articleBody\">\n<p class=\"wp-block-paragraph\">O presidente do Tribunal Superior Eleitoral (TSE), <strong><a href=\"https:\/\/claudiodantas.com.br\/tag\/nunes-marques\/\" data-type=\"post_tag\" data-id=\"164\">Nunes Marques<\/a><\/strong>, afirmou nesta manh\u00e3 (04) que a <strong><a href=\"https:\/\/claudiodantas.com.br\/tag\/justica\/\" data-type=\"link\" data-id=\"https:\/\/claudiodantas.com.br\/tag\/justica\/\">Justi\u00e7a<\/a><\/strong> \u201cn\u00e3o interfere na escolha popular e n\u00e3o possui prefer\u00eancia por <strong><a href=\"https:\/\/divulgacandcontas.tse.jus.br\/divulga\/#\/home\" target=\"_blank\" rel=\"noopener\">candidaturas<\/a><\/strong>\u201c. A declara\u00e7\u00e3o ocorreu durante evento da Corte que marcou a conclus\u00e3o da assinatura digital e da lacra\u00e7\u00e3o dos sistemas eleitorais que ser\u00e3o usados nas Elei\u00e7\u00f5es de 2026.<\/p>\n<p><a href=\"https:\/\/whatsapp.com\/channel\/0029VaTFkH2HVvTbkE883x1x\" target=\"_blank\" class=\"whatsapp-channel-message\" rel=\"noopener\">\u2705 Siga o canal do Claudio Dantas no WhatsApp<\/a><\/p>\n<p class=\"wp-block-paragraph\">Tamb\u00e9m participaram do evento o diretor da Pol\u00edcia Federal (PF), Andrei Rodrigues, representantes da OAB, do Minist\u00e9rio P\u00fablico e do pr\u00f3prio TSE.<\/p>\n<p class=\"wp-block-paragraph\">\u201cA Justi\u00e7a n\u00e3o escolhe vencedores, n\u00e3o interfere na escolha popular e n\u00e3o possui prefer\u00eancia por candidaturas. Nossa paix\u00e3o \u00e9 a democracia, nossa miss\u00e3o \u00e9 cumprir a Constitui\u00e7\u00e3o e o nosso dever \u00e9 garantir a vontade soberana do povo brasileiro\u201d, disse Nunes Marques. O ministro acrescentou que \u201cconfian\u00e7a se constr\u00f3i com compromissos coletivos\u201d.<\/p>\n<p class=\"wp-block-paragraph\">Segundo o presidente do Supremo, o procedimento de hoje encerra uma das etapas finais de verifica\u00e7\u00e3o dos programas destinados \u00e0s vota\u00e7\u00f5es do primeiro e do segundo turnos, marcados para 4 e 25 de outubro, respectivamente.<\/p>\n<p class=\"wp-block-paragraph\">Marques afirmou tamb\u00e9m que \u201ca partir da aposi\u00e7\u00e3o das assinaturas digitais, n\u00e3o \u00e9 mais poss\u00edvel efetuar altera\u00e7\u00f5es nos sistemas\u201d. De acordo com o presidente, os mecanismos de seguran\u00e7a garantem \u201ca autenticidade e a integridade das vers\u00f5es ora lacradas\u201d.<\/p>\n<p class=\"wp-block-paragraph\">Ap\u00f3s a assinatura e a lacra\u00e7\u00e3o, qualquer altera\u00e7\u00e3o nos arquivos modifica a \u201cimpress\u00e3o digital\u201d eletr\u00f4nica dos programas e pode ser identificada pelos mecanismos de controle.<\/p>\n<p class=\"wp-block-paragraph\">A declara\u00e7\u00e3o ocorre em meio \u00e0 crise no Supremo ap\u00f3s Andr\u00e9 Mendon\u00e7a revelar um relat\u00f3rio da PF com trocas de mensagens entre Alexandre de Moraes e Daniel Vorcaro, dono do Banco Master. Na sequ\u00eancia, Moraes utilizou o inqu\u00e9rito das fake news para acusar Mendon\u00e7a de crimes e pediu ao presidente da Corte, Edson Fachin, a abertura de um processo contra o colega.<\/p>\n<p class=\"wp-block-paragraph\">Nesta manh\u00e3, Fachin determinou que as apura\u00e7\u00f5es contra Andr\u00e9, solicitadas por Moraes, sejam retiradas do inqu\u00e9rito das fake news e inclu\u00eddas em outro procedimento aberto pelo pr\u00f3prio presidente do Supremo.<\/p>\n<\/div>\n<p><script>!function(f,b,e,v,n,t,s){if(f.fbq)return;n=f.fbq=function(){n.callMethod?n.callMethod.apply(n,arguments):n.queue.push(arguments)};if(!f._fbq)f._fbq=n;n.push=n;n.loaded=!0;n.version='2.0';n.queue=[];t=b.createElement(e);t.async=!0;t.src=v;s=b.getElementsByTagName(e)[0];s.parentNode.insertBefore(t,s)}(window,document,'script','https:\/\/connect.facebook.net\/en_US\/fbevents.js');fbq('init','1423865622537930');fbq('track','PageView');<\/script><br \/>\n<br \/><br \/>\n<br \/><a href=\"https:\/\/claudiodantas.com.br\/nunes-marques-justica-nao-candidaturas\/\">Source link <\/a><\/p>","protected":false},"excerpt":{"rendered":"<p>O presidente do Tribunal Superior Eleitoral (TSE), Nunes Marques, afirmou nesta manh\u00e3 (04) que a Justi\u00e7a \u201cn\u00e3o interfere na escolha popular e n\u00e3o possui prefer\u00eancia por candidaturas\u201c. A declara\u00e7\u00e3o ocorreu&hellip;<\/p>","protected":false},"author":1,"featured_media":142140,"comment_status":"closed","ping_status":"open","sticky":false,"template":"","format":"standard","meta":{"content-type":"","footnotes":""},"categories":[16],"tags":[],"class_list":["post-142139","post","type-post","status-publish","format-standard","has-post-thumbnail","hentry","category-noticias"],"_links":{"self":[{"href":"https:\/\/tvbrazilusa.com\/pt\/wp-json\/wp\/v2\/posts\/142139","targetHints":{"allow":["GET"]}}],"collection":[{"href":"https:\/\/tvbrazilusa.com\/pt\/wp-json\/wp\/v2\/posts"}],"about":[{"href":"https:\/\/tvbrazilusa.com\/pt\/wp-json\/wp\/v2\/types\/post"}],"author":[{"embeddable":true,"href":"https:\/\/tvbrazilusa.com\/pt\/wp-json\/wp\/v2\/users\/1"}],"replies":[{"embeddable":true,"href":"https:\/\/tvbrazilusa.com\/pt\/wp-json\/wp\/v2\/comments?post=142139"}],"version-history":[{"count":1,"href":"https:\/\/tvbrazilusa.com\/pt\/wp-json\/wp\/v2\/posts\/142139\/revisions"}],"predecessor-version":[{"id":142141,"href":"https:\/\/tvbrazilusa.com\/pt\/wp-json\/wp\/v2\/posts\/142139\/revisions\/142141"}],"wp:featuredmedia":[{"embeddable":true,"href":"https:\/\/tvbrazilusa.com\/pt\/wp-json\/wp\/v2\/media\/142140"}],"wp:attachment":[{"href":"https:\/\/tvbrazilusa.com\/pt\/wp-json\/wp\/v2\/media?parent=142139"}],"wp:term":[{"taxonomy":"category","embeddable":true,"href":"https:\/\/tvbrazilusa.com\/pt\/wp-json\/wp\/v2\/categories?post=142139"},{"taxonomy":"post_tag","embeddable":true,"href":"https:\/\/tvbrazilusa.com\/pt\/wp-json\/wp\/v2\/tags?post=142139"}],"curies":[{"name":"wp","href":"https:\/\/api.w.org\/{rel}","templated":true}]}}