{"id":142142,"date":"2026-09-04T14:22:40","date_gmt":"2026-09-04T14:22:40","guid":{"rendered":"https:\/\/tvbrazilusa.com\/2026\/09\/04\/lula-e-alvo-de-quatro-acoes-no-tse-contra-adversarios\/"},"modified":"2026-09-04T14:23:42","modified_gmt":"2026-09-04T14:23:42","slug":"lula-e-alvo-de-quatro-acoes-no-tse-contra-adversarios","status":"publish","type":"post","link":"https:\/\/tvbrazilusa.com\/pt\/2026\/09\/04\/lula-e-alvo-de-quatro-acoes-no-tse-contra-adversarios\/","title":{"rendered":"Lula \u00e9 alvo de quatro a\u00e7\u00f5es no TSE contra advers\u00e1rios"},"content":{"rendered":"<script async src=\"https:\/\/pagead2.googlesyndication.com\/pagead\/js\/adsbygoogle.js?client=ca-pub-8864793242727901\"\r\n     crossorigin=\"anonymous\"><\/script>\n<div id=\"cd-article-content\" itemprop=\"articleBody\">\n<p class=\"wp-block-paragraph\">A Federa\u00e7\u00e3o Brasil da Esperan\u00e7a, formada por PT, PV e PCdoB, apresentou <strong>quatro representa\u00e7\u00f5es ao Tribunal Superior Eleitoral (<a href=\"https:\/\/www.tse.jus.br\/\" target=\"_blank\" rel=\"noopener\">TSE<\/a>)<\/strong> contra advers\u00e1rios de <a href=\"https:\/\/claudiodantas.com.br\/tag\/fora-lula\/\" data-type=\"post_tag\" data-id=\"4445\">Lula <\/a>na disputa presidencial de 2026. As a\u00e7\u00f5es foram protocoladas no s\u00e1bado (29) e questionam publica\u00e7\u00f5es, uso de intelig\u00eancia artificial, declara\u00e7\u00f5es e um evento pol\u00edtico na Festa do Pe\u00e3o de Barretos.<\/p>\n<p><a href=\"https:\/\/whatsapp.com\/channel\/0029VaTFkH2HVvTbkE883x1x\" target=\"_blank\" class=\"whatsapp-channel-message\" rel=\"noopener\">\u2705 Siga o canal do Claudio Dantas no WhatsApp<\/a><\/p>\n<p class=\"wp-block-paragraph\">Os principais alvos s\u00e3o <strong><a href=\"https:\/\/claudiodantas.com.br\/tag\/flavio-bolsonaro\/\" data-type=\"post_tag\" data-id=\"1865\">Fl\u00e1vio <\/a>Bolsonaro (PL), Ronaldo Caiado (PSD) e Romeu Zema (Novo)<\/strong>. O vereador de S\u00e3o Paulo Lucas Pavanato (PL) tamb\u00e9m aparece em uma das representa\u00e7\u00f5es.<\/p>\n<h3 class=\"wp-block-heading\">Campanha de Fl\u00e1vio j\u00e1 havia acionado o TSE<\/h3>\n<p class=\"wp-block-paragraph\">A ofensiva jur\u00eddica ocorre poucos dias depois de a campanha de Fl\u00e1vio Bolsonaro recorrer ao TSE para questionar o uso do Pal\u00e1cio da <a href=\"https:\/\/claudiodantas.com.br\/tag\/alvorada\/\" data-type=\"post_tag\" data-id=\"10649\">Alvorada <\/a>por Lula em conte\u00fado de car\u00e1ter eleitoral. O pedido foi apresentado na quinta-feira (27).<\/p>\n<p class=\"wp-block-paragraph\">Em outra frente, a federa\u00e7\u00e3o governista contesta a participa\u00e7\u00e3o de Fl\u00e1vio na Festa do Pe\u00e3o de Barretos. Segundo a a\u00e7\u00e3o, o evento teria utilizado estrutura profissional de som e ilumina\u00e7\u00e3o e reunido cerca de 60 mil pessoas. Os partidos sustentam que houve um \u201cshowm\u00edcio\u201d custeado por empresas privadas e \u00f3rg\u00e3os estatais.<\/p>\n<p class=\"wp-block-paragraph\">Durante o evento, Fl\u00e1vio estava acompanhado do governador de S\u00e3o Paulo, Tarc\u00edsio de Freitas (Republicanos), e de outros pol\u00edticos. O senador declarou ao p\u00fablico que o agroneg\u00f3cio \u00e9 o cora\u00e7\u00e3o do pa\u00eds e afirmou que ser\u00e1 presidente do Brasil.<\/p>\n<p class=\"wp-block-paragraph\">O p\u00fablico tamb\u00e9m entoou cr\u00edticas a Lula, enquanto o locutor apresentou Fl\u00e1vio como <strong>\u201cnosso candidato \u00e0 Presid\u00eancia do Brasil\u201d<\/strong>. A federa\u00e7\u00e3o pediu ao TSE a cassa\u00e7\u00e3o do registro da candidatura de Fl\u00e1vio e a declara\u00e7\u00e3o de sua inelegibilidade.<\/p>\n<p class=\"wp-block-paragraph\">Os partidos afirmam que o evento teria ultrapassado os limites de uma atividade cultural e se transformado em ato eleitoral. Na representa\u00e7\u00e3o, sustentam:<\/p>\n<blockquote class=\"wp-block-quote is-layout-flow wp-block-quote-is-layout-flow\">\n<p class=\"wp-block-paragraph\">\u201cHouve a transforma\u00e7\u00e3o do que seria um evento cultural, art\u00edstico e esportivo em um verdadeiro com\u00edcio eleitoral em favor dos representados Fl\u00e1vio Bolsonaro e Alfredo Gaspar [candidato a vice]. O eleitor que comprou um ingresso para assistir a shows art\u00edsticos foi surpreendido com um verdadeiro ato de campanha eleitoral durante o intervalo\u201d, dizem os advogados eleitorais de Lula.<\/p>\n<\/blockquote>\n<p class=\"wp-block-paragraph\">A federa\u00e7\u00e3o tamb\u00e9m afirma que a estrutura utilizada configuraria doa\u00e7\u00e3o indireta de fonte vedada.<\/p>\n<h3 class=\"wp-block-heading\">V\u00eddeo com intelig\u00eancia artificial entra na ofensiva<\/h3>\n<p class=\"wp-block-paragraph\">Outra representa\u00e7\u00e3o questiona um v\u00eddeo produzido com <strong>deepfake<\/strong> que associa Lula \u00e0 palavra \u201cbandido\u201d. O material foi publicado em 20 de agosto no Instagram, X, TikTok, Facebook e YouTube.<\/p>\n<p class=\"wp-block-paragraph\">Segundo a a\u00e7\u00e3o, o conte\u00fado foi produzido em parceria ou colabora\u00e7\u00e3o entre Lucas Pavanato e Fl\u00e1vio Bolsonaro e posteriormente reproduzido por outros usu\u00e1rios, entre eles Romeu Zema. A publica\u00e7\u00e3o chegou a <strong>19,6 milh\u00f5es de visualiza\u00e7\u00f5es<\/strong>.<\/p>\n<p class=\"wp-block-paragraph\">A federa\u00e7\u00e3o pede a retirada do v\u00eddeo em at\u00e9 24 horas, a proibi\u00e7\u00e3o de novas republica\u00e7\u00f5es e aplica\u00e7\u00e3o de multas em caso de descumprimento. Tamb\u00e9m solicita multa de at\u00e9 R$ 30 mil por cada publica\u00e7\u00e3o considerada ofensiva \u00e0 honra de Lula.<\/p>\n<h3 class=\"wp-block-heading\">PT questiona cr\u00edticas de Fl\u00e1vio e Caiado<\/h3>\n<p class=\"wp-block-paragraph\">Em outra a\u00e7\u00e3o, os partidos acusam Fl\u00e1vio de associar o governo Lula ao Primeiro Comando da Capital (PCC) e ao Comando Vermelho (CV). A representa\u00e7\u00e3o cita declara\u00e7\u00e3o do senador de que a gest\u00e3o estaria <strong>\u201cfechada com o crime organizado\u201d<\/strong>.<\/p>\n<p class=\"wp-block-paragraph\">A declara\u00e7\u00e3o ocorreu durante o lan\u00e7amento da campanha de Fl\u00e1vio na praia de Copacabana, no Rio de Janeiro. Um v\u00eddeo publicado pelos perfis do candidato ultrapassou 1,7 milh\u00e3o de visualiza\u00e7\u00f5es.<\/p>\n<p class=\"wp-block-paragraph\">O PT tamb\u00e9m acionou o TSE contra Ronaldo Caiado por declara\u00e7\u00f5es dadas \u00e0 Globo e reproduzidas nas redes sociais. O candidato do PSD relacionou Lula e o PT ao narcotr\u00e1fico.<\/p>\n<p class=\"wp-block-paragraph\">Em entrevista exibida em 25 de agosto, Caiado afirmou que o narcotr\u00e1fico estaria concentrado na Amaz\u00f4nia <strong>\u201ccom a coniv\u00eancia do presidente Lula, do governo federal\u201d<\/strong>. Tamb\u00e9m declarou que <strong>\u201cnarcotr\u00e1fico e o PT sempre foram a vida umbilical\u201d<\/strong> e chamou Lula de <strong>\u201co grande agiota no Brasil\u201d<\/strong>, al\u00e9m de dizer que o presidente teria <strong>\u201cenrolado\u201d<\/strong> o povo.<\/p>\n<p class=\"wp-block-paragraph\">A federa\u00e7\u00e3o sustenta que as declara\u00e7\u00f5es e publica\u00e7\u00f5es questionadas ultrapassam a cr\u00edtica pol\u00edtica e configuram, segundo sua avalia\u00e7\u00e3o, divulga\u00e7\u00e3o de informa\u00e7\u00f5es inver\u00eddicas e ofensas \u00e0 honra de Lula.<\/p>\n<\/div>\n<p><script>!function(f,b,e,v,n,t,s){if(f.fbq)return;n=f.fbq=function(){n.callMethod?n.callMethod.apply(n,arguments):n.queue.push(arguments)};if(!f._fbq)f._fbq=n;n.push=n;n.loaded=!0;n.version='2.0';n.queue=[];t=b.createElement(e);t.async=!0;t.src=v;s=b.getElementsByTagName(e)[0];s.parentNode.insertBefore(t,s)}(window,document,'script','https:\/\/connect.facebook.net\/en_US\/fbevents.js');fbq('init','1423865622537930');fbq('track','PageView');<\/script><br \/>\n<br \/><br \/>\n<br \/><a href=\"https:\/\/claudiodantas.com.br\/lula-e-alvo-de-quatro-acoes-no-tse-contra-adversarios\/\">Source link <\/a><\/p>","protected":false},"excerpt":{"rendered":"<p>A Federa\u00e7\u00e3o Brasil da Esperan\u00e7a, formada por PT, PV e PCdoB, apresentou quatro representa\u00e7\u00f5es ao Tribunal Superior Eleitoral (TSE) contra advers\u00e1rios de Lula na disputa presidencial de 2026. As a\u00e7\u00f5es&hellip;<\/p>","protected":false},"author":1,"featured_media":138528,"comment_status":"closed","ping_status":"open","sticky":false,"template":"","format":"standard","meta":{"content-type":"","footnotes":""},"categories":[16],"tags":[],"class_list":["post-142142","post","type-post","status-publish","format-standard","has-post-thumbnail","hentry","category-noticias"],"_links":{"self":[{"href":"https:\/\/tvbrazilusa.com\/pt\/wp-json\/wp\/v2\/posts\/142142","targetHints":{"allow":["GET"]}}],"collection":[{"href":"https:\/\/tvbrazilusa.com\/pt\/wp-json\/wp\/v2\/posts"}],"about":[{"href":"https:\/\/tvbrazilusa.com\/pt\/wp-json\/wp\/v2\/types\/post"}],"author":[{"embeddable":true,"href":"https:\/\/tvbrazilusa.com\/pt\/wp-json\/wp\/v2\/users\/1"}],"replies":[{"embeddable":true,"href":"https:\/\/tvbrazilusa.com\/pt\/wp-json\/wp\/v2\/comments?post=142142"}],"version-history":[{"count":1,"href":"https:\/\/tvbrazilusa.com\/pt\/wp-json\/wp\/v2\/posts\/142142\/revisions"}],"predecessor-version":[{"id":142143,"href":"https:\/\/tvbrazilusa.com\/pt\/wp-json\/wp\/v2\/posts\/142142\/revisions\/142143"}],"wp:featuredmedia":[{"embeddable":true,"href":"https:\/\/tvbrazilusa.com\/pt\/wp-json\/wp\/v2\/media\/138528"}],"wp:attachment":[{"href":"https:\/\/tvbrazilusa.com\/pt\/wp-json\/wp\/v2\/media?parent=142142"}],"wp:term":[{"taxonomy":"category","embeddable":true,"href":"https:\/\/tvbrazilusa.com\/pt\/wp-json\/wp\/v2\/categories?post=142142"},{"taxonomy":"post_tag","embeddable":true,"href":"https:\/\/tvbrazilusa.com\/pt\/wp-json\/wp\/v2\/tags?post=142142"}],"curies":[{"name":"wp","href":"https:\/\/api.w.org\/{rel}","templated":true}]}}