{"id":142144,"date":"2026-09-04T14:33:00","date_gmt":"2026-09-04T14:33:00","guid":{"rendered":"https:\/\/tvbrazilusa.com\/2026\/09\/04\/moraes-alcolumbre-e-dino-articulam-acao-ilegal-contra-mim\/"},"modified":"2026-09-04T14:42:41","modified_gmt":"2026-09-04T14:42:41","slug":"moraes-alcolumbre-e-dino-articulam-acao-ilegal-contra-mim","status":"publish","type":"post","link":"https:\/\/tvbrazilusa.com\/pt\/2026\/09\/04\/moraes-alcolumbre-e-dino-articulam-acao-ilegal-contra-mim\/","title":{"rendered":"Moraes, Alcolumbre e Dino articulam &#8216;a\u00e7\u00e3o ilegal contra mim&#8217;"},"content":{"rendered":"<script async src=\"https:\/\/pagead2.googlesyndication.com\/pagead\/js\/adsbygoogle.js?client=ca-pub-8864793242727901\"\r\n     crossorigin=\"anonymous\"><\/script>\n<div id=\"cd-article-content\" itemprop=\"articleBody\">\n<p class=\"wp-block-paragraph\">O candidato \u00e0 Presid\u00eancia e senador <strong>Fl\u00e1vio Bolsonaro (PL-RJ)<\/strong> afirmou na noite de ontem (03) que os ministros <strong>Alexandre de Moraes<\/strong> e <strong>Fl\u00e1vio Dino<\/strong>, do Supremo Tribunal Federal (STF), e o presidente do Senado, <strong>Davi Alcolumbre (Uni\u00e3o-AP)<\/strong>, est\u00e3o articulando uma <strong>\u201ca\u00e7\u00e3o ilegal\u201d<\/strong> contra ele.<\/p>\n<p><a href=\"https:\/\/whatsapp.com\/channel\/0029VaTFkH2HVvTbkE883x1x\" target=\"_blank\" class=\"whatsapp-channel-message\" rel=\"noopener\">\u2705 Siga o canal do Claudio Dantas no WhatsApp<\/a><\/p>\n<p class=\"wp-block-paragraph\">A a\u00e7\u00e3o teria sido articulada em uma reuni\u00e3o entre Moraes e Alcolumbre na \u00faltima quarta (02). O intuito, de acordo com Fl\u00e1vio, \u00e9 desgast\u00e1-lo \u201celeitoralmente\u201d: \u201cCaso se confirme, \u00e9 a comprova\u00e7\u00e3o de que o Brasil virou uma v\u00e1rzea, terra sem lei, onde os que se acham donos do pa\u00eds armam farsas contra seus advers\u00e1rios, acreditando que jamais sofrer\u00e3o as consequ\u00eancia de seus abusos\u201d.<\/p>\n<p class=\"wp-block-paragraph\">\u201cN\u00f3s somos o \u00faltimo obst\u00e1culo para que o Brasil n\u00e3o vire uma ditadura! O pa\u00eds n\u00e3o suporta mais quatro anos de lula!\u201d, completou o candidato \u00e0 Presid\u00eancia, convocando apoiadores para atos de 7 de Setembro: \u201cTodos nas ruas!\u201d.<\/p>\n<p class=\"wp-block-paragraph\">A fala de Fl\u00e1vio acontece em meio \u00e0 crise no Supremo, e Dino, citado pelo senador, \u00e9 relator de inqu\u00e9rito na Corte que apura o suposto uso de emendas parlamentares voltadas \u00e0 produtora do filme \u201cDark Horse\u201d, que conta a trajet\u00f3ria pol\u00edtica do ex-presidente Jair Bolsonaro (PL).<\/p>\n<p class=\"wp-block-paragraph\">A a\u00e7\u00e3o pode ser vista tamb\u00e9m como mais uma retalia\u00e7\u00e3o de Moraes ao ministro Andr\u00e9 Mendon\u00e7a, que pediu ao presidente da Corte, Edson Fachin, uma investiga\u00e7\u00e3o de Moraes por suas conversas com Daniel Vorcaro, dono do Banco Master.<\/p>\n<figure class=\"wp-block-embed is-type-rich is-provider-x wp-block-embed-x\">\n<div class=\"wp-block-embed__wrapper\">\n<blockquote class=\"twitter-tweet\" data-width=\"500\" data-dnt=\"true\">\n<p lang=\"pt\" dir=\"ltr\">\ud83d\udea8 Alexandre de Moraes e Davi Alcolumbre teriam conversado longamente nesta quarta-feira (2\/Set), em Bras\u00edlia, e articulado com Fl\u00e1vio Dino alguma a\u00e7\u00e3o ilegal contra mim, com o \u00fanico intuito de \u201creagir\u201d a Andr\u00e9 Mendon\u00e7a e me desgastar eleitoralmente.<\/p>\n<p>Caso se confirme, \u00e9 a\u2026 <a href=\"https:\/\/t.co\/BqRmusSQAO\">pic.twitter.com\/BqRmusSQAO<\/a><\/p>\n<p>\u2014 Fl\u00e1vio Bolsonaro (@FlavioBolsonaro) <a href=\"https:\/\/x.com\/FlavioBolsonaro\/status\/2095692131671196118?ref_src=twsrc%5Etfw\">September 4, 2026<\/a><\/p><\/blockquote>\n<\/div>\n<\/figure>\n<\/div>\n<p><script async src=\"\/\/platform.twitter.com\/widgets.js\" charset=\"utf-8\"><\/script><script>!function(f,b,e,v,n,t,s){if(f.fbq)return;n=f.fbq=function(){n.callMethod?n.callMethod.apply(n,arguments):n.queue.push(arguments)};if(!f._fbq)f._fbq=n;n.push=n;n.loaded=!0;n.version='2.0';n.queue=[];t=b.createElement(e);t.async=!0;t.src=v;s=b.getElementsByTagName(e)[0];s.parentNode.insertBefore(t,s)}(window,document,'script','https:\/\/connect.facebook.net\/en_US\/fbevents.js');fbq('init','1423865622537930');fbq('track','PageView');<\/script><br \/>\n<br \/><br \/>\n<br \/><a href=\"https:\/\/claudiodantas.com.br\/flavio-moraes-alcolumbre-dino-acao-ilegal\/\">Source link <\/a><\/p>","protected":false},"excerpt":{"rendered":"<p>O candidato \u00e0 Presid\u00eancia e senador Fl\u00e1vio Bolsonaro (PL-RJ) afirmou na noite de ontem (03) que os ministros Alexandre de Moraes e Fl\u00e1vio Dino, do Supremo Tribunal Federal (STF), e&hellip;<\/p>","protected":false},"author":1,"featured_media":137293,"comment_status":"closed","ping_status":"open","sticky":false,"template":"","format":"standard","meta":{"content-type":"","footnotes":""},"categories":[16],"tags":[],"class_list":["post-142144","post","type-post","status-publish","format-standard","has-post-thumbnail","hentry","category-noticias"],"_links":{"self":[{"href":"https:\/\/tvbrazilusa.com\/pt\/wp-json\/wp\/v2\/posts\/142144","targetHints":{"allow":["GET"]}}],"collection":[{"href":"https:\/\/tvbrazilusa.com\/pt\/wp-json\/wp\/v2\/posts"}],"about":[{"href":"https:\/\/tvbrazilusa.com\/pt\/wp-json\/wp\/v2\/types\/post"}],"author":[{"embeddable":true,"href":"https:\/\/tvbrazilusa.com\/pt\/wp-json\/wp\/v2\/users\/1"}],"replies":[{"embeddable":true,"href":"https:\/\/tvbrazilusa.com\/pt\/wp-json\/wp\/v2\/comments?post=142144"}],"version-history":[{"count":1,"href":"https:\/\/tvbrazilusa.com\/pt\/wp-json\/wp\/v2\/posts\/142144\/revisions"}],"predecessor-version":[{"id":142145,"href":"https:\/\/tvbrazilusa.com\/pt\/wp-json\/wp\/v2\/posts\/142144\/revisions\/142145"}],"wp:featuredmedia":[{"embeddable":true,"href":"https:\/\/tvbrazilusa.com\/pt\/wp-json\/wp\/v2\/media\/137293"}],"wp:attachment":[{"href":"https:\/\/tvbrazilusa.com\/pt\/wp-json\/wp\/v2\/media?parent=142144"}],"wp:term":[{"taxonomy":"category","embeddable":true,"href":"https:\/\/tvbrazilusa.com\/pt\/wp-json\/wp\/v2\/categories?post=142144"},{"taxonomy":"post_tag","embeddable":true,"href":"https:\/\/tvbrazilusa.com\/pt\/wp-json\/wp\/v2\/tags?post=142144"}],"curies":[{"name":"wp","href":"https:\/\/api.w.org\/{rel}","templated":true}]}}