{"id":142146,"date":"2026-09-04T14:47:52","date_gmt":"2026-09-04T14:47:52","guid":{"rendered":"https:\/\/tvbrazilusa.com\/2026\/09\/04\/veja-quem-participa-do-ato-de-7-de-setembro-na-paulista\/"},"modified":"2026-09-04T14:48:37","modified_gmt":"2026-09-04T14:48:37","slug":"veja-quem-participa-do-ato-de-7-de-setembro-na-paulista","status":"publish","type":"post","link":"https:\/\/tvbrazilusa.com\/pt\/2026\/09\/04\/veja-quem-participa-do-ato-de-7-de-setembro-na-paulista\/","title":{"rendered":"Veja quem participa do ato de 7 de Setembro na Paulista"},"content":{"rendered":"<script async src=\"https:\/\/pagead2.googlesyndication.com\/pagead\/js\/adsbygoogle.js?client=ca-pub-8864793242727901\"\r\n     crossorigin=\"anonymous\"><\/script>\n<div id=\"cd-article-content\" itemprop=\"articleBody\">\n<p class=\"wp-block-paragraph\">O senador e candidato \u00e0 Presid\u00eancia <a href=\"https:\/\/www.instagram.com\/flaviobolsonaro\/?hl=pt-br\" target=\"_blank\" rel=\"noopener\">Fl\u00e1vio Bolsonaro (PL-RJ)<\/a> convocou apoiadores para o ato de 7 de Setembro na avenida Paulista, em S\u00e3o Paulo. A concentra\u00e7\u00e3o est\u00e1 prevista para as 15h. A manifesta\u00e7\u00e3o ter\u00e1 como principais palavras de ordem <em>\u201cFora Lula, Fora Moraes\u201d<\/em> e <em>\u201c\u00c9 agora ou nunca\u201d<\/em>.<\/p>\n<p><a href=\"https:\/\/whatsapp.com\/channel\/0029VaTFkH2HVvTbkE883x1x\" target=\"_blank\" class=\"whatsapp-channel-message\" rel=\"noopener\">\u2705 Siga o canal do Claudio Dantas no WhatsApp<\/a><\/p>\n<p class=\"wp-block-paragraph\">A mobiliza\u00e7\u00e3o ocorre em meio \u00e0 repercuss\u00e3o das mensagens trocadas entre Daniel <a href=\"https:\/\/claudiodantas.com.br\/tag\/vorcaro\/\" data-type=\"post_tag\" data-id=\"13532\">Vorcaro<\/a>, ex-dono do Banco Master, e o ministro Alexandre de Moraes. Os di\u00e1logos foram revelados pelo <em>Estado de S. Paulo<\/em>. Em uma das conversas, Vorcaro perguntou a Moraes se deveria deixar o pa\u00eds dois dias antes de ser preso, em novembro de 2025.<\/p>\n<blockquote class=\"instagram-media\" data-instgrm-captioned=\"\" data-instgrm-permalink=\"https:\/\/www.instagram.com\/reel\/Dc0n3Rypf0H\/?utm_source=ig_embed&#038;utm_campaign=loading\" data-instgrm-version=\"14\" style=\" background:#FFF; border:0; border-radius:3px; box-shadow:0 0 1px 0 rgba(0,0,0,0.5),0 1px 10px 0 rgba(0,0,0,0.15); margin: 1px; max-width:540px; min-width:326px; padding:0; width:99.375%; width:-webkit-calc(100% - 2px); width:calc(100% - 2px);\"\/>\n<p class=\"wp-block-paragraph\">O Partido Liberal tamb\u00e9m tem divulgado a frase <em>\u201cVamos juntos resgatar o Brasil\u201d<\/em> nas convoca\u00e7\u00f5es para o ato. Em v\u00eddeo publicado nas redes sociais, <a href=\"https:\/\/claudiodantas.com.br\/tag\/flavio-bolsonaro\/\" data-type=\"post_tag\" data-id=\"1865\">Fl\u00e1vio <\/a>pediu que pol\u00edticos, lideran\u00e7as religiosas e candidatos mobilizassem apoiadores.<\/p>\n<p class=\"wp-block-paragraph\">A manifesta\u00e7\u00e3o retoma pautas presentes em atos anteriores da direita na Paulista. Em 2024, o protesto de 7 de Setembro teve pedidos de impeachment de Moraes. No ano seguinte, manifestantes voltaram a defender a sa\u00edda do ministro durante ato realizado no mesmo local.<\/p>\n<h3 class=\"wp-block-heading\">Quem deve participar<\/h3>\n<p class=\"wp-block-paragraph\">At\u00e9 a publica\u00e7\u00e3o da reportagem, os seguintes nomes estavam ligados \u00e0 mobiliza\u00e7\u00e3o:<\/p>\n<ul class=\"wp-block-list\">\n<li>Fl\u00e1vio Bolsonaro (PL-RJ)<\/li>\n<li>Michelle Bolsonaro (PL-DF)<\/li>\n<li>Tarc\u00edsio de Freitas (Republicanos-SP)<\/li>\n<li>Bia Kicis (PL-DF)<\/li>\n<li>Gustavo Gayer (PL-GO)<\/li>\n<li>Julia Zanatta (PL-SC)<\/li>\n<li>Silas Malafaia<\/li>\n<li>Tom\u00e9 Abduch (Republicanos-RJ)<\/li>\n<li>Nikolas Ferreira (PL-MG)<\/li>\n<li>Andr\u00e9 do Prado (PL-SP)<\/li>\n<li>Guilherme Derrite (PL-SP)<\/li>\n<li>Magno Malta (PL-ES)<\/li>\n<li>Marco Feliciano (PL-SP)<\/li>\n<li>Paulo Bilynskyj (PL-SP)<\/li>\n<li>S\u00f3stenes Cavalcante (PL-RJ)<\/li>\n<li>Carlos Portinho (PL-RJ)<\/li>\n<li>Ricardo Nunes (MDB-SP)<\/li>\n<li>Lucas Pavanato (PL-SP)<\/li>\n<li>Eduarda Campopiano (PL)<\/li>\n<li>Rog\u00e9rio Marinho (PL-RN)<\/li>\n<li>Paulo Mansur (PL-SP)<\/li>\n<li>Renato Bolsonaro (PL)<\/li>\n<li>Carlos Jordy (PL-RJ)<\/li>\n<li>Mauricio Marcon (Podemos-RS)<\/li>\n<li>Sargento Gon\u00e7alves (PL-RN)<\/li>\n<li>Sargento Fahur (PL-PR)<\/li>\n<li>Gil Diniz (PL-SP)<\/li>\n<\/ul>\n<h3 class=\"wp-block-heading\">Fl\u00e1vio aparece \u00e0 frente de Lula<\/h3>\n<p class=\"wp-block-paragraph\">Pesquisa PoderData\/Aya divulgada nesta quinta-feira (3) mostra Fl\u00e1vio Bolsonaro com 45% das inten\u00e7\u00f5es de voto contra 44% de Lula em um eventual segundo turno. \u00c9 a primeira vez desde maio que o senador aparece numericamente \u00e0 frente do presidente nesse cen\u00e1rio.<\/p>\n<p class=\"wp-block-paragraph\">A diferen\u00e7a de um ponto percentual est\u00e1 dentro da margem de erro, de 1,8 ponto.<\/p>\n<p class=\"wp-block-paragraph\">No primeiro turno, Lula aparece com 37% e Fl\u00e1vio, com 34%. Os dois tamb\u00e9m est\u00e3o tecnicamente empatados. O levantamento ouviu 3 mil eleitores entre 30 de agosto e 2 de setembro de 2026.<\/p>\n<\/div>\n<p><script>!function(f,b,e,v,n,t,s){if(f.fbq)return;n=f.fbq=function(){n.callMethod?n.callMethod.apply(n,arguments):n.queue.push(arguments)};if(!f._fbq)f._fbq=n;n.push=n;n.loaded=!0;n.version='2.0';n.queue=[];t=b.createElement(e);t.async=!0;t.src=v;s=b.getElementsByTagName(e)[0];s.parentNode.insertBefore(t,s)}(window,document,'script','https:\/\/connect.facebook.net\/en_US\/fbevents.js');fbq('init','1423865622537930');fbq('track','PageView');<\/script><script async src=\"\/\/www.instagram.com\/embed.js\"><\/script><br \/>\n<br \/><br \/>\n<br \/><a href=\"https:\/\/claudiodantas.com.br\/veja-quem-participa-do-ato-de-7-de-setembro-na-paulista\/\">Source link <\/a><\/p>","protected":false},"excerpt":{"rendered":"<p>O senador e candidato \u00e0 Presid\u00eancia Fl\u00e1vio Bolsonaro (PL-RJ) convocou apoiadores para o ato de 7 de Setembro na avenida Paulista, em S\u00e3o Paulo. A concentra\u00e7\u00e3o est\u00e1 prevista para as&hellip;<\/p>","protected":false},"author":1,"featured_media":142147,"comment_status":"closed","ping_status":"open","sticky":false,"template":"","format":"standard","meta":{"content-type":"","footnotes":""},"categories":[16],"tags":[],"class_list":["post-142146","post","type-post","status-publish","format-standard","has-post-thumbnail","hentry","category-noticias"],"_links":{"self":[{"href":"https:\/\/tvbrazilusa.com\/pt\/wp-json\/wp\/v2\/posts\/142146","targetHints":{"allow":["GET"]}}],"collection":[{"href":"https:\/\/tvbrazilusa.com\/pt\/wp-json\/wp\/v2\/posts"}],"about":[{"href":"https:\/\/tvbrazilusa.com\/pt\/wp-json\/wp\/v2\/types\/post"}],"author":[{"embeddable":true,"href":"https:\/\/tvbrazilusa.com\/pt\/wp-json\/wp\/v2\/users\/1"}],"replies":[{"embeddable":true,"href":"https:\/\/tvbrazilusa.com\/pt\/wp-json\/wp\/v2\/comments?post=142146"}],"version-history":[{"count":1,"href":"https:\/\/tvbrazilusa.com\/pt\/wp-json\/wp\/v2\/posts\/142146\/revisions"}],"predecessor-version":[{"id":142148,"href":"https:\/\/tvbrazilusa.com\/pt\/wp-json\/wp\/v2\/posts\/142146\/revisions\/142148"}],"wp:featuredmedia":[{"embeddable":true,"href":"https:\/\/tvbrazilusa.com\/pt\/wp-json\/wp\/v2\/media\/142147"}],"wp:attachment":[{"href":"https:\/\/tvbrazilusa.com\/pt\/wp-json\/wp\/v2\/media?parent=142146"}],"wp:term":[{"taxonomy":"category","embeddable":true,"href":"https:\/\/tvbrazilusa.com\/pt\/wp-json\/wp\/v2\/categories?post=142146"},{"taxonomy":"post_tag","embeddable":true,"href":"https:\/\/tvbrazilusa.com\/pt\/wp-json\/wp\/v2\/tags?post=142146"}],"curies":[{"name":"wp","href":"https:\/\/api.w.org\/{rel}","templated":true}]}}