{"id":142149,"date":"2026-09-04T15:00:00","date_gmt":"2026-09-04T15:00:00","guid":{"rendered":"https:\/\/tvbrazilusa.com\/2026\/09\/04\/stf-e-maior-do-que-qualquer-um-que-o-integra\/"},"modified":"2026-09-04T15:06:45","modified_gmt":"2026-09-04T15:06:45","slug":"stf-e-maior-do-que-qualquer-um-que-o-integra","status":"publish","type":"post","link":"https:\/\/tvbrazilusa.com\/pt\/2026\/09\/04\/stf-e-maior-do-que-qualquer-um-que-o-integra\/","title":{"rendered":"&#8216;STF \u00e9 maior do que qualquer um que o integra&#8217;"},"content":{"rendered":"<script async src=\"https:\/\/pagead2.googlesyndication.com\/pagead\/js\/adsbygoogle.js?client=ca-pub-8864793242727901\"\r\n     crossorigin=\"anonymous\"><\/script>\n<div id=\"cd-article-content\" itemprop=\"articleBody\">\n<p class=\"wp-block-paragraph\">O ministro do <strong>Supremo Tribunal Federal (STF)<\/strong> <strong><a href=\"https:\/\/claudiodantas.com.br\/tag\/flavio-dino\/\">Fl\u00e1vio Dino<\/a><\/strong> afirmou na manh\u00e3 desta sexta-feira (04) que a <strong><a href=\"https:\/\/portal.stf.jus.br\/\" target=\"_blank\" rel=\"noopener\">Corte<\/a><\/strong> \u201c\u00e9 maior do que qualquer um que o integra\u201d e que \u201c<strong><a href=\"https:\/\/claudiodantas.com.br\/tag\/institucional\/\">lealdade institucional<\/a><\/strong> exige enfrentar os problemas reais\u201d. A declara\u00e7\u00e3o foi feita no Instagram, em meio \u00e0 crise pela revela\u00e7\u00e3o das mensagens trocadas por Alexandre de Moraes e Daniel Vorcaro.<\/p>\n<p><a href=\"https:\/\/whatsapp.com\/channel\/0029VaTFkH2HVvTbkE883x1x\" target=\"_blank\" class=\"whatsapp-channel-message\" rel=\"noopener\">\u2705 Siga o canal do Claudio Dantas no WhatsApp<\/a><\/p>\n<p class=\"wp-block-paragraph\"><em>\u201cO orador C\u00edcero perenizou a frase \u2018cedam as armas \u00e0 toga\u2019 (cedant arma togae). Em 37 anos de servi\u00e7o p\u00fablico, nos tr\u00eas Poderes da Rep\u00fablica, j\u00e1 vi muitas crises, umas profundas (como a pandemia da COVID), outras menos densas. Independentemente do tamanho, as sa\u00eddas para as crises dependem de alguns elementos\u201d<\/em>, diz a mensagem de Dino.<\/p>\n<p class=\"wp-block-paragraph\">Um dos elementos para sair da atual crise, de acordo com o ministro do Supremo, \u00e9\u00a0<em>\u201ca consulta aos \u2018cl\u00e1ssicos\u2019\u201d<\/em>: <em>\u201cQuando C\u00edcero invocava as virtudes da toga (o poder civil) iluminava o poder da palavra, a pondera\u00e7\u00e3o, o julgamento racional, a sobriedade e os PROCEDIMENTOS. Um pa\u00eds sem institui\u00e7\u00f5es jur\u00eddicas s\u00f3lidas \u00e9 o sonho dos criminosos e abusadores de todos os feitios. E dos equivocados que se acham t\u00e3o fortes que n\u00e3o precisam do Estado Nacional. Supostamente \u2018se bastam\u2019, por isso est\u00e3o prontos a tocar lira enquanto Roma arde em chamas\u201d<\/em>.<\/p>\n<p class=\"wp-block-paragraph\"><em>\u201cOutro elemento que me parece essencial para vencer uma crise \u00e9 ouvir. Deus, antes de julgar Ad\u00e3o e Eva, ou Caim, OUVIU. E ouvir tamb\u00e9m implica LER. A Era da Superficialidade, fruto inclusive de um efeito manada, pode conduzir a trag\u00e9dias. Lembremos as chacinas, os golpes de Estado, as guerras; tudo isso sempre est\u00e1 logo ali na esquina\u201d<\/em>.<\/p>\n<p class=\"wp-block-paragraph\">\u201c<em>Lembro que o maior ORADOR de todas as \u00e9pocas, Jesus Cristo, disse: \u201cPor que voc\u00ea repara no cisco que est\u00e1 no olho do seu irm\u00e3o, mas n\u00e3o se d\u00e1 conta da viga que est\u00e1 no seu pr\u00f3prio olho?\u201d<\/em>, continuou Dino.<\/p>\n<p class=\"wp-block-paragraph\">\u201c<em>O STF \u00e9 maior do que qualquer um que o integra, por isso a LEALDADE INSTITUCIONAL exige enfrentar os problemas reais, com o devido processo legal e no tempo certo. \u00c9tica da convic\u00e7\u00e3o e \u00e9tica da responsabilidade, como nos ensinou Weber\u201d.<\/em><\/p>\n<p class=\"wp-block-paragraph\"><strong>LEIA A \u00cdNTEGRA:<\/strong><\/p>\n<p class=\"wp-block-paragraph\"><em>\u201cO orador C\u00edcero perenizou a frase \u201ccedam as armas \u00e0 toga\u201d (cedant arma togae). Em 37 anos de servi\u00e7o p\u00fablico, nos tr\u00eas Poderes da Rep\u00fablica, j\u00e1 vi muitas crises, umas profundas (como a pandemia da COVID), outras menos densas. Independentemente do tamanho, as sa\u00eddas para as crises dependem de alguns elementos.<\/em><\/p>\n<p class=\"wp-block-paragraph\"><em>Um deles \u00e9 a consulta aos \u201ccl\u00e1ssicos\u201d. Quando C\u00edcero invocava as virtudes da toga (o poder civil) iluminava o poder da palavra, a pondera\u00e7\u00e3o, o julgamento racional, a sobriedade e os PROCEDIMENTOS. Um pa\u00eds sem institui\u00e7\u00f5es jur\u00eddicas s\u00f3lidas \u00e9 o sonho dos criminosos e abusadores de todos os feitios. E dos equivocados que se acham t\u00e3o fortes que n\u00e3o precisam do Estado Nacional. Supostamente \u201cse bastam\u201d, por isso est\u00e3o prontos a tocar lira enquanto Roma arde em chamas.<\/em><\/p>\n<p class=\"wp-block-paragraph\"><em>Outro elemento que me parece essencial para vencer uma crise \u00e9 ouvir. Deus, antes de julgar Ad\u00e3o e Eva, ou Caim, OUVIU. E ouvir tamb\u00e9m implica LER. A Era da Superficialidade, fruto inclusive de um efeito manada, pode conduzir a trag\u00e9dias. Lembremos as chacinas, os golpes de Estado, as guerras; tudo isso sempre est\u00e1 logo ali na esquina.<\/em><\/p>\n<p class=\"wp-block-paragraph\"><em>Finalmente, ao abordar uma crise temos que avaliar o TEMPO. N\u00e3o Chronos. Falo de Kair\u00f3s \u2013 o tempo oportuno. Se o sistema juridico n\u00e3o tem autopoiese, ele \u00e9 um mero joguete de outros poderes, por exemplo for\u00e7as partid\u00e1rias em luta eleitoral, Estados estrangeiros, organiza\u00e7\u00f5es criminosas etc.<\/em><\/p>\n<p class=\"wp-block-paragraph\"><em>Enquanto tais elementos s\u00e3o observados, seguir julgando os nossos processos judiciais n\u00e3o \u00e9 autossufici\u00eancia ou \u201cfingir que n\u00e3o h\u00e1 crise\u201d. \u00c9 fazer com que a toga fale mais alto do que as armas ou eventuais gritos de hip\u00f3critas. Lembro que o maior ORADOR de todas as \u00e9pocas, Jesus Cristo, disse: \u201cPor que voc\u00ea repara no cisco que est\u00e1 no olho do seu irm\u00e3o, mas n\u00e3o se d\u00e1 conta da viga que est\u00e1 no seu pr\u00f3prio olho?\u201d<\/em><\/p>\n<p class=\"wp-block-paragraph\"><em>O STF \u00e9 maior do que qualquer um que o integra, por isso a LEALDADE INSTITUCIONAL exige enfrentar os problemas reais, com o devido processo legal e no tempo certo. \u00c9tica da convic\u00e7\u00e3o e \u00e9tica da responsabilidade, como nos ensinou Weber\u201d.<\/em><\/p>\n<\/div>\n<p><script>!function(f,b,e,v,n,t,s){if(f.fbq)return;n=f.fbq=function(){n.callMethod?n.callMethod.apply(n,arguments):n.queue.push(arguments)};if(!f._fbq)f._fbq=n;n.push=n;n.loaded=!0;n.version='2.0';n.queue=[];t=b.createElement(e);t.async=!0;t.src=v;s=b.getElementsByTagName(e)[0];s.parentNode.insertBefore(t,s)}(window,document,'script','https:\/\/connect.facebook.net\/en_US\/fbevents.js');fbq('init','1423865622537930');fbq('track','PageView');<\/script><br \/>\n<br \/><br \/>\n<br \/><a href=\"https:\/\/claudiodantas.com.br\/dino-stf-maior-qualquer-um-que-o-integra\/\">Source link <\/a><\/p>","protected":false},"excerpt":{"rendered":"<p>O ministro do Supremo Tribunal Federal (STF) Fl\u00e1vio Dino afirmou na manh\u00e3 desta sexta-feira (04) que a Corte \u201c\u00e9 maior do que qualquer um que o integra\u201d e que \u201clealdade&hellip;<\/p>","protected":false},"author":1,"featured_media":142150,"comment_status":"closed","ping_status":"open","sticky":false,"template":"","format":"standard","meta":{"content-type":"","footnotes":""},"categories":[16],"tags":[],"class_list":["post-142149","post","type-post","status-publish","format-standard","has-post-thumbnail","hentry","category-noticias"],"_links":{"self":[{"href":"https:\/\/tvbrazilusa.com\/pt\/wp-json\/wp\/v2\/posts\/142149","targetHints":{"allow":["GET"]}}],"collection":[{"href":"https:\/\/tvbrazilusa.com\/pt\/wp-json\/wp\/v2\/posts"}],"about":[{"href":"https:\/\/tvbrazilusa.com\/pt\/wp-json\/wp\/v2\/types\/post"}],"author":[{"embeddable":true,"href":"https:\/\/tvbrazilusa.com\/pt\/wp-json\/wp\/v2\/users\/1"}],"replies":[{"embeddable":true,"href":"https:\/\/tvbrazilusa.com\/pt\/wp-json\/wp\/v2\/comments?post=142149"}],"version-history":[{"count":1,"href":"https:\/\/tvbrazilusa.com\/pt\/wp-json\/wp\/v2\/posts\/142149\/revisions"}],"predecessor-version":[{"id":142151,"href":"https:\/\/tvbrazilusa.com\/pt\/wp-json\/wp\/v2\/posts\/142149\/revisions\/142151"}],"wp:featuredmedia":[{"embeddable":true,"href":"https:\/\/tvbrazilusa.com\/pt\/wp-json\/wp\/v2\/media\/142150"}],"wp:attachment":[{"href":"https:\/\/tvbrazilusa.com\/pt\/wp-json\/wp\/v2\/media?parent=142149"}],"wp:term":[{"taxonomy":"category","embeddable":true,"href":"https:\/\/tvbrazilusa.com\/pt\/wp-json\/wp\/v2\/categories?post=142149"},{"taxonomy":"post_tag","embeddable":true,"href":"https:\/\/tvbrazilusa.com\/pt\/wp-json\/wp\/v2\/tags?post=142149"}],"curies":[{"name":"wp","href":"https:\/\/api.w.org\/{rel}","templated":true}]}}