{"id":142152,"date":"2026-09-04T15:10:36","date_gmt":"2026-09-04T15:10:36","guid":{"rendered":"https:\/\/tvbrazilusa.com\/2026\/09\/04\/gilmar-barra-cobranca-de-sindicato-de-juizes-a-nao-filiados\/"},"modified":"2026-09-04T15:12:36","modified_gmt":"2026-09-04T15:12:36","slug":"gilmar-barra-cobranca-de-sindicato-de-juizes-a-nao-filiados","status":"publish","type":"post","link":"https:\/\/tvbrazilusa.com\/pt\/2026\/09\/04\/gilmar-barra-cobranca-de-sindicato-de-juizes-a-nao-filiados\/","title":{"rendered":"Gilmar barra cobran\u00e7a de sindicato de ju\u00edzes a n\u00e3o filiados"},"content":{"rendered":"<script async src=\"https:\/\/pagead2.googlesyndication.com\/pagead\/js\/adsbygoogle.js?client=ca-pub-8864793242727901\"\r\n     crossorigin=\"anonymous\"><\/script>\n<div id=\"cd-article-content\" itemprop=\"articleBody\">\n<p class=\"wp-block-paragraph\">O ministro Gilmar Mendes, do Supremo Tribunal Federal (<a href=\"https:\/\/portal.stf.jus.br\/\" target=\"_blank\" rel=\"noopener\">STF<\/a>), proibiu o Sindicato dos Magistrados do Brasil (Sindmagis) de cobrar contribui\u00e7\u00f5es de ju\u00edzes que n\u00e3o tenham aderido expressamente \u00e0 entidade. A decis\u00e3o \u00e9 provis\u00f3ria e vale at\u00e9 que o Supremo analise a possibilidade de representa\u00e7\u00e3o sindical da magistratura.<\/p>\n<p><a href=\"https:\/\/whatsapp.com\/channel\/0029VaTFkH2HVvTbkE883x1x\" target=\"_blank\" class=\"whatsapp-channel-message\" rel=\"noopener\">\u2705 Siga o canal do Claudio Dantas no WhatsApp<\/a><\/p>\n<p class=\"wp-block-paragraph\">A medida foi tomada dias antes da Assembleia Geral Extraordin\u00e1ria do Sindmagis, marcada para s\u00e1bado (5). A entidade pretendia discutir, entre outros temas, a cria\u00e7\u00e3o de uma contribui\u00e7\u00e3o assistencial.<\/p>\n<p class=\"wp-block-paragraph\">Na decis\u00e3o, <a href=\"https:\/\/claudiodantas.com.br\/tag\/gilmar-mendes\/\" data-type=\"post_tag\" data-id=\"32\">Gilmar <\/a>afirmou haver <em>\u201cs\u00e9rias d\u00favidas quanto \u00e0 compatibilidade do regime constitucional da magistratura com a representa\u00e7\u00e3o da categoria por meio de sindicatos\u201d<\/em>.<\/p>\n<p class=\"wp-block-paragraph\">O processo foi apresentado pela Associa\u00e7\u00e3o dos Magistrados Brasileiros (AMB) e outras entidades contra a Uni\u00e3o e o Sindmagis. As associa\u00e7\u00f5es contestam o registro sindical concedido pelo Minist\u00e9rio do Trabalho em janeiro deste ano.<\/p>\n<h3 class=\"wp-block-heading\">Contribui\u00e7\u00e3o n\u00e3o poder\u00e1 atingir n\u00e3o filiados<\/h3>\n<p class=\"wp-block-paragraph\">Gilmar determinou que eventual contribui\u00e7\u00e3o assistencial, negocial ou equivalente n\u00e3o seja cobrada de magistrados que n\u00e3o tenham manifestado ades\u00e3o expressa ao sindicato enquanto o STF n\u00e3o tomar uma decis\u00e3o definitiva sobre o caso.<\/p>\n<p class=\"wp-block-paragraph\"><em>\u201cNessas circunst\u00e2ncias, revela-se adequado assegurar, provisoriamente, que eventual delibera\u00e7\u00e3o relativa \u00e0 institui\u00e7\u00e3o de contribui\u00e7\u00e3o assistencial, negocial ou equivalente n\u00e3o produza efeitos em rela\u00e7\u00e3o a magistrados que n\u00e3o tenham manifestado ades\u00e3o expressa \u00e0 entidade sindical, at\u00e9 ulterior delibera\u00e7\u00e3o deste Tribunal\u201d<\/em>, escreveu o ministro.<\/p>\n<p class=\"wp-block-paragraph\">A decis\u00e3o, por\u00e9m, n\u00e3o impede a livre associa\u00e7\u00e3o dos magistrados.<\/p>\n<h3 class=\"wp-block-heading\">Entidades questionam registro sindical<\/h3>\n<p class=\"wp-block-paragraph\">A AMB e as demais associa\u00e7\u00f5es sustentam que os magistrados est\u00e3o submetidos a um regime constitucional pr\u00f3prio. Por isso, argumentam que a categoria n\u00e3o poderia ser enquadrada como categoria profissional para fins de organiza\u00e7\u00e3o sindical.<\/p>\n<p class=\"wp-block-paragraph\">O registro do Sindmagis foi concedido pelo Minist\u00e9rio do Trabalho em janeiro.<\/p>\n<p class=\"wp-block-paragraph\">A assembleia convocada pela entidade pretende discutir tamb\u00e9m os rumos da organiza\u00e7\u00e3o. Na convoca\u00e7\u00e3o, o sindicato afirmou que a magistratura se reunir\u00e1 diante de <em>\u201ccrescentes tens\u00f5es institucionais e do leg\u00edtimo anseio popular por integridade p\u00fablica\u201d<\/em> para tratar de <em>\u201crumos fundamentais para o reequil\u00edbrio dos poderes e a preserva\u00e7\u00e3o do Estado Democr\u00e1tico de Direito\u201d<\/em>.<\/p>\n<p class=\"wp-block-paragraph\">A quest\u00e3o sobre a possibilidade de sindicatos representarem magistrados ainda ser\u00e1 analisada pelo STF.<\/p>\n<\/div>\n<p><script>!function(f,b,e,v,n,t,s){if(f.fbq)return;n=f.fbq=function(){n.callMethod?n.callMethod.apply(n,arguments):n.queue.push(arguments)};if(!f._fbq)f._fbq=n;n.push=n;n.loaded=!0;n.version='2.0';n.queue=[];t=b.createElement(e);t.async=!0;t.src=v;s=b.getElementsByTagName(e)[0];s.parentNode.insertBefore(t,s)}(window,document,'script','https:\/\/connect.facebook.net\/en_US\/fbevents.js');fbq('init','1423865622537930');fbq('track','PageView');<\/script><br \/>\n<br \/><br \/>\n<br \/><a href=\"https:\/\/claudiodantas.com.br\/gilmar-barra-cobranca-de-sindicato-de-juizes-a-nao-filiados\/\">Source link <\/a><\/p>","protected":false},"excerpt":{"rendered":"<p>O ministro Gilmar Mendes, do Supremo Tribunal Federal (STF), proibiu o Sindicato dos Magistrados do Brasil (Sindmagis) de cobrar contribui\u00e7\u00f5es de ju\u00edzes que n\u00e3o tenham aderido expressamente \u00e0 entidade. A&hellip;<\/p>","protected":false},"author":1,"featured_media":139932,"comment_status":"closed","ping_status":"open","sticky":false,"template":"","format":"standard","meta":{"content-type":"","footnotes":""},"categories":[16],"tags":[],"class_list":["post-142152","post","type-post","status-publish","format-standard","has-post-thumbnail","hentry","category-noticias"],"_links":{"self":[{"href":"https:\/\/tvbrazilusa.com\/pt\/wp-json\/wp\/v2\/posts\/142152","targetHints":{"allow":["GET"]}}],"collection":[{"href":"https:\/\/tvbrazilusa.com\/pt\/wp-json\/wp\/v2\/posts"}],"about":[{"href":"https:\/\/tvbrazilusa.com\/pt\/wp-json\/wp\/v2\/types\/post"}],"author":[{"embeddable":true,"href":"https:\/\/tvbrazilusa.com\/pt\/wp-json\/wp\/v2\/users\/1"}],"replies":[{"embeddable":true,"href":"https:\/\/tvbrazilusa.com\/pt\/wp-json\/wp\/v2\/comments?post=142152"}],"version-history":[{"count":1,"href":"https:\/\/tvbrazilusa.com\/pt\/wp-json\/wp\/v2\/posts\/142152\/revisions"}],"predecessor-version":[{"id":142153,"href":"https:\/\/tvbrazilusa.com\/pt\/wp-json\/wp\/v2\/posts\/142152\/revisions\/142153"}],"wp:featuredmedia":[{"embeddable":true,"href":"https:\/\/tvbrazilusa.com\/pt\/wp-json\/wp\/v2\/media\/139932"}],"wp:attachment":[{"href":"https:\/\/tvbrazilusa.com\/pt\/wp-json\/wp\/v2\/media?parent=142152"}],"wp:term":[{"taxonomy":"category","embeddable":true,"href":"https:\/\/tvbrazilusa.com\/pt\/wp-json\/wp\/v2\/categories?post=142152"},{"taxonomy":"post_tag","embeddable":true,"href":"https:\/\/tvbrazilusa.com\/pt\/wp-json\/wp\/v2\/tags?post=142152"}],"curies":[{"name":"wp","href":"https:\/\/api.w.org\/{rel}","templated":true}]}}