{"id":142160,"date":"2026-09-04T16:05:51","date_gmt":"2026-09-04T16:05:51","guid":{"rendered":"https:\/\/tvbrazilusa.com\/2026\/09\/04\/com-stf-em-crise-lula-diz-que-ninguem-pode-usar-cargo\/"},"modified":"2026-09-04T16:07:34","modified_gmt":"2026-09-04T16:07:34","slug":"com-stf-em-crise-lula-diz-que-ninguem-pode-usar-cargo","status":"publish","type":"post","link":"https:\/\/tvbrazilusa.com\/pt\/2026\/09\/04\/com-stf-em-crise-lula-diz-que-ninguem-pode-usar-cargo\/","title":{"rendered":"Com STF em crise, Lula diz que ningu\u00e9m pode usar cargo"},"content":{"rendered":"<script async src=\"https:\/\/pagead2.googlesyndication.com\/pagead\/js\/adsbygoogle.js?client=ca-pub-8864793242727901\"\r\n     crossorigin=\"anonymous\"><\/script>\n<div id=\"cd-article-content\" itemprop=\"articleBody\">\n<p class=\"wp-block-paragraph\">Em meio \u00e0 crise que atinge o <a href=\"https:\/\/portal.stf.jus.br\/\" target=\"_blank\" rel=\"noopener\">Supremo Tribunal Federal (STF)<\/a>, o<a href=\"https:\/\/claudiodantas.com.br\/tag\/lula-pt-2\/\" data-type=\"post_tag\" data-id=\"14303\"> presidente Lula (PT)<\/a> afirmou nesta sexta-feira (4) que nenhuma autoridade pode usar o cargo para obter benef\u00edcios pessoais. A declara\u00e7\u00e3o foi feita no Pal\u00e1cio do Planalto, ao lado do presidente da Corte, Edson Fachin, em meio ao desgaste provocado pelas revela\u00e7\u00f5es envolvendo o ministro Alexandre de Moraes e o banqueiro Daniel Vorcaro, do Banco Master.<\/p>\n<p><a href=\"https:\/\/whatsapp.com\/channel\/0029VaTFkH2HVvTbkE883x1x\" target=\"_blank\" class=\"whatsapp-channel-message\" rel=\"noopener\">\u2705 Siga o canal do Claudio Dantas no WhatsApp<\/a><\/p>\n<p class=\"wp-block-paragraph\">\u201cNingu\u00e9m, em nome da democracia, pode usar o cargo que tem em benef\u00edcio pessoal\u201d, afirmou Lula durante cerim\u00f4nia de san\u00e7\u00e3o de leis que criam fundos para a Justi\u00e7a Federal e o Minist\u00e9rio P\u00fablico Federal.<\/p>\n<p class=\"wp-block-paragraph\">Embora tenha feito refer\u00eancia direta ao uso de cargos p\u00fablicos, Lula n\u00e3o citou Moraes.<\/p>\n<p class=\"wp-block-paragraph\">O presidente tamb\u00e9m cobrou transpar\u00eancia na condu\u00e7\u00e3o das apura\u00e7\u00f5es. Ao se dirigir a Fachin, Lula afirmou que cabe ao presidente do STF e ao procurador-geral da Rep\u00fablica, Paulo Gonet, dar respostas \u00e0 sociedade sem esconder informa\u00e7\u00f5es.<\/p>\n<p class=\"wp-block-paragraph\">\u201cEst\u00e1 nas suas costas e nas do Gonet a responsabilidade de passar o m\u00ednimo de tranquilidade, sem tentar esconder absolutamente nada\u201d, disse.<\/p>\n<p class=\"wp-block-paragraph\">Na avalia\u00e7\u00e3o de Lula, a crise n\u00e3o pode comprometer a confian\u00e7a da popula\u00e7\u00e3o nas institui\u00e7\u00f5es. O presidente afirmou que far\u00e1 um \u201cesfor\u00e7o sobrenatural\u201d para impedir que a sociedade perca a credibilidade no sistema democr\u00e1tico.<\/p>\n<p class=\"wp-block-paragraph\">\u201cTenho uma preocupa\u00e7\u00e3o, como presidente da Rep\u00fablica, de tentar fazer um esfor\u00e7o sobrenatural para que a sociedade brasileira n\u00e3o perca a esperan\u00e7a, a f\u00e9 e a credibilidade nas institui\u00e7\u00f5es que s\u00e3o respons\u00e1veis por garantir o funcionamento do sistema democr\u00e1tico brasileiro e o Estado de Direito\u201d, declarou.<\/p>\n<p class=\"wp-block-paragraph\">Lula tamb\u00e9m defendeu uma discuss\u00e3o sobre uma nova reforma do Judici\u00e1rio no pr\u00f3ximo ano. Segundo o presidente, o debate deve buscar preservar a confian\u00e7a da popula\u00e7\u00e3o na Justi\u00e7a.<\/p>\n<p class=\"wp-block-paragraph\">\u201cTenho certeza que faremos, para o pr\u00f3ximo ano, uma discuss\u00e3o profunda sobre a reforma do Judici\u00e1rio, para que o povo possa continuar acreditando na Justi\u00e7a\u201d, afirmou.<\/p>\n<p class=\"wp-block-paragraph\">O petista ainda criticou o que chamou de tentativas de enfraquecer e desmoralizar as institui\u00e7\u00f5es. Segundo ele, democracias fortes dependem de \u00f3rg\u00e3os capazes de garantir o funcionamento do Estado de Direito.<\/p>\n<p class=\"wp-block-paragraph\"><strong>Crise no Supremo<\/strong><\/p>\n<p class=\"wp-block-paragraph\">A crise no STF ganhou for\u00e7a ap\u00f3s Andr\u00e9 Mendon\u00e7a determinar a retirada do sigilo de documentos relacionados \u00e0s investiga\u00e7\u00f5es sobre o Banco Master. Entre os materiais divulgados estavam mensagens enviadas por Vorcaro a Moraes antes da pris\u00e3o do banqueiro.<\/p>\n<p class=\"wp-block-paragraph\">Em uma das conversas, Vorcaro questionou Moraes sobre a possibilidade de deixar o pa\u00eds antes de ser preso. Em outras mensagens, o banqueiro tamb\u00e9m pediu ao ministro que tratasse de assuntos relacionados ao caso com o diretor-geral da Pol\u00edcia Federal, Andrei Rodrigues, e com Gonet.<\/p>\n<p class=\"wp-block-paragraph\">Ap\u00f3s a divulga\u00e7\u00e3o do material, Moraes pediu que Mendon\u00e7a fosse investigado por poss\u00edveis irregularidades na condu\u00e7\u00e3o de inqu\u00e9ritos sob sua relatoria. O epis\u00f3dio exp\u00f4s um conflito entre dois ministros do Supremo e elevou a press\u00e3o sobre Fachin.<\/p>\n<p class=\"wp-block-paragraph\">O presidente do STF abriu um procedimento para analisar os fatos e determinou que os envolvidos apresentem esclarecimentos.<\/p>\n<p class=\"wp-block-paragraph\">Durante a cerim\u00f4nia no Planalto, Fachin afirmou que a resposta institucional da Corte ser\u00e1 \u201cfirme, proporcional e rigorosa\u201d, dentro dos limites da Constitui\u00e7\u00e3o e da legisla\u00e7\u00e3o.<\/p>\n<\/div>\n<p><script>!function(f,b,e,v,n,t,s){if(f.fbq)return;n=f.fbq=function(){n.callMethod?n.callMethod.apply(n,arguments):n.queue.push(arguments)};if(!f._fbq)f._fbq=n;n.push=n;n.loaded=!0;n.version='2.0';n.queue=[];t=b.createElement(e);t.async=!0;t.src=v;s=b.getElementsByTagName(e)[0];s.parentNode.insertBefore(t,s)}(window,document,'script','https:\/\/connect.facebook.net\/en_US\/fbevents.js');fbq('init','1423865622537930');fbq('track','PageView');<\/script><br \/>\n<br \/><br \/>\n<br \/><a href=\"https:\/\/claudiodantas.com.br\/com-stf-em-crise-lula-ninguem-pode-usar-cargo\/\">Source link <\/a><\/p>","protected":false},"excerpt":{"rendered":"<p>Em meio \u00e0 crise que atinge o Supremo Tribunal Federal (STF), o presidente Lula (PT) afirmou nesta sexta-feira (4) que nenhuma autoridade pode usar o cargo para obter benef\u00edcios pessoais.&hellip;<\/p>","protected":false},"author":1,"featured_media":142161,"comment_status":"closed","ping_status":"open","sticky":false,"template":"","format":"standard","meta":{"content-type":"","footnotes":""},"categories":[16],"tags":[],"class_list":["post-142160","post","type-post","status-publish","format-standard","has-post-thumbnail","hentry","category-noticias"],"_links":{"self":[{"href":"https:\/\/tvbrazilusa.com\/pt\/wp-json\/wp\/v2\/posts\/142160","targetHints":{"allow":["GET"]}}],"collection":[{"href":"https:\/\/tvbrazilusa.com\/pt\/wp-json\/wp\/v2\/posts"}],"about":[{"href":"https:\/\/tvbrazilusa.com\/pt\/wp-json\/wp\/v2\/types\/post"}],"author":[{"embeddable":true,"href":"https:\/\/tvbrazilusa.com\/pt\/wp-json\/wp\/v2\/users\/1"}],"replies":[{"embeddable":true,"href":"https:\/\/tvbrazilusa.com\/pt\/wp-json\/wp\/v2\/comments?post=142160"}],"version-history":[{"count":1,"href":"https:\/\/tvbrazilusa.com\/pt\/wp-json\/wp\/v2\/posts\/142160\/revisions"}],"predecessor-version":[{"id":142162,"href":"https:\/\/tvbrazilusa.com\/pt\/wp-json\/wp\/v2\/posts\/142160\/revisions\/142162"}],"wp:featuredmedia":[{"embeddable":true,"href":"https:\/\/tvbrazilusa.com\/pt\/wp-json\/wp\/v2\/media\/142161"}],"wp:attachment":[{"href":"https:\/\/tvbrazilusa.com\/pt\/wp-json\/wp\/v2\/media?parent=142160"}],"wp:term":[{"taxonomy":"category","embeddable":true,"href":"https:\/\/tvbrazilusa.com\/pt\/wp-json\/wp\/v2\/categories?post=142160"},{"taxonomy":"post_tag","embeddable":true,"href":"https:\/\/tvbrazilusa.com\/pt\/wp-json\/wp\/v2\/tags?post=142160"}],"curies":[{"name":"wp","href":"https:\/\/api.w.org\/{rel}","templated":true}]}}