{"id":142171,"date":"2026-09-04T17:15:53","date_gmt":"2026-09-04T17:15:53","guid":{"rendered":"https:\/\/tvbrazilusa.com\/2026\/09\/04\/trump-corta-beneficios-de-escolas-que-adotem-politicas-raciais\/"},"modified":"2026-09-04T17:25:57","modified_gmt":"2026-09-04T17:25:57","slug":"trump-corta-beneficios-de-escolas-que-adotem-politicas-raciais","status":"publish","type":"post","link":"https:\/\/tvbrazilusa.com\/pt\/2026\/09\/04\/trump-corta-beneficios-de-escolas-que-adotem-politicas-raciais\/","title":{"rendered":"Trump corta benef\u00edcios de escolas que adotem pol\u00edticas raciais"},"content":{"rendered":"<script async src=\"https:\/\/pagead2.googlesyndication.com\/pagead\/js\/adsbygoogle.js?client=ca-pub-8864793242727901\"\r\n     crossorigin=\"anonymous\"><\/script>\n<div id=\"cd-article-content\" itemprop=\"articleBody\">\n<p class=\"wp-block-paragraph\">O governo Donald <a href=\"https:\/\/claudiodantas.com.br\/a-politica-de-resultados-de-donald-trump\/\" data-type=\"post\" data-id=\"25523\">Trump <\/a>anunciou nesta quinta-feira (3) uma nova pol\u00edtica para retirar a isen\u00e7\u00e3o de impostos federais de escolas particulares que adotem pr\u00e1ticas baseadas em ra\u00e7a ou promovam pol\u00edticas de diversidade. A medida foi anunciada pelo Departamento do Tesouro e pelo Servi\u00e7o de Receita Federal (<a href=\"https:\/\/www.irs.gov\/\" target=\"_blank\" rel=\"noopener\">IRS<\/a>) e segue ordens executivas do presidente para restaurar \u201ca oportunidade baseada no m\u00e9rito\u201d.<\/p>\n<p><a href=\"https:\/\/whatsapp.com\/channel\/0029VaTFkH2HVvTbkE883x1x\" target=\"_blank\" class=\"whatsapp-channel-message\" rel=\"noopener\">\u2705 Siga o canal do Claudio Dantas no WhatsApp<\/a><\/p>\n<p class=\"wp-block-paragraph\">A proposta poder\u00e1 atingir at\u00e9 18 mil institui\u00e7\u00f5es privadas de ensino nos Estados Unidos. A previs\u00e3o \u00e9 que a regulamenta\u00e7\u00e3o final valha para anos fiscais iniciados a partir de 31 de maio de 2027. O prazo permitir\u00e1 que as institui\u00e7\u00f5es revisem suas pol\u00edticas, segundo as autoridades.<\/p>\n<p class=\"wp-block-paragraph\">A regra alcan\u00e7ar\u00e1 escolas de ensino fundamental e m\u00e9dio, universidades e institui\u00e7\u00f5es profissionalizantes. As restri\u00e7\u00f5es tamb\u00e9m envolver\u00e3o admiss\u00f5es, bolsas de estudo, empr\u00e9stimos, atividades esportivas e outros programas administrados ou apoiados pelas institui\u00e7\u00f5es.<\/p>\n<p class=\"wp-block-paragraph\">O secret\u00e1rio do Tesouro, Scott Bessent, afirmou que a pol\u00edtica busca impedir pr\u00e1ticas consideradas discriminat\u00f3rias.<\/p>\n<p class=\"wp-block-paragraph\">\u201cSob a presid\u00eancia de Trump, esta administra\u00e7\u00e3o est\u00e1 defendendo os estudantes americanos, garantindo que a discrimina\u00e7\u00e3o racial n\u00e3o tenha lugar na educa\u00e7\u00e3o americana\u201d, disse Bessent.<\/p>\n<p class=\"wp-block-paragraph\">O secret\u00e1rio tamb\u00e9m afirmou que a mudan\u00e7a n\u00e3o ser\u00e1 afastada pelo uso de termos relacionados \u00e0 inclus\u00e3o ou diversidade.<\/p>\n<p class=\"wp-block-paragraph\">\u201cEscolas que classificam prefer\u00eancias baseadas em ra\u00e7a como equitativas, inclusivas ou que promovem a diversidade n\u00e3o alteram sua natureza discriminat\u00f3ria. As regulamenta\u00e7\u00f5es propostas hoje pelo Tesouro e pela Receita Federal estabelecem um padr\u00e3o claro, e as institui\u00e7\u00f5es que continuarem a usar pr\u00e1ticas discriminat\u00f3rias n\u00e3o receber\u00e3o mais os benef\u00edcios da isen\u00e7\u00e3o de impostos federais\u201d, acrescentou.<\/p>\n<p class=\"wp-block-paragraph\">A proposta tamb\u00e9m elimina regras do IRS que permitiam \u00e0s escolas favorecer determinados grupos de estudantes. Entre os programas afetados est\u00e3o iniciativas voltadas a alunos estrangeiros.<\/p>\n<p class=\"wp-block-paragraph\">A medida integra a ofensiva do governo Trump contra pol\u00edticas de diversidade, equidade e inclus\u00e3o, conhecidas pela sigla DEI, em escolas e universidades americanas.<\/p>\n<\/div>\n<p><script>!function(f,b,e,v,n,t,s){if(f.fbq)return;n=f.fbq=function(){n.callMethod?n.callMethod.apply(n,arguments):n.queue.push(arguments)};if(!f._fbq)f._fbq=n;n.push=n;n.loaded=!0;n.version='2.0';n.queue=[];t=b.createElement(e);t.async=!0;t.src=v;s=b.getElementsByTagName(e)[0];s.parentNode.insertBefore(t,s)}(window,document,'script','https:\/\/connect.facebook.net\/en_US\/fbevents.js');fbq('init','1423865622537930');fbq('track','PageView');<\/script><br \/>\n<br \/><br \/>\n<br \/><a href=\"https:\/\/claudiodantas.com.br\/trump-corta-beneficios-fiscais-de-escolas-que-adotem-politicas-raciais\/\">Source link <\/a><\/p>","protected":false},"excerpt":{"rendered":"<p>O governo Donald Trump anunciou nesta quinta-feira (3) uma nova pol\u00edtica para retirar a isen\u00e7\u00e3o de impostos federais de escolas particulares que adotem pr\u00e1ticas baseadas em ra\u00e7a ou promovam pol\u00edticas&hellip;<\/p>","protected":false},"author":1,"featured_media":136545,"comment_status":"closed","ping_status":"open","sticky":false,"template":"","format":"standard","meta":{"content-type":"","footnotes":""},"categories":[16],"tags":[],"class_list":["post-142171","post","type-post","status-publish","format-standard","has-post-thumbnail","hentry","category-noticias"],"_links":{"self":[{"href":"https:\/\/tvbrazilusa.com\/pt\/wp-json\/wp\/v2\/posts\/142171","targetHints":{"allow":["GET"]}}],"collection":[{"href":"https:\/\/tvbrazilusa.com\/pt\/wp-json\/wp\/v2\/posts"}],"about":[{"href":"https:\/\/tvbrazilusa.com\/pt\/wp-json\/wp\/v2\/types\/post"}],"author":[{"embeddable":true,"href":"https:\/\/tvbrazilusa.com\/pt\/wp-json\/wp\/v2\/users\/1"}],"replies":[{"embeddable":true,"href":"https:\/\/tvbrazilusa.com\/pt\/wp-json\/wp\/v2\/comments?post=142171"}],"version-history":[{"count":1,"href":"https:\/\/tvbrazilusa.com\/pt\/wp-json\/wp\/v2\/posts\/142171\/revisions"}],"predecessor-version":[{"id":142172,"href":"https:\/\/tvbrazilusa.com\/pt\/wp-json\/wp\/v2\/posts\/142171\/revisions\/142172"}],"wp:featuredmedia":[{"embeddable":true,"href":"https:\/\/tvbrazilusa.com\/pt\/wp-json\/wp\/v2\/media\/136545"}],"wp:attachment":[{"href":"https:\/\/tvbrazilusa.com\/pt\/wp-json\/wp\/v2\/media?parent=142171"}],"wp:term":[{"taxonomy":"category","embeddable":true,"href":"https:\/\/tvbrazilusa.com\/pt\/wp-json\/wp\/v2\/categories?post=142171"},{"taxonomy":"post_tag","embeddable":true,"href":"https:\/\/tvbrazilusa.com\/pt\/wp-json\/wp\/v2\/tags?post=142171"}],"curies":[{"name":"wp","href":"https:\/\/api.w.org\/{rel}","templated":true}]}}