{"id":142173,"date":"2026-09-04T17:14:54","date_gmt":"2026-09-04T17:14:54","guid":{"rendered":"https:\/\/tvbrazilusa.com\/2026\/09\/04\/nikolas-diz-que-mendonca-deveria-dar-voz-de-prisao-a-moraes\/"},"modified":"2026-09-04T17:36:29","modified_gmt":"2026-09-04T17:36:29","slug":"nikolas-diz-que-mendonca-deveria-dar-voz-de-prisao-a-moraes","status":"publish","type":"post","link":"https:\/\/tvbrazilusa.com\/pt\/2026\/09\/04\/nikolas-diz-que-mendonca-deveria-dar-voz-de-prisao-a-moraes\/","title":{"rendered":"Nikolas diz que Mendon\u00e7a deveria dar voz de pris\u00e3o a Moraes"},"content":{"rendered":"<script async src=\"https:\/\/pagead2.googlesyndication.com\/pagead\/js\/adsbygoogle.js?client=ca-pub-8864793242727901\"\r\n     crossorigin=\"anonymous\"><\/script>\n<div id=\"cd-article-content\" itemprop=\"articleBody\">\n<p class=\"wp-block-paragraph\">O <a href=\"https:\/\/claudiodantas.com.br\/tag\/nikolas-ferreira\/\" data-type=\"post_tag\" data-id=\"175\">deputado federal Nikolas Ferreira (PL-MG)<\/a> afirmou nesta quinta-feira (3) que o ministro Andr\u00e9 Mendon\u00e7a deveria dar voz de pris\u00e3o ao ministro Alexandre de Moraes durante uma sess\u00e3o do <a href=\"https:\/\/portal.stf.jus.br\/\" target=\"_blank\" rel=\"noopener\">Supremo Tribunal Federal (STF)<\/a>.<\/p>\n<p><a href=\"https:\/\/whatsapp.com\/channel\/0029VaTFkH2HVvTbkE883x1x\" target=\"_blank\" class=\"whatsapp-channel-message\" rel=\"noopener\">\u2705 Siga o canal do Claudio Dantas no WhatsApp<\/a><\/p>\n<p class=\"wp-block-paragraph\">\u201cMendon\u00e7a tem que dar voz de pris\u00e3o ao Moraes em plen\u00e1rio\u201d, escreveu Nikolas em uma publica\u00e7\u00e3o no X.<\/p>\n<p class=\"wp-block-paragraph\">A declara\u00e7\u00e3o ocorreu no mesmo dia em que Moraes pediu a investiga\u00e7\u00e3o de Mendon\u00e7a por suposto abuso de autoridade. O movimento aprofundou o embate entre os dois ministros e exp\u00f4s uma crise interna na Corte.<\/p>\n<p class=\"wp-block-paragraph\">O pedido de Moraes veio dois dias ap\u00f3s Mendon\u00e7a determinar a retirada do sigilo de documentos relacionados ao caso Banco Master. Entre os materiais estavam mensagens enviadas pelo banqueiro Daniel Vorcaro a Moraes, obtidas pela Pol\u00edcia Federal durante as investiga\u00e7\u00f5es.<\/p>\n<p class=\"wp-block-paragraph\"><strong>Nikolas \u00e9 citado em \u00e1udio<\/strong><\/p>\n<p class=\"wp-block-paragraph\">A manifesta\u00e7\u00e3o do deputado tamb\u00e9m ocorre ap\u00f3s seu nome aparecer em um \u00e1udio atribu\u00eddo a uma conversa com Vorcaro. O conte\u00fado foi divulgado nesta semana pelo ICL Not\u00edcias e mostra Nikolas pedindo um favor ao banqueiro, a quem chama de \u201cDani\u201d.<\/p>\n<p class=\"wp-block-paragraph\">Ap\u00f3s a divulga\u00e7\u00e3o, o deputado negou ter recebido dinheiro de Vorcaro e afirmou que nunca encontrou pessoalmente o empres\u00e1rio.<\/p>\n<\/div>\n<p><script>!function(f,b,e,v,n,t,s){if(f.fbq)return;n=f.fbq=function(){n.callMethod?n.callMethod.apply(n,arguments):n.queue.push(arguments)};if(!f._fbq)f._fbq=n;n.push=n;n.loaded=!0;n.version='2.0';n.queue=[];t=b.createElement(e);t.async=!0;t.src=v;s=b.getElementsByTagName(e)[0];s.parentNode.insertBefore(t,s)}(window,document,'script','https:\/\/connect.facebook.net\/en_US\/fbevents.js');fbq('init','1423865622537930');fbq('track','PageView');<\/script><br \/>\n<br \/><br \/>\n<br \/><a href=\"https:\/\/claudiodantas.com.br\/nikolas-mendonca-dar-voz-de-prisao-a-moraes\/\">Source link <\/a><\/p>","protected":false},"excerpt":{"rendered":"<p>O deputado federal Nikolas Ferreira (PL-MG) afirmou nesta quinta-feira (3) que o ministro Andr\u00e9 Mendon\u00e7a deveria dar voz de pris\u00e3o ao ministro Alexandre de Moraes durante uma sess\u00e3o do Supremo&hellip;<\/p>","protected":false},"author":1,"featured_media":142174,"comment_status":"closed","ping_status":"open","sticky":false,"template":"","format":"standard","meta":{"content-type":"","footnotes":""},"categories":[16],"tags":[],"class_list":["post-142173","post","type-post","status-publish","format-standard","has-post-thumbnail","hentry","category-noticias"],"_links":{"self":[{"href":"https:\/\/tvbrazilusa.com\/pt\/wp-json\/wp\/v2\/posts\/142173","targetHints":{"allow":["GET"]}}],"collection":[{"href":"https:\/\/tvbrazilusa.com\/pt\/wp-json\/wp\/v2\/posts"}],"about":[{"href":"https:\/\/tvbrazilusa.com\/pt\/wp-json\/wp\/v2\/types\/post"}],"author":[{"embeddable":true,"href":"https:\/\/tvbrazilusa.com\/pt\/wp-json\/wp\/v2\/users\/1"}],"replies":[{"embeddable":true,"href":"https:\/\/tvbrazilusa.com\/pt\/wp-json\/wp\/v2\/comments?post=142173"}],"version-history":[{"count":1,"href":"https:\/\/tvbrazilusa.com\/pt\/wp-json\/wp\/v2\/posts\/142173\/revisions"}],"predecessor-version":[{"id":142175,"href":"https:\/\/tvbrazilusa.com\/pt\/wp-json\/wp\/v2\/posts\/142173\/revisions\/142175"}],"wp:featuredmedia":[{"embeddable":true,"href":"https:\/\/tvbrazilusa.com\/pt\/wp-json\/wp\/v2\/media\/142174"}],"wp:attachment":[{"href":"https:\/\/tvbrazilusa.com\/pt\/wp-json\/wp\/v2\/media?parent=142173"}],"wp:term":[{"taxonomy":"category","embeddable":true,"href":"https:\/\/tvbrazilusa.com\/pt\/wp-json\/wp\/v2\/categories?post=142173"},{"taxonomy":"post_tag","embeddable":true,"href":"https:\/\/tvbrazilusa.com\/pt\/wp-json\/wp\/v2\/tags?post=142173"}],"curies":[{"name":"wp","href":"https:\/\/api.w.org\/{rel}","templated":true}]}}