{"id":142176,"date":"2026-09-04T17:43:12","date_gmt":"2026-09-04T17:43:12","guid":{"rendered":"https:\/\/tvbrazilusa.com\/2026\/09\/04\/mpe-pede-impugnacao-de-candidato-do-pt-liderar-narcomilicia\/"},"modified":"2026-09-04T17:44:13","modified_gmt":"2026-09-04T17:44:13","slug":"mpe-pede-impugnacao-de-candidato-do-pt-liderar-narcomilicia","status":"publish","type":"post","link":"https:\/\/tvbrazilusa.com\/pt\/2026\/09\/04\/mpe-pede-impugnacao-de-candidato-do-pt-liderar-narcomilicia\/","title":{"rendered":"MPE pede impugna\u00e7\u00e3o de candidato do PT liderar narcomil\u00edcia"},"content":{"rendered":"<script async src=\"https:\/\/pagead2.googlesyndication.com\/pagead\/js\/adsbygoogle.js?client=ca-pub-8864793242727901\"\r\n     crossorigin=\"anonymous\"><\/script>\n<div id=\"cd-article-content\" itemprop=\"articleBody\">\n<p class=\"wp-block-paragraph\">O <a href=\"https:\/\/www.mpf.mp.br\/atuacao\/eleitoral\" target=\"_blank\" rel=\"noopener\">Minist\u00e9rio P\u00fablico Eleitoral (MPE)<\/a> pediu a impugna\u00e7\u00e3o da candidatura \u00e0 reelei\u00e7\u00e3o do deputado estadual Renato Machado (PT-RJ), acusando-o de exercer a lideran\u00e7a pol\u00edtica de uma organiza\u00e7\u00e3o criminosa com atua\u00e7\u00e3o em Maric\u00e1, na Regi\u00e3o Metropolitana do Rio de Janeiro. Segundo a representa\u00e7\u00e3o, o grupo teria liga\u00e7\u00e3o com o <a href=\"https:\/\/claudiodantas.com.br\/tag\/terceiro-comando-puro-tcp\/\" data-type=\"post_tag\" data-id=\"13369\">Terceiro Comando Puro (TCP)<\/a> e atuaria na explora\u00e7\u00e3o de atividades ilegais no munic\u00edpio.<\/p>\n<p><a href=\"https:\/\/whatsapp.com\/channel\/0029VaTFkH2HVvTbkE883x1x\" target=\"_blank\" class=\"whatsapp-channel-message\" rel=\"noopener\">\u2705 Siga o canal do Claudio Dantas no WhatsApp<\/a><\/p>\n<p class=\"wp-block-paragraph\">A a\u00e7\u00e3o, apresentada em agosto, aponta Machado como \u201cl\u00edder do n\u00facleo pol\u00edtico e mentor intelectual\u201d da estrutura investigada. O comando operacional do grupo seria exercido por Rodrigo Jos\u00e9 Barbosa da Silva, conhecido como Rodrigo Neg\u00e3o, descrito pelo MPE como principal aliado e \u201cbra\u00e7o armado\u201d do deputado.<\/p>\n<p class=\"wp-block-paragraph\">De acordo com o Minist\u00e9rio P\u00fablico, a organiza\u00e7\u00e3o reuniria caracter\u00edsticas de mil\u00edcia e tr\u00e1fico de drogas. Entre as atividades atribu\u00eddas ao grupo est\u00e3o a explora\u00e7\u00e3o clandestina de internet e televis\u00e3o por assinatura, o com\u00e9rcio ilegal de cigarros e o tr\u00e1fico de entorpecentes.<\/p>\n<p class=\"wp-block-paragraph\">A representa\u00e7\u00e3o afirma ainda que a estrutura manteria atua\u00e7\u00e3o armada em diferentes \u00e1reas de Maric\u00e1 e seria utilizada para garantir dom\u00ednio territorial, ampliar a influ\u00eancia do grupo e intimidar ou eliminar advers\u00e1rios.<\/p>\n<p class=\"wp-block-paragraph\"><strong>Assassinato de jornalista<\/strong><\/p>\n<p class=\"wp-block-paragraph\">Entre os epis\u00f3dios citados pelo MPE est\u00e1 o assassinato do jornalista Robson Giorno, morto em Maric\u00e1 em 2019.<\/p>\n<p class=\"wp-block-paragraph\">Renato Machado chegou a ser denunciado pelo Minist\u00e9rio P\u00fablico do Rio de Janeiro (MPRJ) como suposto mandante do homic\u00eddio. Segundo a investiga\u00e7\u00e3o, a motiva\u00e7\u00e3o estaria relacionada a reportagens publicadas por Giorno quando Machado ainda era vereador do munic\u00edpio.<\/p>\n<p class=\"wp-block-paragraph\">A Justi\u00e7a, por\u00e9m, decidiu que n\u00e3o havia elementos suficientes para levar o deputado a julgamento pelo crime.<\/p>\n<p class=\"wp-block-paragraph\">Em nota, a defesa de Machado afirmou que ele foi \u201cimpronunciado\u201d, decis\u00e3o que, segundo o deputado, encerrou a acusa\u00e7\u00e3o por falta de elementos m\u00ednimos que justificassem sua participa\u00e7\u00e3o no homic\u00eddio. A defesa tamb\u00e9m acusa o MPE de utilizar informa\u00e7\u00f5es de um inqu\u00e9rito policial que, posteriormente, n\u00e3o foram validadas pelo Minist\u00e9rio P\u00fablico estadual nem pelo Judici\u00e1rio.<\/p>\n<p class=\"wp-block-paragraph\"><strong>Suspeita de esquema na SOMAR<\/strong><\/p>\n<p class=\"wp-block-paragraph\">A representa\u00e7\u00e3o eleitoral tamb\u00e9m cita a passagem de Machado pela presid\u00eancia da SOMAR, autarquia respons\u00e1vel por obras em Maric\u00e1. Segundo o MPE, teria existido no per\u00edodo um esquema de cobran\u00e7a de 20% de propina sobre contratos de obras p\u00fablicas.<\/p>\n<p class=\"wp-block-paragraph\">Para o Minist\u00e9rio P\u00fablico, os recursos teriam contribu\u00eddo para o crescimento patrimonial do deputado e ajudado a sustentar a estrutura pol\u00edtica associada ao grupo investigado.<\/p>\n<p class=\"wp-block-paragraph\">Outro ponto levantado na a\u00e7\u00e3o \u00e9 o financiamento da campanha de Machado em 2022. Dos 34 doadores registrados, 19 eram servidores da Prefeitura de Maric\u00e1 e 17 deles tinham v\u00ednculo com a SOMAR.<\/p>\n<p class=\"wp-block-paragraph\">O MPE afirma que algumas contribui\u00e7\u00f5es representavam parcela relevante da renda mensal dos servidores e v\u00ea o padr\u00e3o como poss\u00edvel ind\u00edcio de coa\u00e7\u00e3o, repasse de recursos ou \u201crachadinha\u201d para financiar o projeto pol\u00edtico.<\/p>\n<p class=\"wp-block-paragraph\">A declara\u00e7\u00e3o de bens apresentada por Machado \u00e0 Justi\u00e7a Eleitoral para a elei\u00e7\u00e3o de 2026 registra patrim\u00f4nio de aproximadamente R$ 1,3 milh\u00e3o, incluindo terrenos e im\u00f3veis em Maric\u00e1 e Niter\u00f3i.<\/p>\n<p class=\"wp-block-paragraph\">O Minist\u00e9rio P\u00fablico sustenta que a an\u00e1lise da candidatura deve considerar n\u00e3o apenas eventual condena\u00e7\u00e3o criminal, mas tamb\u00e9m a possibilidade de organiza\u00e7\u00f5es criminosas utilizarem estruturas econ\u00f4micas, territoriais e pol\u00edticas para influenciar o processo eleitoral.<\/p>\n<p class=\"wp-block-paragraph\">O pedido de impugna\u00e7\u00e3o ainda ser\u00e1 analisado pela Justi\u00e7a Eleitoral. Machado nega as acusa\u00e7\u00f5es apresentadas pelo Minist\u00e9rio P\u00fablico.<\/p>\n<\/div>\n<p><script>!function(f,b,e,v,n,t,s){if(f.fbq)return;n=f.fbq=function(){n.callMethod?n.callMethod.apply(n,arguments):n.queue.push(arguments)};if(!f._fbq)f._fbq=n;n.push=n;n.loaded=!0;n.version='2.0';n.queue=[];t=b.createElement(e);t.async=!0;t.src=v;s=b.getElementsByTagName(e)[0];s.parentNode.insertBefore(t,s)}(window,document,'script','https:\/\/connect.facebook.net\/en_US\/fbevents.js');fbq('init','1423865622537930');fbq('track','PageView');<\/script><br \/>\n<br \/><br \/>\n<br \/><a href=\"https:\/\/claudiodantas.com.br\/mpe-pede-impugnacao-candidato-pt-narcomilicia\/\">Source link <\/a><\/p>","protected":false},"excerpt":{"rendered":"<p>O Minist\u00e9rio P\u00fablico Eleitoral (MPE) pediu a impugna\u00e7\u00e3o da candidatura \u00e0 reelei\u00e7\u00e3o do deputado estadual Renato Machado (PT-RJ), acusando-o de exercer a lideran\u00e7a pol\u00edtica de uma organiza\u00e7\u00e3o criminosa com atua\u00e7\u00e3o&hellip;<\/p>","protected":false},"author":1,"featured_media":142177,"comment_status":"closed","ping_status":"open","sticky":false,"template":"","format":"standard","meta":{"content-type":"","footnotes":""},"categories":[16],"tags":[],"class_list":["post-142176","post","type-post","status-publish","format-standard","has-post-thumbnail","hentry","category-noticias"],"_links":{"self":[{"href":"https:\/\/tvbrazilusa.com\/pt\/wp-json\/wp\/v2\/posts\/142176","targetHints":{"allow":["GET"]}}],"collection":[{"href":"https:\/\/tvbrazilusa.com\/pt\/wp-json\/wp\/v2\/posts"}],"about":[{"href":"https:\/\/tvbrazilusa.com\/pt\/wp-json\/wp\/v2\/types\/post"}],"author":[{"embeddable":true,"href":"https:\/\/tvbrazilusa.com\/pt\/wp-json\/wp\/v2\/users\/1"}],"replies":[{"embeddable":true,"href":"https:\/\/tvbrazilusa.com\/pt\/wp-json\/wp\/v2\/comments?post=142176"}],"version-history":[{"count":1,"href":"https:\/\/tvbrazilusa.com\/pt\/wp-json\/wp\/v2\/posts\/142176\/revisions"}],"predecessor-version":[{"id":142178,"href":"https:\/\/tvbrazilusa.com\/pt\/wp-json\/wp\/v2\/posts\/142176\/revisions\/142178"}],"wp:featuredmedia":[{"embeddable":true,"href":"https:\/\/tvbrazilusa.com\/pt\/wp-json\/wp\/v2\/media\/142177"}],"wp:attachment":[{"href":"https:\/\/tvbrazilusa.com\/pt\/wp-json\/wp\/v2\/media?parent=142176"}],"wp:term":[{"taxonomy":"category","embeddable":true,"href":"https:\/\/tvbrazilusa.com\/pt\/wp-json\/wp\/v2\/categories?post=142176"},{"taxonomy":"post_tag","embeddable":true,"href":"https:\/\/tvbrazilusa.com\/pt\/wp-json\/wp\/v2\/tags?post=142176"}],"curies":[{"name":"wp","href":"https:\/\/api.w.org\/{rel}","templated":true}]}}