{"id":142224,"date":"2026-09-04T21:45:05","date_gmt":"2026-09-04T21:45:05","guid":{"rendered":"https:\/\/tvbrazilusa.com\/2026\/09\/04\/nas-redes-sociais-roberta-luchsinger-fala-em-misoginia-e-comenta-relatorio-da-pf-paulo-figueiredo\/"},"modified":"2026-09-04T21:49:15","modified_gmt":"2026-09-04T21:49:15","slug":"nas-redes-sociais-roberta-luchsinger-fala-em-misoginia-e-comenta-relatorio-da-pf-paulo-figueiredo","status":"publish","type":"post","link":"https:\/\/tvbrazilusa.com\/pt\/2026\/09\/04\/nas-redes-sociais-roberta-luchsinger-fala-em-misoginia-e-comenta-relatorio-da-pf-paulo-figueiredo\/","title":{"rendered":"Nas redes sociais, Roberta Luchsinger fala em &#8216;misoginia&#8217; e comenta relat\u00f3rio da PF &#8211; Paulo Figueiredo"},"content":{"rendered":"<p> <script async src=\"https:\/\/pagead2.googlesyndication.com\/pagead\/js\/adsbygoogle.js?client=ca-pub-8864793242727901\"\r\n     crossorigin=\"anonymous\"><\/script><br \/>\n<\/p>\n<div id=\"wtr-content\" data-bg=\"#FFFFFF\" data-fg=\"#006d91\" data-width=\"25\" data-mute=\"1\" data-fgopacity=\"1.00\" data-mutedopacity=\"0.5\" data-placement=\"bottom\" data-placement-offset=\"0\" data-content-offset=\"262\" data-placement-touch=\"bottom\" data-placement-offset-touch=\"0\" data-transparent=\"\" data-shadow=\"0\" data-touch=\"1\" data-non-touch=\"1\" data-comments=\"0\" data-commentsbg=\"transparent\" data-location=\"page\" data-mutedfg=\"#006d91\" data-endfg=\"#006d91\" data-rtl=\"\">\n<h4 class=\"wp-block-heading\">Lobista afirma ser tratada de forma diferente da dos homens citados no caso<\/h4>\n<p class=\"wp-block-paragraph\">A lobista Roberta Luchsinger se manifestou em seu Instagram em 4 de setembro de 2026, criticando a forma como seu nome \u00e9 tratado em um relat\u00f3rio da Pol\u00edcia Federal sobre os casos Banco Master e INSS, apontando padr\u00f5es de misoginia. Ela destacou que, enquanto \u00e9 chamada de \u201clobista\u201d, os homens s\u00e3o rotulados como \u201cempres\u00e1rios\u201d, o que desvia o foco dos fatos. Roberta tamb\u00e9m mencionou que o relat\u00f3rio n\u00e3o comprova seu conhecimento sobre fraudes e defendeu sua atua\u00e7\u00e3o na sa\u00fade p\u00fablica, enfatizando que as acusa\u00e7\u00f5es devem s<\/p>\n<p class=\"wp-block-paragraph\">A lobista Roberta Luchsinger se manifestou nesta sexta-feira, 4, em seu perfil do Instagram. As publica\u00e7\u00f5es ocorreram depois da divulga\u00e7\u00e3o de informa\u00e7\u00f5es de um relat\u00f3rio de intelig\u00eancia da\u00a0Pol\u00edcia Federal (PF)\u00a0relacionado \u00e0s investiga\u00e7\u00f5es dos casos Banco Master e\u00a0INSS.<\/p>\n<p class=\"wp-block-paragraph\">Ela criticou o que chamou de \u201cpadr\u00f5es de misoginia\u201d na forma como seu nome vem sendo tratado publicamente.<\/p>\n<p class=\"wp-block-paragraph\">Segundo Roberta, enquanto a imprensa a chama de \u201clobista\u201d, os homens no mesmo contexto recebem a classifica\u00e7\u00e3o de \u201cempres\u00e1rios\u201d. A empres\u00e1ria afirmou que esse tipo de abordagem pode deslocar o debate dos fatos e das provas para julgamentos sobre sua vida pessoal e sua condi\u00e7\u00e3o de mulher.<\/p>\n<p class=\"wp-block-paragraph\">\u201cEnquanto a m\u00eddia me trata como \u2018lobista\u2019 os demais homens citados tem a prerrogativa de serem \u2018empres\u00e1rios\u2019\u201d, escreveu. \u201c\u00c9 preciso estar atenta para que o leg\u00edtimo direito \u00e0 informa\u00e7\u00e3o n\u00e3o reproduza padr\u00f5es de misoginia que historicamente submetem mulheres a uma esp\u00e9cie de julgamento moral paralelo, no qual sua vida, sua personalidade e sua condi\u00e7\u00e3o de mulher passam a ocupar o lugar dos fatos e das provas\u201d.<\/p>\n<h4 class=\"wp-block-heading\"><strong>Roberta comenta relat\u00f3rio da PF<\/strong><\/h4>\n<p class=\"wp-block-paragraph\">Roberta tamb\u00e9m destacou trechos do relat\u00f3rio da PF. Segundo ela, o documento admite que n\u00e3o h\u00e1 como provar que ela tinha conhecimento de que valores recebidos de pessoas investigadas no esc\u00e2ndalo do INSS \u201cprovinham de fraude nos descontos associativos\u201d.<\/p>\n<p class=\"wp-block-paragraph\">Ela tamb\u00e9m alega que n\u00e3o h\u00e1 elementos para vincular F\u00e1bio Lu\u00eds Lula da Silva, o\u00a0Lulinha, \u00e0s fraudes nos descontos associativos. Roberta afirmou que n\u00e3o pretende transformar o assunto em debate p\u00fablico.<\/p>\n<h4 class=\"wp-block-heading\"><strong>Atua\u00e7\u00e3o na \u00e1rea de sa\u00fade<\/strong><\/h4>\n<p class=\"wp-block-paragraph\">Na publica\u00e7\u00e3o, ela tamb\u00e9m defendeu sua atua\u00e7\u00e3o supostamente profissional. Disse que seu trabalho sempre teve como objetivo contribuir para a sa\u00fade p\u00fablica e ampliar o acesso a tratamentos.<\/p>\n<p class=\"wp-block-paragraph\">A lobista citou sua atua\u00e7\u00e3o em discuss\u00f5es sobre a regulamenta\u00e7\u00e3o de produtos derivados de\u00a0<em>Cannabis\u00a0<\/em>e canabidiol pela\u00a0Ag\u00eancia Nacional de Vigil\u00e2ncia Sanit\u00e1ria (Anvisa). Segundo Roberta, a defesa de mudan\u00e7as nas normas n\u00e3o buscava atender a interesses particulares, mas discutir problemas como judicializa\u00e7\u00e3o de tratamentos, compras p\u00fablicas fragmentadas e regras sanit\u00e1rias.<\/p>\n<p class=\"wp-block-paragraph\">Ao final, Roberta afirmou que pretende preservar a fam\u00edlia e a vida pessoal. Disse que se deve analisar as acusa\u00e7\u00f5es \u201c\u00e0 luz dos fatos, das provas e do devido processo legal\u201d e n\u00e3o com base em \u201cpreconceitos, estere\u00f3tipos, ila\u00e7\u00f5es ou julgamentos antecipados\u201d.<\/p>\n<p class=\"wp-block-paragraph\"><strong><a href=\"https:\/\/revistaoeste.com\/politica\/nas-redes-sociais-roberta-luchsinger-fala-em-misoginia-e-nega-acusacoes-da-pf\/\">Cr\u00e9dito Revista Oeste<\/a><\/strong><\/p>\n<\/div>\n<p><br \/>\n<br \/><a href=\"https:\/\/paulofigueiredoshow.com\/nas-redes-sociais-roberta-luchsinger-fala-em-misoginia-e-comenta-relatorio-da-pf\/\">Source link <\/a><\/p>","protected":false},"excerpt":{"rendered":"<p>Lobista afirma ser tratada de forma diferente da dos homens citados no caso A lobista Roberta Luchsinger se manifestou em seu Instagram em 4 de setembro de 2026, criticando a&hellip;<\/p>","protected":false},"author":1,"featured_media":138522,"comment_status":"closed","ping_status":"open","sticky":false,"template":"","format":"standard","meta":{"content-type":"","footnotes":""},"categories":[16],"tags":[],"class_list":["post-142224","post","type-post","status-publish","format-standard","has-post-thumbnail","hentry","category-noticias"],"_links":{"self":[{"href":"https:\/\/tvbrazilusa.com\/pt\/wp-json\/wp\/v2\/posts\/142224","targetHints":{"allow":["GET"]}}],"collection":[{"href":"https:\/\/tvbrazilusa.com\/pt\/wp-json\/wp\/v2\/posts"}],"about":[{"href":"https:\/\/tvbrazilusa.com\/pt\/wp-json\/wp\/v2\/types\/post"}],"author":[{"embeddable":true,"href":"https:\/\/tvbrazilusa.com\/pt\/wp-json\/wp\/v2\/users\/1"}],"replies":[{"embeddable":true,"href":"https:\/\/tvbrazilusa.com\/pt\/wp-json\/wp\/v2\/comments?post=142224"}],"version-history":[{"count":1,"href":"https:\/\/tvbrazilusa.com\/pt\/wp-json\/wp\/v2\/posts\/142224\/revisions"}],"predecessor-version":[{"id":142225,"href":"https:\/\/tvbrazilusa.com\/pt\/wp-json\/wp\/v2\/posts\/142224\/revisions\/142225"}],"wp:featuredmedia":[{"embeddable":true,"href":"https:\/\/tvbrazilusa.com\/pt\/wp-json\/wp\/v2\/media\/138522"}],"wp:attachment":[{"href":"https:\/\/tvbrazilusa.com\/pt\/wp-json\/wp\/v2\/media?parent=142224"}],"wp:term":[{"taxonomy":"category","embeddable":true,"href":"https:\/\/tvbrazilusa.com\/pt\/wp-json\/wp\/v2\/categories?post=142224"},{"taxonomy":"post_tag","embeddable":true,"href":"https:\/\/tvbrazilusa.com\/pt\/wp-json\/wp\/v2\/tags?post=142224"}],"curies":[{"name":"wp","href":"https:\/\/api.w.org\/{rel}","templated":true}]}}