{"id":142247,"date":"2026-09-05T00:01:41","date_gmt":"2026-09-05T00:01:41","guid":{"rendered":"https:\/\/tvbrazilusa.com\/2026\/09\/05\/pl-terras-raras-amplia-poder-governo-investimentos-privados\/"},"modified":"2026-09-05T00:06:23","modified_gmt":"2026-09-05T00:06:23","slug":"pl-terras-raras-amplia-poder-governo-investimentos-privados","status":"publish","type":"post","link":"https:\/\/tvbrazilusa.com\/pt\/2026\/09\/05\/pl-terras-raras-amplia-poder-governo-investimentos-privados\/","title":{"rendered":"PL terras raras amplia poder governo investimentos privados"},"content":{"rendered":"<script async src=\"https:\/\/pagead2.googlesyndication.com\/pagead\/js\/adsbygoogle.js?client=ca-pub-8864793242727901\"\r\n     crossorigin=\"anonymous\"><\/script>\n<div id=\"cd-article-content\" itemprop=\"articleBody\">\n<p class=\"wp-block-paragraph\">O <a href=\"https:\/\/www.congressonacional.leg.br\/\" target=\"_blank\" rel=\"noopener\">Congresso<\/a> aprovou o projeto que cria um novo marco para a explora\u00e7\u00e3o e o processamento de minerais cr\u00edticos e estrat\u00e9gicos no Brasil, mas o texto tamb\u00e9m amplia a participa\u00e7\u00e3o do governo federal nas decis\u00f5es envolvendo empresas privadas do setor. O PL 2.780\/2024, conhecido como <a href=\"https:\/\/claudiodantas.com.br\/tag\/terras-raras\/\" data-type=\"post_tag\" data-id=\"11892\">PL das terras raras<\/a>, depende agora da san\u00e7\u00e3o do presidente Lula (PT). As informa\u00e7\u00f5es s\u00e3o do jornal <em>Gazeta do Povo<\/em>.<\/p>\n<p><a href=\"https:\/\/whatsapp.com\/channel\/0029VaTFkH2HVvTbkE883x1x\" target=\"_blank\" class=\"whatsapp-channel-message\" rel=\"noopener\">\u2705 Siga o canal do Claudio Dantas no WhatsApp<\/a><\/p>\n<p class=\"wp-block-paragraph\">Entre as principais mudan\u00e7as est\u00e1 a cria\u00e7\u00e3o do Conselho Nacional para Industrializa\u00e7\u00e3o de Minerais Cr\u00edticos e Estrat\u00e9gicos (Cimce). O \u00f3rg\u00e3o ter\u00e1 20 integrantes, sendo 15 representantes do governo federal e cinco da sociedade civil.<\/p>\n<p class=\"wp-block-paragraph\">O conselho poder\u00e1 analisar previamente opera\u00e7\u00f5es de fus\u00e3o, aquisi\u00e7\u00e3o e acordos internacionais envolvendo empresas do segmento. Na pr\u00e1tica, a estrutura cria uma nova inst\u00e2ncia de decis\u00e3o sobre neg\u00f3cios privados em uma \u00e1rea considerada estrat\u00e9gica para o pa\u00eds.<\/p>\n<p class=\"wp-block-paragraph\">A medida provocou cr\u00edticas no Congresso justamente pelo risco de aumento da burocracia e de interfer\u00eancia estatal sobre investimentos. At\u00e9 parlamentares aliados ao governo demonstraram preocupa\u00e7\u00e3o com a seguran\u00e7a jur\u00eddica oferecida pelo novo modelo.<\/p>\n<p class=\"wp-block-paragraph\">O senador Omar Aziz (PSD-AM), por exemplo, questionou a possibilidade de investidores comprometerem grandes volumes de recursos sem saber como o conselho poder\u00e1 decidir sobre seus neg\u00f3cios.<\/p>\n<p class=\"wp-block-paragraph\">A senadora Tereza Cristina (PP-MS) tamb\u00e9m criticou o excesso de burocracia. \u201cN\u00f3s temos mania, no Brasil, de travar, de burocratizar os investimentos de que n\u00f3s tanto precisamos\u201d, afirmou durante a discuss\u00e3o do projeto.<\/p>\n<p class=\"wp-block-paragraph\">O senador Jayme Campos (Uni\u00e3o-MT) alertou ainda para o risco de politiza\u00e7\u00e3o do colegiado e avaliou que a composi\u00e7\u00e3o pode afastar capital privado.<\/p>\n<p class=\"wp-block-paragraph\"><strong>Governo ter\u00e1 maioria no novo conselho<\/strong><\/p>\n<p class=\"wp-block-paragraph\">O desenho aprovado pelo Congresso garante maioria ao poder p\u00fablico dentro do Cimce. Dos 20 integrantes, 15 ser\u00e3o indicados por \u00f3rg\u00e3os do governo federal.<\/p>\n<p class=\"wp-block-paragraph\">A composi\u00e7\u00e3o foi um dos pontos questionados durante a tramita\u00e7\u00e3o. O senador Carlos Portinho (PL-RJ) chegou a apresentar uma proposta para retirar atribui\u00e7\u00f5es de fiscaliza\u00e7\u00e3o do conselho e evitar uma sobreposi\u00e7\u00e3o de compet\u00eancias com a Ag\u00eancia Nacional de Minera\u00e7\u00e3o (ANM). A emenda, por\u00e9m, acabou retirada ap\u00f3s negocia\u00e7\u00e3o com o relator, senador Eduardo Braga (MDB-AM).<\/p>\n<p class=\"wp-block-paragraph\">O senador Izalci Lucas (PL-DF) tamb\u00e9m tentou incluir uma refer\u00eancia \u00e0 Lei da Liberdade Econ\u00f4mica, mas a sugest\u00e3o n\u00e3o foi incorporada ao texto.<\/p>\n<p class=\"wp-block-paragraph\"><strong>Empresas ter\u00e3o de financiar fundo e pesquisa<\/strong><\/p>\n<p class=\"wp-block-paragraph\">O projeto institui o Fundo Garantidor da Atividade Mineral (FGAM), que receber\u00e1 R$ 2 bilh\u00f5es em recursos da Uni\u00e3o. A proposta tamb\u00e9m prev\u00ea R$ 5 bilh\u00f5es para iniciativas de beneficiamento e transforma\u00e7\u00e3o de minerais cr\u00edticos e estrat\u00e9gicos dentro do pa\u00eds.<\/p>\n<p class=\"wp-block-paragraph\">Al\u00e9m dos recursos p\u00fablicos, empresas que atuam na pesquisa, lavra, beneficiamento e transforma\u00e7\u00e3o desses minerais ter\u00e3o novas obriga\u00e7\u00f5es financeiras.<\/p>\n<p class=\"wp-block-paragraph\">Durante seis anos, elas dever\u00e3o destinar 0,2% da receita operacional bruta ao fundo garantidor e outros 0,3% para projetos de pesquisa, desenvolvimento e inova\u00e7\u00e3o tecnol\u00f3gica.<\/p>\n<p class=\"wp-block-paragraph\">Depois desse per\u00edodo, os 0,2% destinados ao fundo poder\u00e3o ser direcionados a projetos de pesquisa e inova\u00e7\u00e3o, elevando a parcela total destinada a essa finalidade para 0,5%.<\/p>\n<p class=\"wp-block-paragraph\">O texto tamb\u00e9m permite que projetos de prospec\u00e7\u00e3o e pesquisa mineral tenham acesso \u00e0 emiss\u00e3o de deb\u00eantures incentivadas, mecanismo utilizado para facilitar a capta\u00e7\u00e3o de recursos privados para investimentos considerados priorit\u00e1rios.<\/p>\n<p class=\"wp-block-paragraph\"><strong>Disputa por minerais estrat\u00e9gicos<\/strong><\/p>\n<p class=\"wp-block-paragraph\">As chamadas terras raras s\u00e3o utilizadas em setores de alta tecnologia e em atividades consideradas estrat\u00e9gicas, como a produ\u00e7\u00e3o de ve\u00edculos el\u00e9tricos, equipamentos eletr\u00f4nicos, pain\u00e9is solares e componentes para a ind\u00fastria de defesa.<\/p>\n<p class=\"wp-block-paragraph\">O Brasil possui reservas relevantes desses minerais e busca ampliar a participa\u00e7\u00e3o nacional nas etapas de processamento e transforma\u00e7\u00e3o, em vez de concentrar a atividade na exporta\u00e7\u00e3o de mat\u00e9ria-prima.<\/p>\n<p class=\"wp-block-paragraph\">A pol\u00edtica criada pelo projeto estabelece crit\u00e9rios para classificar minerais como cr\u00edticos ou estrat\u00e9gicos e prev\u00ea medidas voltadas \u00e0 produ\u00e7\u00e3o nacional, rastreabilidade, inova\u00e7\u00e3o e desenvolvimento tecnol\u00f3gico.<\/p>\n<p class=\"wp-block-paragraph\">O potencial econ\u00f4mico do setor \u00e9 expressivo. Estudo da Amcham Brasil estima que uma cadeia nacional mais desenvolvida de minerais cr\u00edticos e terras raras poderia acrescentar at\u00e9 R$ 192,1 bilh\u00f5es ao Produto Interno Bruto (PIB) e gerar aproximadamente 750 mil empregos at\u00e9 2050.<\/p>\n<p class=\"wp-block-paragraph\">O resultado, segundo o estudo, seria maior em um cen\u00e1rio com participa\u00e7\u00e3o de capital estrangeiro, processamento dos minerais no Brasil e utiliza\u00e7\u00e3o da produ\u00e7\u00e3o pela ind\u00fastria nacional.<\/p>\n<p class=\"wp-block-paragraph\">O desafio, portanto, ser\u00e1 conciliar a estrat\u00e9gia de soberania mineral defendida pelo governo com um ambiente capaz de atrair os investimentos necess\u00e1rios para transformar as reservas brasileiras em produ\u00e7\u00e3o, tecnologia e empregos.<\/p>\n<\/div>\n<p><script>!function(f,b,e,v,n,t,s){if(f.fbq)return;n=f.fbq=function(){n.callMethod?n.callMethod.apply(n,arguments):n.queue.push(arguments)};if(!f._fbq)f._fbq=n;n.push=n;n.loaded=!0;n.version='2.0';n.queue=[];t=b.createElement(e);t.async=!0;t.src=v;s=b.getElementsByTagName(e)[0];s.parentNode.insertBefore(t,s)}(window,document,'script','https:\/\/connect.facebook.net\/en_US\/fbevents.js');fbq('init','1423865622537930');fbq('track','PageView');<\/script><br \/>\n<br \/><br \/>\n<br \/><a href=\"https:\/\/claudiodantas.com.br\/pl-das-terras-raras-amplia-poder-do-governo\/\">Source link <\/a><\/p>","protected":false},"excerpt":{"rendered":"<p>O Congresso aprovou o projeto que cria um novo marco para a explora\u00e7\u00e3o e o processamento de minerais cr\u00edticos e estrat\u00e9gicos no Brasil, mas o texto tamb\u00e9m amplia a participa\u00e7\u00e3o&hellip;<\/p>","protected":false},"author":1,"featured_media":142248,"comment_status":"closed","ping_status":"open","sticky":false,"template":"","format":"standard","meta":{"content-type":"","footnotes":""},"categories":[16],"tags":[],"class_list":["post-142247","post","type-post","status-publish","format-standard","has-post-thumbnail","hentry","category-noticias"],"_links":{"self":[{"href":"https:\/\/tvbrazilusa.com\/pt\/wp-json\/wp\/v2\/posts\/142247","targetHints":{"allow":["GET"]}}],"collection":[{"href":"https:\/\/tvbrazilusa.com\/pt\/wp-json\/wp\/v2\/posts"}],"about":[{"href":"https:\/\/tvbrazilusa.com\/pt\/wp-json\/wp\/v2\/types\/post"}],"author":[{"embeddable":true,"href":"https:\/\/tvbrazilusa.com\/pt\/wp-json\/wp\/v2\/users\/1"}],"replies":[{"embeddable":true,"href":"https:\/\/tvbrazilusa.com\/pt\/wp-json\/wp\/v2\/comments?post=142247"}],"version-history":[{"count":1,"href":"https:\/\/tvbrazilusa.com\/pt\/wp-json\/wp\/v2\/posts\/142247\/revisions"}],"predecessor-version":[{"id":142249,"href":"https:\/\/tvbrazilusa.com\/pt\/wp-json\/wp\/v2\/posts\/142247\/revisions\/142249"}],"wp:featuredmedia":[{"embeddable":true,"href":"https:\/\/tvbrazilusa.com\/pt\/wp-json\/wp\/v2\/media\/142248"}],"wp:attachment":[{"href":"https:\/\/tvbrazilusa.com\/pt\/wp-json\/wp\/v2\/media?parent=142247"}],"wp:term":[{"taxonomy":"category","embeddable":true,"href":"https:\/\/tvbrazilusa.com\/pt\/wp-json\/wp\/v2\/categories?post=142247"},{"taxonomy":"post_tag","embeddable":true,"href":"https:\/\/tvbrazilusa.com\/pt\/wp-json\/wp\/v2\/tags?post=142247"}],"curies":[{"name":"wp","href":"https:\/\/api.w.org\/{rel}","templated":true}]}}