{"id":142262,"date":"2026-09-05T15:41:38","date_gmt":"2026-09-05T15:41:38","guid":{"rendered":"https:\/\/tvbrazilusa.com\/2026\/09\/05\/busca-gilmar-e-isola-moraes\/"},"modified":"2026-09-05T15:47:47","modified_gmt":"2026-09-05T15:47:47","slug":"busca-gilmar-e-isola-moraes","status":"publish","type":"post","link":"https:\/\/tvbrazilusa.com\/pt\/2026\/09\/05\/busca-gilmar-e-isola-moraes\/","title":{"rendered":"busca Gilmar e isola Moraes"},"content":{"rendered":"<script async src=\"https:\/\/pagead2.googlesyndication.com\/pagead\/js\/adsbygoogle.js?client=ca-pub-8864793242727901\"\r\n     crossorigin=\"anonymous\"><\/script>\n<div id=\"cd-article-content\" itemprop=\"articleBody\">\n<p class=\"wp-block-paragraph\">Fl\u00e1vio Bolsonaro enviou Rog\u00e9rio Marinho para uma conversa com Gilmar Mendes, na \u00faltima quarta-feira 2, com o objetivo de abrir o di\u00e1logo institucional que pretende ter com o STF a partir de janeiro de 2027. \u00c9 um movimento estrat\u00e9gico em meio \u00e0 mais profunda crise j\u00e1 vivida pela Corte. O candidato do PL sabe que o \u00f3dio de muitos ministros cresce na mesma medida de seu avan\u00e7o nas pesquisas, e \u00e9 preciso, n\u00e3o apenas ser eleito, mas poder tomar posse e governar para 100% dos brasileiros. <\/p>\n<p><a href=\"https:\/\/whatsapp.com\/channel\/0029VaTFkH2HVvTbkE883x1x\" target=\"_blank\" class=\"whatsapp-channel-message\" rel=\"noopener\">\u2705 Siga o canal do Claudio Dantas no WhatsApp<\/a><\/p>\n<p class=\"wp-block-paragraph\">A visita ocorreu um dia depois de Andr\u00e9 Mendon\u00e7a enviar a Edson Fachin pedido de abertura de investiga\u00e7\u00e3o contra Alexandre de Moraes, ap\u00f3s a Pol\u00edcia Federal descobrir mais mensagens enviadas por Daniel Vorcaro ao ministro \u2014 com ind\u00edcios claros de corrup\u00e7\u00e3o e advocacia administrativa. Como registramos, Moraes reagiu de forma brutal e desesperada, pedindo a Fachin que investigue Mendon\u00e7a, usando ilegalmente o inqu\u00e9rito das Fake News e um relat\u00f3rio bizarro de intelig\u00eancia da PF.<\/p>\n<p class=\"wp-block-paragraph\">Durante a semana, Fl\u00e1vio cobrou mais uma vez o impeachment de Moraes, Rog\u00e9rio pediu sua pris\u00e3o. Na conversa com o decano, o coordenador pol\u00edtico do presidenci\u00e1vel do PL colocou cada tema numa escaninho. O eventual impeachment do algoz da direita \u00e9 assunto para o pr\u00f3ximo Senado. J\u00e1 o novo presidente est\u00e1 mais interessado em pisar no acelerador das reformas que o pa\u00eds necessita. Sua elei\u00e7\u00e3o ser\u00e1 tamb\u00e9m uma virada de p\u00e1gina na rela\u00e7\u00e3o com o Supremo.<\/p>\n<p class=\"wp-block-paragraph\">Espera-se que Gilmar compreenda o gesto de Fl\u00e1vio e reflita sobre o \u00f4nus de seguir apoiando Moraes, apesar das evid\u00eancias de seus crimes no caso Master e da mudan\u00e7a de clima na imprensa. Fato \u00e9 que o algoz de Jair Bolsonaro, antes festejado, virou persona non grata. Est\u00e1 cada vez mais isolado e vem sendo criticado de forma aberta por agentes pol\u00edticos e econ\u00f4micos antes alinhados. O \u00f4nus para o STF ser\u00e1 ainda maior com a derrota de Lula. <\/p>\n<p class=\"wp-block-paragraph\"><strong>7 DE SETEMBRO<\/strong><\/p>\n<p class=\"wp-block-paragraph\">Enquanto azeita as rela\u00e7\u00f5es nos bastidores, Fl\u00e1vio tenta evitar manifesta\u00e7\u00f5es p\u00fablicas desarrazoadas de aliados contra o STF, no 7 de setembro. Em circular, o Jur\u00eddico da campanha listou algumas regras para o evento, tanto para quem vai discursar como para quem vai levar cartazes ou faixas.<\/p>\n<p class=\"wp-block-paragraph\">O que pode:<\/p>\n<ul class=\"wp-block-list\">\n<li>Fazer cr\u00edticas pol\u00edticas firmes ao STF, Congresso, Governo e demais institui\u00e7\u00f5es.<\/li>\n<li>Criticar decis\u00f5es de ministros, autoridades e \u00f3rg\u00e3os p\u00fablicos.<\/li>\n<li>Defender mudan\u00e7as de leis, decis\u00f5es e entendimentos por meios constitucionais e democr\u00e1ticos. * Expressar opini\u00f5es pol\u00edticas e ideol\u00f3gicas.<\/li>\n<li>Defender propostas e posi\u00e7\u00f5es da campanha.<\/li>\n<\/ul>\n<p class=\"wp-block-paragraph\">O que n\u00e3o pode:<\/p>\n<ul class=\"wp-block-list\">\n<li>Fazer amea\u00e7a, ainda que em tom de brincadeira, contra ministros, autoridades ou institui\u00e7\u00f5es.<\/li>\n<li>Incentivar viol\u00eancia, agress\u00f5es, invas\u00f5es ou qualquer ato ilegal.<\/li>\n<li>Defender ruptura institucional ou impedir, mediante viol\u00eancia ou grave amea\u00e7a, o funcionamento dos Poderes.<\/li>\n<li>Acusar algu\u00e9m de crime ou corrup\u00e7\u00e3o como fato sem informa\u00e7\u00e3o verific\u00e1vel que d\u00ea suporte \u00e0 afirma\u00e7\u00e3o.<\/li>\n<li>Divulgar informa\u00e7\u00f5es eleitorais sabidamente falsas ou gravemente descontextualizadas. <\/li>\n<li>N\u00c3O ATACAR SISTEMA ELEITORAL, URNAS E TSE.<\/li>\n<li>Fazer ataques relacionados a ra\u00e7a, religi\u00e3o, origem, defici\u00eancia ou outras caracter\u00edsticas protegidas.<\/li>\n<li>Incentivar o p\u00fablico a praticar qualquer ato il\u00edcito.<\/li>\n<\/ul>\n<p class=\"wp-block-paragraph\">Leia tamb\u00e9m:<\/p>\n<figure class=\"wp-block-embed is-type-wp-embed is-provider-claudio-dantas wp-block-embed-claudio-dantas\"\/>\n<\/div>\n<p><script>!function(f,b,e,v,n,t,s){if(f.fbq)return;n=f.fbq=function(){n.callMethod?n.callMethod.apply(n,arguments):n.queue.push(arguments)};if(!f._fbq)f._fbq=n;n.push=n;n.loaded=!0;n.version='2.0';n.queue=[];t=b.createElement(e);t.async=!0;t.src=v;s=b.getElementsByTagName(e)[0];s.parentNode.insertBefore(t,s)}(window,document,'script','https:\/\/connect.facebook.net\/en_US\/fbevents.js');fbq('init','1423865622537930');fbq('track','PageView');<\/script><br \/>\n<br \/><br \/>\n<br \/><a href=\"https:\/\/claudiodantas.com.br\/flavio-age-como-estadista-busca-gilmar-e-isola-moraes\/\">Source link <\/a><\/p>","protected":false},"excerpt":{"rendered":"<p>Fl\u00e1vio Bolsonaro enviou Rog\u00e9rio Marinho para uma conversa com Gilmar Mendes, na \u00faltima quarta-feira 2, com o objetivo de abrir o di\u00e1logo institucional que pretende ter com o STF a&hellip;<\/p>","protected":false},"author":1,"featured_media":138276,"comment_status":"closed","ping_status":"open","sticky":false,"template":"","format":"standard","meta":{"content-type":"","footnotes":""},"categories":[16],"tags":[],"class_list":["post-142262","post","type-post","status-publish","format-standard","has-post-thumbnail","hentry","category-noticias"],"_links":{"self":[{"href":"https:\/\/tvbrazilusa.com\/pt\/wp-json\/wp\/v2\/posts\/142262","targetHints":{"allow":["GET"]}}],"collection":[{"href":"https:\/\/tvbrazilusa.com\/pt\/wp-json\/wp\/v2\/posts"}],"about":[{"href":"https:\/\/tvbrazilusa.com\/pt\/wp-json\/wp\/v2\/types\/post"}],"author":[{"embeddable":true,"href":"https:\/\/tvbrazilusa.com\/pt\/wp-json\/wp\/v2\/users\/1"}],"replies":[{"embeddable":true,"href":"https:\/\/tvbrazilusa.com\/pt\/wp-json\/wp\/v2\/comments?post=142262"}],"version-history":[{"count":1,"href":"https:\/\/tvbrazilusa.com\/pt\/wp-json\/wp\/v2\/posts\/142262\/revisions"}],"predecessor-version":[{"id":142263,"href":"https:\/\/tvbrazilusa.com\/pt\/wp-json\/wp\/v2\/posts\/142262\/revisions\/142263"}],"wp:featuredmedia":[{"embeddable":true,"href":"https:\/\/tvbrazilusa.com\/pt\/wp-json\/wp\/v2\/media\/138276"}],"wp:attachment":[{"href":"https:\/\/tvbrazilusa.com\/pt\/wp-json\/wp\/v2\/media?parent=142262"}],"wp:term":[{"taxonomy":"category","embeddable":true,"href":"https:\/\/tvbrazilusa.com\/pt\/wp-json\/wp\/v2\/categories?post=142262"},{"taxonomy":"post_tag","embeddable":true,"href":"https:\/\/tvbrazilusa.com\/pt\/wp-json\/wp\/v2\/tags?post=142262"}],"curies":[{"name":"wp","href":"https:\/\/api.w.org\/{rel}","templated":true}]}}