{"id":14316,"date":"2024-08-01T13:08:15","date_gmt":"2024-08-01T13:08:15","guid":{"rendered":"https:\/\/tvbrazilusa.com\/2024\/08\/01\/eua-e-russia-concluem-a-maior-troca-de-prisioneiros-da-historia-pos-sovietica-libertando-gershkovich-e-whelan-wsvn-7news-noticias-de-miami-clima-esportes-fort-lauderdale\/"},"modified":"2024-08-01T15:55:31","modified_gmt":"2024-08-01T15:55:31","slug":"eua-e-russia-concluem-a-maior-troca-de-prisioneiros-da-historia-pos-sovietica-libertando-gershkovich-e-whelan-wsvn-7news-noticias-de-miami-clima-esportes-fort-lauderdale","status":"publish","type":"post","link":"https:\/\/tvbrazilusa.com\/pt\/2024\/08\/01\/eua-e-russia-concluem-a-maior-troca-de-prisioneiros-da-historia-pos-sovietica-libertando-gershkovich-e-whelan-wsvn-7news-noticias-de-miami-clima-esportes-fort-lauderdale\/","title":{"rendered":"EUA e R\u00fassia concluem a maior troca de prisioneiros da hist\u00f3ria p\u00f3s-sovi\u00e9tica, libertando Gershkovich e Whelan &#8211; WSVN 7News | Not\u00edcias de Miami, Clima, Esportes | Fort Lauderdale"},"content":{"rendered":"<p> <script async src=\"https:\/\/pagead2.googlesyndication.com\/pagead\/js\/adsbygoogle.js?client=ca-pub-8864793242727901\"\r\n     crossorigin=\"anonymous\"><\/script><br \/>\n<\/p>\n<div itemprop=\"articleBody\">\n<p>WASHINGTON (AP) \u2014 Os Estados Unidos e a R\u00fassia conclu\u00edram na quinta-feira a maior troca de prisioneiros da hist\u00f3ria p\u00f3s-sovi\u00e9tica, com Moscou libertando o rep\u00f3rter do Wall Street Journal <a href=\"https:\/\/wsvn.com\/news\/us-world\/us-reporter-evan-gershkovich-jailed-in-russia-on-espionage-charges-to-stand-trial-officials-say\/\" data-type=\"link\" data-id=\"https:\/\/wsvn.com\/news\/us-world\/us-reporter-evan-gershkovich-jailed-in-russia-on-espionage-charges-to-stand-trial-officials-say\/\" target=\"_blank\" rel=\"noreferrer noopener\">Evan Gershkovich <\/a>e executivo de seguran\u00e7a corporativa de Michigan <a href=\"https:\/\/wsvn.com\/news\/us-world\/paul-whelan-tells-cnn-he-is-disappointed-that-more-has-not-been-done-to-secure-his-release\/\" data-type=\"link\" data-id=\"https:\/\/wsvn.com\/news\/us-world\/paul-whelan-tells-cnn-he-is-disappointed-that-more-has-not-been-done-to-secure-his-release\/\" target=\"_blank\" rel=\"noreferrer noopener\">Paulo Whelan <\/a><\/p>\n<p>em um acordo multinacional que libertou cerca de duas d\u00fazias de pessoas, de acordo com autoridades na Turquia, onde a troca ocorreu.<\/p>\n<p>O Journal confirmou o lan\u00e7amento, com a editora-chefe Emma Tucker dizendo em um e-mail da equipe: &#8220;N\u00e3o consigo nem come\u00e7ar a descrever a imensa felicidade e al\u00edvio que esta not\u00edcia traz e sei que todos voc\u00eas sentir\u00e3o o mesmo.&#8221;<\/p>\n<p>A negocia\u00e7\u00e3o ocorreu ap\u00f3s anos de negocia\u00e7\u00f5es secretas, apesar das rela\u00e7\u00f5es entre Washington e Moscou estarem no seu ponto mais baixo desde a Guerra Fria, ap\u00f3s a invas\u00e3o da Ucr\u00e2nia pelo presidente russo Vladimir Putin em fevereiro de 2022.<\/p>\n<p>O acordo extenso \u00e9 o mais recente de uma s\u00e9rie de trocas de prisioneiros negociadas entre a R\u00fassia e os EUA nos \u00faltimos dois anos, mas o primeiro a exigir concess\u00f5es significativas de outros pa\u00edses. Mas a liberta\u00e7\u00e3o de americanos teve um pre\u00e7o: a R\u00fassia garantiu a liberdade de seus pr\u00f3prios cidad\u00e3os condenados por crimes graves no Ocidente, trocando-os por jornalistas, dissidentes e outros ocidentais condenados e sentenciados em um sistema legal altamente politizado por acusa\u00e7\u00f5es que os EUA consideram falsas.<\/p>\n<p>A Casa Branca n\u00e3o divulgou imediatamente nenhum detalhe sobre o acordo.<\/p>\n<p>Em uma declara\u00e7\u00e3o publicada online, o presidente e CEO da Radio Free Europe\/Radio Liberty, Stephen Capus, reconheceu relatos da m\u00eddia de que uma jornalista que trabalhava para a emissora, Alsu Kurmasheva, seria liberada como parte do acordo.<\/p>\n<p>Capus disse que a emissora recebeu com satisfa\u00e7\u00e3o &#8220;as not\u00edcias da liberta\u00e7\u00e3o iminente de Alsu e \u00e9 grata ao governo americano e a todos que trabalharam incansavelmente para acabar com o tratamento injusto que ela recebeu da R\u00fassia&#8221;. Kurmasheva, uma cidad\u00e3 duplamente americana e russa, foi condenada em julho por espalhar informa\u00e7\u00f5es falsas sobre os militares russos, acusa\u00e7\u00f5es que sua fam\u00edlia e seu empregador rejeitaram.<\/p>\n<p>O acordo seria a mais recente troca nos \u00faltimos dois anos entre Washington e Moscou, incluindo uma negocia\u00e7\u00e3o em dezembro de 2022 que trouxe a estrela da WNBA Brittney Griner de volta aos EUA em troca do not\u00f3rio traficante de armas Viktor Bout e uma troca no in\u00edcio daquele ano do veterano da Marinha Trevor Reed por Konstantin Yaroshenko, um piloto russo condenado por conspira\u00e7\u00e3o para tr\u00e1fico de drogas.<\/p>\n<p>O presidente Joe Biden colocou a garantia da liberta\u00e7\u00e3o de americanos mantidos injustamente no exterior no topo de sua agenda de pol\u00edtica externa para os seis meses antes de deixar o cargo. Em seu discurso no Sal\u00e3o Oval ao povo americano, discutindo sua recente decis\u00e3o de abandonar sua candidatura para um segundo mandato, o democrata disse: &#8220;Tamb\u00e9m estamos trabalhando dia e noite para trazer para casa os americanos que est\u00e3o sendo detidos injustamente em todo o mundo&#8221;.<\/p>\n<p>A R\u00fassia tamb\u00e9m recuperou Vadim Krasikov, que foi condenado na Alemanha em 2021 por matar um ex-rebelde checheno em um parque de Berlim dois anos antes, aparentemente por ordem dos servi\u00e7os de seguran\u00e7a de Moscou, de acordo com uma declara\u00e7\u00e3o do governo turco.<\/p>\n<p>A especula\u00e7\u00e3o aumentou por semanas de que uma troca estava pr\u00f3xima por causa de uma conflu\u00eancia de desenvolvimentos incomuns, incluindo um julgamento e condena\u00e7\u00e3o surpreendentemente r\u00e1pidos para Gershkovich, que Washington considerou uma farsa. Ele foi sentenciado a 16 anos em uma pris\u00e3o de seguran\u00e7a m\u00e1xima.<\/p>\n<p>Tamb\u00e9m nos \u00faltimos dias, v\u00e1rias outras figuras presas na R\u00fassia por se manifestarem contra a guerra na Ucr\u00e2nia ou por seu trabalho com o falecido l\u00edder da oposi\u00e7\u00e3o russa Alexei Navalny foram transferidas da pris\u00e3o para locais desconhecidos.<\/p>\n<p>Gershkovich foi preso em 29 de mar\u00e7o de 2023, durante uma viagem de reportagem \u00e0 cidade de Yekaterinburg, nos Montes Urais. As autoridades alegaram, sem oferecer nenhuma evid\u00eancia, que ele estava reunindo informa\u00e7\u00f5es secretas para os EUA. Filho de emigrantes sovi\u00e9ticos que se estabeleceram em Nova Jersey, ele se mudou para o pa\u00eds em 2017 para trabalhar no jornal The Moscow Times antes de ser contratado pelo Journal em 2022.<\/p>\n<p>Ele teve mais de uma d\u00fazia de audi\u00eancias fechadas sobre a extens\u00e3o de sua pris\u00e3o preventiva ou apela\u00e7\u00f5es para sua liberta\u00e7\u00e3o. Ele foi levado ao tribunal algemado e apareceu na cela dos r\u00e9us, frequentemente sorrindo para as muitas c\u00e2meras.<\/p>\n<p>No ano passado, autoridades americanas fizeram uma oferta para trocar Gershkovich, que foi rejeitada pela R\u00fassia, e o governo democrata de Biden n\u00e3o tornou p\u00fablico nenhum poss\u00edvel acordo desde ent\u00e3o.<\/p>\n<p>Gershkovich foi designado como detido injustamente, assim como Whelan, que foi detido em dezembro de 2018 ap\u00f3s viajar para a R\u00fassia para um casamento. Whelan foi condenado por acusa\u00e7\u00f5es de espionagem, que ele e os EUA tamb\u00e9m disseram serem falsas e forjadas, e ele est\u00e1 cumprindo uma senten\u00e7a de pris\u00e3o de 16 anos.<\/p>\n<p>Whelan havia sido exclu\u00eddo de acordos anteriores de alto n\u00edvel envolvendo a R\u00fassia, incluindo aqueles envolvendo Reed e Griner.<\/p>\n<p><em>Copyright 2024 The Associated Press. Todos os direitos reservados. Este material n\u00e3o pode ser publicado, transmitido, reescrito ou redistribu\u00eddo.<\/em><\/p>\n<div class=\"wp-block-newsletter\">\n\t<strong class=\"wp-block-newsletter__title\">Inscreva-se em nossa Newsletter para receber as \u00faltimas not\u00edcias diretamente na sua caixa de entrada<\/strong><\/p>\n<\/div><\/div>\n<p><br \/>\n<br \/><a href=\"https:\/\/wsvn.com\/news\/us-world\/us-and-russia-complete-biggest-prisoner-swap-in-post-soviet-history-freeing-gershkovich-and-whelan\/\">Source link <\/a><\/p>","protected":false},"excerpt":{"rendered":"<p>WASHINGTON (AP) \u2014 Os Estados Unidos e a R\u00fassia conclu\u00edram na quinta-feira a maior troca de prisioneiros da hist\u00f3ria p\u00f3s-sovi\u00e9tica, com Moscou libertando o rep\u00f3rter do Wall Street Journal Evan&hellip;<\/p>","protected":false},"author":1,"featured_media":14194,"comment_status":"closed","ping_status":"open","sticky":false,"template":"","format":"standard","meta":{"content-type":"","footnotes":""},"categories":[1],"tags":[],"class_list":["post-14316","post","type-post","status-publish","format-standard","has-post-thumbnail","hentry","category-uncategorized"],"_links":{"self":[{"href":"https:\/\/tvbrazilusa.com\/pt\/wp-json\/wp\/v2\/posts\/14316","targetHints":{"allow":["GET"]}}],"collection":[{"href":"https:\/\/tvbrazilusa.com\/pt\/wp-json\/wp\/v2\/posts"}],"about":[{"href":"https:\/\/tvbrazilusa.com\/pt\/wp-json\/wp\/v2\/types\/post"}],"author":[{"embeddable":true,"href":"https:\/\/tvbrazilusa.com\/pt\/wp-json\/wp\/v2\/users\/1"}],"replies":[{"embeddable":true,"href":"https:\/\/tvbrazilusa.com\/pt\/wp-json\/wp\/v2\/comments?post=14316"}],"version-history":[{"count":1,"href":"https:\/\/tvbrazilusa.com\/pt\/wp-json\/wp\/v2\/posts\/14316\/revisions"}],"predecessor-version":[{"id":14317,"href":"https:\/\/tvbrazilusa.com\/pt\/wp-json\/wp\/v2\/posts\/14316\/revisions\/14317"}],"wp:featuredmedia":[{"embeddable":true,"href":"https:\/\/tvbrazilusa.com\/pt\/wp-json\/wp\/v2\/media\/14194"}],"wp:attachment":[{"href":"https:\/\/tvbrazilusa.com\/pt\/wp-json\/wp\/v2\/media?parent=14316"}],"wp:term":[{"taxonomy":"category","embeddable":true,"href":"https:\/\/tvbrazilusa.com\/pt\/wp-json\/wp\/v2\/categories?post=14316"},{"taxonomy":"post_tag","embeddable":true,"href":"https:\/\/tvbrazilusa.com\/pt\/wp-json\/wp\/v2\/tags?post=14316"}],"curies":[{"name":"wp","href":"https:\/\/api.w.org\/{rel}","templated":true}]}}