{"id":14318,"date":"2024-08-01T15:49:49","date_gmt":"2024-08-01T15:49:49","guid":{"rendered":"https:\/\/tvbrazilusa.com\/2024\/08\/01\/preso-condenado-a-mais-de-4-anos-de-prisao-pelo-assassinato-do-gangster-de-boston-james-whitey-bulger\/"},"modified":"2024-08-01T15:56:51","modified_gmt":"2024-08-01T15:56:51","slug":"preso-condenado-a-mais-de-4-anos-de-prisao-pelo-assassinato-do-gangster-de-boston-james-whitey-bulger","status":"publish","type":"post","link":"https:\/\/tvbrazilusa.com\/pt\/2024\/08\/01\/preso-condenado-a-mais-de-4-anos-de-prisao-pelo-assassinato-do-gangster-de-boston-james-whitey-bulger\/","title":{"rendered":"Preso condenado a mais de 4 anos de pris\u00e3o pelo assassinato do gangster de Boston James &#39;Whitey&#39; Bulger"},"content":{"rendered":"<p> <script async src=\"https:\/\/pagead2.googlesyndication.com\/pagead\/js\/adsbygoogle.js?client=ca-pub-8864793242727901\"\r\n     crossorigin=\"anonymous\"><\/script><br \/>\n<\/p>\n<div id=\"\">\n<header class=\"m-article-header m-article-header--standard\">\n\t\t\t\t\t\t\t\t\t\t\t\t<span id=\"article-header-primary-term\"><br \/>\n\t\t\t\t\t\t\t\t<a class=\"a-term a-term--primary\" href=\"https:\/\/www.boston.com\/tag\/crime\/\"><\/p>\n<p>\t\t\t\t\t\t\t\tCrime\t\t\t\t\t\t\t\t<\/a><br \/>\n\t\t\t\t\t\t\t<\/span><\/p>\n<h2 class=\"m-article-header__sub-headline\">O gangster de Massachusetts Paul J. DeCologero foi condenado em um tribunal federal ap\u00f3s se declarar culpado de uma acusa\u00e7\u00e3o de agress\u00e3o.<\/h2>\n<figure class=\"a-photo m-article-header__photo\"><figcaption class=\"a-photo__caption\">\n<p>\tJames &#8220;Whitey&#8221; Bulger em 2011.<em> US Marshals Service via AP, Arquivo<\/em>\t<\/figcaption><\/figure>\n<div class=\"m-article-header__meta\">\n<div class=\"m-article-header__byline\">\n<p class=\"m-article-header__author\">\n<p>\t\t\t\t\t\t\t\tPor John Raby, Associated Press\t\t\t\t\t\t\t<\/p>\n<p>\t\t\t\t\t\t    \t\t\t\t\t\t\t<time class=\"m-article-header__date\"><\/p>\n<p>        \t\t\t\t\t\t\t1 de agosto de 2024 | 11h49    \t\t\t\t\t\t\t<\/time><\/p><\/div>\n<\/p><\/div>\n<\/header>\n<p>CLARKSBURG, Virg\u00ednia Ocidental (AP) \u2014 Um preso foi condenado a mais de quatro anos na quinta-feira por seu papel no <a href=\"https:\/\/www.boston.com\/news\/national-news\/2018\/10\/30\/james-whitey-bulger-dead-west-virginia-prison\/\">2018 espancamento fatal<\/a> do not\u00f3rio gangster de Boston <a href=\"https:\/\/www.boston.com\/tag\/whitey-bulger\/\">James \u201cWhitey\u201d Bulger<\/a> em um conturbado <a href=\"https:\/\/www.boston.com\/news\/national-news\/2018\/11\/01\/why-whitey-bulger-transferred\/\">Pris\u00e3o federal da Virg\u00ednia Ocidental<\/a>.<\/p>\n<p>O gangster de Massachusetts Paul J. DeCologero foi sentenciado em tribunal federal ap\u00f3s se declarar culpado de uma acusa\u00e7\u00e3o de agress\u00e3o. Ele poderia ter enfrentado at\u00e9 10 anos de pris\u00e3o. DeCologero j\u00e1 estava cumprindo uma senten\u00e7a de 25 anos proferida em 2006 ap\u00f3s ter sido condenado por comprar hero\u00edna usada para tentar matar uma adolescente.<\/p>\n<p>Os promotores inicialmente disseram que DeCologero e o detento Fotios \u201cFreddy\u201d Geas usaram um cadeado preso a um cinto para bater repetidamente na cabe\u00e7a de Bulger, de 89 anos, horas depois que ele chegou \u00e0 USP Hazelton vindo de outra pris\u00e3o na Fl\u00f3rida. Mas na quinta-feira, eles disseram que ele serviu apenas como vigia e n\u00e3o agrediu Bulger fisicamente.<\/p>\n<p>Um detento contou ao grande j\u00fari que DeCologero lhe disse que Bulger era um delator e que eles planejavam mat\u00e1-lo assim que ele chegasse \u00e0 unidade na Penitenci\u00e1ria dos Estados Unidos, em Hazelton.<\/p>\n<p>Geas enfrenta uma audi\u00eancia em 6 de setembro. Ele foi acusado de assassinato e conspira\u00e7\u00e3o para cometer assassinato em primeiro grau, o que pode levar a uma senten\u00e7a de pris\u00e3o perp\u00e9tua. No ano passado, o Departamento de Justi\u00e7a disse que n\u00e3o buscaria a senten\u00e7a de morte para a dupla.<\/p>\n<p>Outro preso que atuou como vigia, Sean McKinnon, <a href=\"https:\/\/www.boston.com\/news\/crime\/2024\/06\/17\/3-men-pleas-sentencings-prison-killing-boston-gangster-james-whitey-bulger\/\">declarou-se culpado em junho<\/a> para mentir para agentes especiais do FBI sobre seu papel. McKinnon recebeu cr\u00e9dito por passar 22 meses sob cust\u00f3dia ap\u00f3s sua acusa\u00e7\u00e3o de 2022, n\u00e3o recebeu nenhuma pena de pris\u00e3o adicional e foi devolvido \u00e0 Fl\u00f3rida para terminar sua liberdade supervisionada. McKinnon havia cumprido uma pena por roubar armas de um traficante de armas de fogo.<\/p>\n<p><a href=\"https:\/\/www.boston.com\/news\/crime\/2024\/05\/13\/3-men-charged-in-james-whitey-bulgers-2018-prison-killing-have-plea-deals-prosecutors-say\/\">Acordos de confiss\u00e3o de culpa para os tr\u00eas homens<\/a> foram divulgados em 13 de maio. Geas e DeCologero foram identificados como suspeitos logo ap\u00f3s a morte de Bulger, mas permaneceram sem acusa\u00e7\u00f5es por anos enquanto a investiga\u00e7\u00e3o se arrastava.<\/p>\n<p>De acordo com os autos do tribunal, os reclusos <a href=\"https:\/\/www.boston.com\/news\/crime\/2022\/08\/23\/whitey-bulger-killers-knew-he-was-coming\/\">descoberto antes do tempo<\/a> que Bulger estaria chegando. DeCologero e Geas passaram cerca de sete minutos na cela de Bulger durante o ataque.<\/p>\n<p>Depois<a href=\"https:\/\/www.boston.com\/news\/national-news\/2018\/10\/30\/whitey-bulger-death\/\"> a matan\u00e7a<\/a>especialistas criticaram a transfer\u00eancia de Bulger para Hazelton, onde os trabalhadores j\u00e1 vinham alertando sobre viol\u00eancia e falta de pessoal, e sua coloca\u00e7\u00e3o na popula\u00e7\u00e3o em geral em vez de moradias mais protetoras.<\/p>\n<p>Um Departamento de Justi\u00e7a <a href=\"https:\/\/www.boston.com\/news\/national-news\/2022\/12\/07\/justice-departments-inspector-general-releases-report-on-whitey-bulgers-killing\/\">investiga\u00e7\u00e3o do inspetor-geral encontrada em 2022 <\/a>que o assassinato foi o resultado de m\u00faltiplas camadas de falhas de gest\u00e3o, incompet\u00eancia generalizada e pol\u00edticas falhas no Bureau of Prisons federal. O inspetor geral n\u00e3o encontrou nenhuma evid\u00eancia de &#8220;inten\u00e7\u00e3o maliciosa&#8221; por parte de nenhum funcion\u00e1rio do bureau, mas disse que uma s\u00e9rie de erros burocr\u00e1ticos deixou Bulger \u00e0 merc\u00ea de gangsters rivais.<\/p>\n<p>Em julho, o Senado dos EUA aprovou uma legisla\u00e7\u00e3o para reformular a supervis\u00e3o e trazer maior transpar\u00eancia ao Bureau of Prisons ap\u00f3s reportagens da Associated Press que expuseram a corrup\u00e7\u00e3o sist\u00eamica no sistema prisional federal e aumentaram o escrut\u00ednio do Congresso.<\/p>\n<p>Bulger, que comandava a m\u00e1fia majoritariamente irlandesa em Boston nas d\u00e9cadas de 1970 e 1980, tamb\u00e9m era um informante do FBI que fornecia \u00e0 ag\u00eancia informa\u00e7\u00f5es sobre o principal rival de sua gangue.<\/p>\n<p>Ele se tornou um dos fugitivos mais procurados do pa\u00eds ap\u00f3s fugir de Boston em 1994, gra\u00e7as a uma dica de seu agente do FBI de que ele estava prestes a ser indiciado. Ele foi capturado aos 81 anos, ap\u00f3s mais de 16 anos foragido.<\/p>\n<p>Bulger foi condenado em 2013 por uma s\u00e9rie de 11 assassinatos e dezenas de outros crimes de gangues, muitos deles cometidos enquanto ele estava<a href=\"https:\/\/www.boston.com\/news\/crime\/2018\/11\/19\/murder-mystery-whitey-bulger\/\"> Dizem que \u00e9 um informante do FBI<\/a>.<\/p>\n<p>DeCologero, que estava em uma gangue liderada por seu tio, foi condenado por comprar hero\u00edna que foi usada para tentar matar uma adolescente porque seu tio temia que ela entregasse a equipe \u00e0 pol\u00edcia. Depois que a hero\u00edna n\u00e3o a matou, outro homem quebrou seu pesco\u00e7o, desmembrou seu corpo e enterrou seus restos mortais na floresta, dizem os registros do tribunal.<\/p>\n<p>Geas era um associado pr\u00f3ximo da M\u00e1fia e agia como um executor, mas n\u00e3o era um membro oficial &#8220;feito&#8221; porque ele \u00e9 grego, n\u00e3o italiano. Ele e seu irm\u00e3o foram condenados \u00e0 pris\u00e3o perp\u00e9tua em 2011 por seus pap\u00e9is em v\u00e1rios crimes violentos, incluindo o assassinato em 2003 de Adolfo &#8220;Big Al&#8221; Bruno, um chefe da fam\u00edlia criminosa Genovese em Springfield, Massachusetts. Outro mafioso ordenou o assassinato de Bruno porque ele estava chateado por ele ter falado com o FBI, disseram os promotores.<\/p>\n<div class=\"m-block m-generic-cta\t m-generic-cta--post-content\t m-generic-cta--dark\t m-generic-cta--homepage\t m-generic-cta--email-signup\t\t m-generic-cta-block-style--default \tt-amp__generic-cta\"><\/p>\n<div class=\"m-generic-cta__wrap\">\n<div class=\"m-generic-cta__content\">\n<h3 class=\"m-generic-cta__title\">Alertas de not\u00edcias extras<\/h3>\n<p class=\"m-generic-cta__subtitle\">Receba atualiza\u00e7\u00f5es de \u00faltima hora assim que elas acontecerem.<\/p>\n<\/p><\/div>\n<\/p><\/div>\n<\/div><\/div>\n<p><script>\n\t\tvar consent=\"grant\";\n\t\t\/* The above code is parsing the JSON data from the local storage and storing it in a variable. *\/\n\t\t\t\t\tconst onetrustStorageConsent = JSON.parse(localStorage.getItem( 'consent_one_trust_bdc' ) );\n\t\t\tif ( ( onetrustStorageConsent !== null ) ) {\n\t\t\t\t\/* Checking to see if the user has consented to the use of cookies.\n\t\t\t\t* If they have not, it is deleting the cookie.\n\t\t\t\t* This will comment for now, until further notice.\n\t\t\t\t*\/\n\t\t\t\t\/\/if ( onetrustStorageConsent.C0002 === false ) {\n\t\t\t\t\/\/\tdocument.cookie=\"_fbp=;expires=Thu, 01 Jan 2010 00:00:00 UTC; path=\/; domain=.boston.com\";\n\t\t\t\t\/\/}\n\t\t\t\t\/* Checking if the user has given consent for the cookie C0002.\n\t\t\t\t* If the user has given consent, the variable consent will be set to 'grant'.\n\t\t\t\t* If the user has not given consent,the variable consent will be set to 'revoke'.\n\t\t\t\t* Documentation https:\/\/developers.facebook.com\/docs\/meta-pixel\/implementation\/gdpr\n\t\t\t\t*\/\n\t\t\t\tif ( onetrustStorageConsent.C0002 !== true ) {\n\t\t\t\t\tconsent=\"revoke\";\n\t\t\t\t}\n\t\t\t}\n\t\t\t\t!function(f,b,e,v,n,t,s)\n\t\t{if(f.fbq)return;n=f.fbq=function(){n.callMethod?\n\t\tn.callMethod.apply(n,arguments):n.queue.push(arguments)};\n\t\tif(!f._fbq)f._fbq=n;n.push=n;n.loaded=!0;n.version='2.0';\n\t\tn.queue=[];t=b.createElement(e);t.async=!0;\n\t\tt.src=v;s=b.getElementsByTagName(e)[0];\n\t\ts.parentNode.insertBefore(t,s)}(window, document,'script',\n\t\t'https:\/\/connect.facebook.net\/en_US\/fbevents.js');\n\t\tfbq('consent', consent);\n\t\tfbq('init', '989222871864976');\n\t\tfbq('track', 'PageView');\n\t<\/script><script type=\"module\">\n\t\tvar consent=\"grant\";\n\t\t\/* The above code is parsing the JSON data from the local storage and storing it in a variable. *\/\n\t\t\tconst onetrustStorageConsent = JSON.parse(localStorage.getItem( 'consent_one_trust_bdc' ) );\n\t\t\t\/* Checking to see if the user has consented to the use of cookies.\n\t\t\t* If they have not, it is deleting the cookie.\n\t\t\t* This will comment for now, until further notice.\n\t\t\t*\/\n\t\t\t\/\/if ( onetrustStorageConsent.C0002 === false ) {\n\t\t\t\/\/\tdocument.cookie=\"_fbp=;expires=Thu, 01 Jan 2010 00:00:00 UTC; path=\/; domain=.boston.com\";\n\t\t\t\/\/}\n\t\t\t\/* Checking if the user has given consent for the cookie C0002.\n\t\t\t* If the user has given consent, the variable consent will be set to 'grant'.\n\t\t\t* If the user has not given consent,the variable consent will be set to 'revoke'.\n\t\t\t* Documentation https:\/\/developers.facebook.com\/docs\/meta-pixel\/implementation\/gdpr\n\t\t\t*\/\n\t\t\tif ( ( onetrustStorageConsent !== null ) && (onetrustStorageConsent.C0002 !== true ) ) {\n\t\t\t\tconsent=\"revoke\";\n\t\t\t}\n\t\t\t\t!function(f,b,e,v,n,t,s){if(f.fbq)return;n=f.fbq=function()\n\t\t{n.callMethod? n.callMethod.apply(n,arguments):n.queue.push(arguments)}\n\t\t;if(!f._fbq)f._fbq=n;\n\t\tn.push=n;n.loaded=!0;n.version='2.0';n.queue=[];t=b.createElement(e);t.async=!0;\n\t\tt.src=v;s=b.getElementsByTagName(e)[0];s.parentNode.insertBefore(t,s)}(window,\n\t\tdocument,'script','https:\/\/connect.facebook.net\/en_US\/fbevents.js');\n\t\tfbq('consent', consent);\n\t\tfbq('init', '813236348753005');\n\t\tfbq('track', \"PageView\");\n\t<\/script><br \/>\n<br \/><br \/>\n<br \/><a href=\"https:\/\/www.boston.com\/news\/crime\/2024\/08\/01\/inmate-sentenced-slaying-boston-gangster-james-whitey-bulger\/\">Source link <\/a><\/p>","protected":false},"excerpt":{"rendered":"<p>Crime O gangster de Massachusetts Paul J. DeCologero foi condenado em um tribunal federal ap\u00f3s se declarar culpado de uma acusa\u00e7\u00e3o de agress\u00e3o. James &#8220;Whitey&#8221; Bulger em 2011. US Marshals&hellip;<\/p>","protected":false},"author":1,"featured_media":14319,"comment_status":"closed","ping_status":"open","sticky":false,"template":"","format":"standard","meta":{"content-type":"","footnotes":""},"categories":[1],"tags":[],"class_list":["post-14318","post","type-post","status-publish","format-standard","has-post-thumbnail","hentry","category-uncategorized"],"_links":{"self":[{"href":"https:\/\/tvbrazilusa.com\/pt\/wp-json\/wp\/v2\/posts\/14318","targetHints":{"allow":["GET"]}}],"collection":[{"href":"https:\/\/tvbrazilusa.com\/pt\/wp-json\/wp\/v2\/posts"}],"about":[{"href":"https:\/\/tvbrazilusa.com\/pt\/wp-json\/wp\/v2\/types\/post"}],"author":[{"embeddable":true,"href":"https:\/\/tvbrazilusa.com\/pt\/wp-json\/wp\/v2\/users\/1"}],"replies":[{"embeddable":true,"href":"https:\/\/tvbrazilusa.com\/pt\/wp-json\/wp\/v2\/comments?post=14318"}],"version-history":[{"count":1,"href":"https:\/\/tvbrazilusa.com\/pt\/wp-json\/wp\/v2\/posts\/14318\/revisions"}],"predecessor-version":[{"id":14320,"href":"https:\/\/tvbrazilusa.com\/pt\/wp-json\/wp\/v2\/posts\/14318\/revisions\/14320"}],"wp:featuredmedia":[{"embeddable":true,"href":"https:\/\/tvbrazilusa.com\/pt\/wp-json\/wp\/v2\/media\/14319"}],"wp:attachment":[{"href":"https:\/\/tvbrazilusa.com\/pt\/wp-json\/wp\/v2\/media?parent=14318"}],"wp:term":[{"taxonomy":"category","embeddable":true,"href":"https:\/\/tvbrazilusa.com\/pt\/wp-json\/wp\/v2\/categories?post=14318"},{"taxonomy":"post_tag","embeddable":true,"href":"https:\/\/tvbrazilusa.com\/pt\/wp-json\/wp\/v2\/tags?post=14318"}],"curies":[{"name":"wp","href":"https:\/\/api.w.org\/{rel}","templated":true}]}}