{"id":14329,"date":"2024-08-01T16:06:58","date_gmt":"2024-08-01T16:06:58","guid":{"rendered":"https:\/\/tvbrazilusa.com\/2024\/08\/01\/matthew-judon-retorna-aos-treinos-apos-otimo-encontro-com-jerod-mayo\/"},"modified":"2024-08-01T16:14:21","modified_gmt":"2024-08-01T16:14:21","slug":"matthew-judon-retorna-aos-treinos-apos-otimo-encontro-com-jerod-mayo","status":"publish","type":"post","link":"https:\/\/tvbrazilusa.com\/pt\/2024\/08\/01\/matthew-judon-retorna-aos-treinos-apos-otimo-encontro-com-jerod-mayo\/","title":{"rendered":"Matthew Judon retorna aos treinos ap\u00f3s &#39;\u00f3timo encontro&#39; com Jerod Mayo"},"content":{"rendered":"<p> <script async src=\"https:\/\/pagead2.googlesyndication.com\/pagead\/js\/adsbygoogle.js?client=ca-pub-8864793242727901\"\r\n     crossorigin=\"anonymous\"><\/script><br \/>\n<\/p>\n<div id=\"\">\n<header class=\"m-article-header m-article-header--standard\">\n\t\t\t\t\t\t\t\t\t\t\t\t<span id=\"article-header-primary-term\"><br \/>\n\t\t\t\t\t\t\t\t<a class=\"a-term a-term--primary\" href=\"https:\/\/www.boston.com\/tag\/new-england-patriots\/\"><\/p>\n<p>\t\t\t\t\t\t\t\tPatriotas\t\t\t\t\t\t\t\t<\/a><br \/>\n\t\t\t\t\t\t\t<\/span><\/p>\n<h2 class=\"m-article-header__sub-headline\">&#8220;Tive uma \u00f3tima reuni\u00e3o com Judon e estamos todos seguindo em frente.&#8221;<\/h2>\n<figure class=\"a-photo m-article-header__photo\"><figcaption class=\"a-photo__caption\">\n<p>\tMateus Judon<em> AP Photo\/Charles Krupa<\/em>\t<\/figcaption><\/figure>\n<\/header>\n<div class=\"m-block t-amp__list-container m-article-list-container  m-article-list-container--frame-border a-border-frame  a-list-header__headline--red m-article-list--alternative--default  m-article-list--floated\">\n<ul class=\"t-amp__list a-list--no-style m-article-list m-article-list--recirculation m-article-list--has-images\">\n<li class=\"m-article-list__item m-article-list__item--featured\">\n\t\t\t\t<a class=\"m-article-list__link-wrapper\" href=\"https:\/\/www.boston.com\/sports\/morning-sports-update\/2024\/08\/01\/matthew-judon-contract-report-patriots\/\" data-p1=\"article_recirc_inline_feature\"><br \/>\n\t\t\t\t<img fetchpriority=\"high\" decoding=\"async\" width=\"768\" height=\"432\" src=\"https:\/\/bdc2020.o0bc.com\/wp-content\/uploads\/2024\/08\/Patriots_Judon_Football_09210-66ab9a20e2b58-768x432.jpg\" class=\"t-amp__list-image m-article-list__image m-article-list__image--full\" alt=\"Mateus Judon\" aria-hidden=\"true\" srcset=\"https:\/\/bdc2020.o0bc.com\/wp-content\/uploads\/2024\/08\/Patriots_Judon_Football_09210-66ab9a20e2b58-768x432.jpg?width=200 200w, https:\/\/bdc2020.o0bc.com\/wp-content\/uploads\/2024\/08\/Patriots_Judon_Football_09210-66ab9a20e2b58-768x432.jpg?width=300 300w, https:\/\/bdc2020.o0bc.com\/wp-content\/uploads\/2024\/08\/Patriots_Judon_Football_09210-66ab9a20e2b58-768x432.jpg?width=400 400w, https:\/\/bdc2020.o0bc.com\/wp-content\/uploads\/2024\/08\/Patriots_Judon_Football_09210-66ab9a20e2b58-768x432.jpg?width=500 500w, https:\/\/bdc2020.o0bc.com\/wp-content\/uploads\/2024\/08\/Patriots_Judon_Football_09210-66ab9a20e2b58-768x432.jpg?width=600 600w, https:\/\/bdc2020.o0bc.com\/wp-content\/uploads\/2024\/08\/Patriots_Judon_Football_09210-66ab9a20e2b58-768x432.jpg?width=700 700w, https:\/\/bdc2020.o0bc.com\/wp-content\/uploads\/2024\/08\/Patriots_Judon_Football_09210-66ab9a20e2b58-768x432.jpg?width=800 800w, https:\/\/bdc2020.o0bc.com\/wp-content\/uploads\/2024\/08\/Patriots_Judon_Football_09210-66ab9a20e2b58-768x432.jpg?width=900 900w\" sizes=\"(max-width: 768px) 100vw, 768px\"\/>\t\t\t\t\t<\/p>\n<p><h4 class=\"m-article-list__headline t-amp__list-headline\">\n\t\t\t\t\t\t\t<span class=\"m-article-list__link a-link a-link--inline a-link--text-link a-link--text-link-dark\"><\/p>\n<p>\t\t\t\t\t\t\tMatthew Judon refutou relato de que os Patriots lhe ofereceram um novo contrato\t\t\t\t\t\t\t<\/span><br \/>\n\t\t\t\t\t\t<\/h4>\n<\/p>\n<p>\t\t\t\t<\/a>\n\t\t\t<\/li>\n<li class=\"m-article-list__item\">\n\t\t\t\t\t\t<a class=\"m-article-list__link-wrapper\" href=\"https:\/\/www.boston.com\/sports\/new-england-patriots\/2024\/07\/31\/davon-godchaux-patriots-contract-extension-report-details\/\" data-p1=\"article_recirc_inline_feed\"><\/p>\n<p><h4 class=\"m-article-list__headline\">\n\t\t\t\t\t\t\t\t\t<span class=\"m-article-list__link a-link a-link--inline a-link--text-link a-link--text-link-dark\"><\/p>\n<p>\t\t\t\t\t\t\t\t\tPatriots supostamente concordam com extens\u00e3o de contrato de dois anos com o tackle defensivo Davon Godchaux\t\t\t\t\t\t\t\t\t<\/span><br \/>\n\t\t\t\t\t\t\t\t<\/h4>\n<\/p>\n<p>\t\t\t\t\t\t<\/a>\n\t\t\t\t\t<\/li>\n<\/ul>\n<\/div>\n<p><a href=\"https:\/\/www.spotrac.com\/nfl\/player\/_\/id\/19100\/matt-judon\">Mateus Judon<\/a> voltou aos treinos dos Patriots na quinta-feira. <\/p>\n<p>Ele tinha <a href=\"https:\/\/www.boston.com\/sports\/new-england-patriots\/2024\/07\/30\/matthew-judon-patriots-contract-issue-training-camp-comments\/\">faltou aos dois treinos anteriores<\/a> enquanto passava por uma disputa contratual com a equipe. <\/p>\n<p>Judon chegou ao treino usando protetores pela primeira vez durante este training camp. Ele veio ao acampamento na segunda-feira sem protetores e deixou o campo ap\u00f3s falar com o treinador <a href=\"https:\/\/www.patriots.com\/team\/coaches-roster\/jerod-mayo\">Jerod Mayo<\/a>. Na ter\u00e7a-feira, ele estava ausente por completo. <\/p>\n<p>Mayo disse aos rep\u00f3rteres antes do treino que se encontrou com Judon e que as coisas correram bem. <\/p>\n<p>\u201cTive uma \u00f3tima reuni\u00e3o com Judon e estamos todos seguindo em frente\u201d, disse Mayo. \u201cLembro-me de que, como jogador, \u00e9 sempre um momento dif\u00edcil. \u00c9 sempre um momento dif\u00edcil quando voc\u00ea passa por negocia\u00e7\u00f5es de contrato e coisas assim e, ao dizer isso, para o resto do time, estamos avan\u00e7ando.\u201d<\/p>\n<p>Mayo, um treinador principal do primeiro ano, disse que sempre se lembrar\u00e1 de como as coisas aconteceram com Judon na segunda-feira, mas acrescentou que sente que seu relacionamento com Judon ainda \u00e9 forte. Ele disse que a conversa que tiveram depois foi saud\u00e1vel. <\/p>\n<p>\u201cCada situa\u00e7\u00e3o \u00e9 \u00fanica para si mesma\u201d, disse Mayo. \u201cPodemos sentar aqui e dizer que voc\u00ea deve fazer isso, voc\u00ea deve fazer aquilo. S\u00e3o todas situa\u00e7\u00f5es diferentes. Como eu disse antes, me sinto bem sobre onde estamos agora, me sinto bem sobre a maneira como os jogadores est\u00e3o operando em campo. Eu me sinto bem sobre a maneira como Eliot (Wolf) e sua equipe est\u00e3o lidando com essas coisas porque ele est\u00e1 obviamente muito envolvido. Estamos em um bom lugar\u201d<\/p>\n<p>Mayo se recusou a comentar se a aus\u00eancia de Judon na ter\u00e7a-feira foi uma decis\u00e3o da equipe. <\/p>\n<p>Nenhum novo acordo para Judon foi anunciado ainda. Os Patriots treinaram com camisas e cascos na quinta-feira, n\u00e3o com protetores completos. <\/p>\n<p>Os Patriots chegaram a um <a href=\"https:\/\/www.boston.com\/sports\/new-england-patriots\/2024\/07\/31\/davon-godchaux-patriots-contract-extension-report-details\/\">novo acordo com Davon Godchaux<\/a>que junto com Judon expressou descontentamento com seu contrato.<\/p>\n<p>Mayo disse que a maneira como Godchaux lidou com as coisas durante o training camp foi um fator na decis\u00e3o de fechar seu acordo. Mayo disse que Godchaux lidou com as coisas como um profissional e que era parte da filosofia dos Patriots levar esse tipo de comportamento em considera\u00e7\u00e3o. <\/p>\n<p>Os Patriots tamb\u00e9m sofreram um golpe significativo na linha defensiva com <a href=\"https:\/\/www.boston.com\/sports\/new-england-patriots\/2024\/07\/29\/what-jerod-mayo-said-about-christian-barmores-indefinite-absence\/\">Crist\u00e3o Barmore<\/a> ficar fora por tempo indeterminado ap\u00f3s ser diagnosticado com co\u00e1gulos sangu\u00edneos. <\/p>\n<p>Mayo disse que Judon estar\u00e1 dispon\u00edvel para falar com a m\u00eddia em uma data posterior. Judon, que perdeu 13 jogos na temporada passada com uma les\u00e3o no b\u00edceps, est\u00e1 entrando no \u00faltimo ano de um acordo de quatro anos e US$ 56 milh\u00f5es. <\/p>\n<div class=\"m-block m-generic-cta\t m-generic-cta--post-content\t m-generic-cta--dark\t m-generic-cta--homepage\t m-generic-cta--email-signup\t\t m-generic-cta-block-style--default \tt-amp__generic-cta\"><\/p>\n<div class=\"m-generic-cta__wrap\">\n<div class=\"m-generic-cta__content\">\n<h3 class=\"m-generic-cta__title\">Inscreva-se para receber atualiza\u00e7\u00f5es dos Patriots\ud83c\udfc8<\/h3>\n<p class=\"m-generic-cta__subtitle\">Receba not\u00edcias de \u00faltima hora e an\u00e1lises na sua caixa de entrada durante a temporada de futebol.<\/p>\n<\/p><\/div>\n<\/p><\/div>\n<\/div><\/div>\n<p><script>\n\t\tvar consent=\"grant\";\n\t\t\/* The above code is parsing the JSON data from the local storage and storing it in a variable. *\/\n\t\t\t\t\tconst onetrustStorageConsent = JSON.parse(localStorage.getItem( 'consent_one_trust_bdc' ) );\n\t\t\tif ( ( onetrustStorageConsent !== null ) ) {\n\t\t\t\t\/* Checking to see if the user has consented to the use of cookies.\n\t\t\t\t* If they have not, it is deleting the cookie.\n\t\t\t\t* This will comment for now, until further notice.\n\t\t\t\t*\/\n\t\t\t\t\/\/if ( onetrustStorageConsent.C0002 === false ) {\n\t\t\t\t\/\/\tdocument.cookie=\"_fbp=;expires=Thu, 01 Jan 2010 00:00:00 UTC; path=\/; domain=.boston.com\";\n\t\t\t\t\/\/}\n\t\t\t\t\/* Checking if the user has given consent for the cookie C0002.\n\t\t\t\t* If the user has given consent, the variable consent will be set to 'grant'.\n\t\t\t\t* If the user has not given consent,the variable consent will be set to 'revoke'.\n\t\t\t\t* Documentation https:\/\/developers.facebook.com\/docs\/meta-pixel\/implementation\/gdpr\n\t\t\t\t*\/\n\t\t\t\tif ( onetrustStorageConsent.C0002 !== true ) {\n\t\t\t\t\tconsent=\"revoke\";\n\t\t\t\t}\n\t\t\t}\n\t\t\t\t!function(f,b,e,v,n,t,s)\n\t\t{if(f.fbq)return;n=f.fbq=function(){n.callMethod?\n\t\tn.callMethod.apply(n,arguments):n.queue.push(arguments)};\n\t\tif(!f._fbq)f._fbq=n;n.push=n;n.loaded=!0;n.version='2.0';\n\t\tn.queue=[];t=b.createElement(e);t.async=!0;\n\t\tt.src=v;s=b.getElementsByTagName(e)[0];\n\t\ts.parentNode.insertBefore(t,s)}(window, document,'script',\n\t\t'https:\/\/connect.facebook.net\/en_US\/fbevents.js');\n\t\tfbq('consent', consent);\n\t\tfbq('init', '989222871864976');\n\t\tfbq('track', 'PageView');\n\t<\/script><script type=\"module\">\n\t\tvar consent=\"grant\";\n\t\t\/* The above code is parsing the JSON data from the local storage and storing it in a variable. *\/\n\t\t\tconst onetrustStorageConsent = JSON.parse(localStorage.getItem( 'consent_one_trust_bdc' ) );\n\t\t\t\/* Checking to see if the user has consented to the use of cookies.\n\t\t\t* If they have not, it is deleting the cookie.\n\t\t\t* This will comment for now, until further notice.\n\t\t\t*\/\n\t\t\t\/\/if ( onetrustStorageConsent.C0002 === false ) {\n\t\t\t\/\/\tdocument.cookie=\"_fbp=;expires=Thu, 01 Jan 2010 00:00:00 UTC; path=\/; domain=.boston.com\";\n\t\t\t\/\/}\n\t\t\t\/* Checking if the user has given consent for the cookie C0002.\n\t\t\t* If the user has given consent, the variable consent will be set to 'grant'.\n\t\t\t* If the user has not given consent,the variable consent will be set to 'revoke'.\n\t\t\t* Documentation https:\/\/developers.facebook.com\/docs\/meta-pixel\/implementation\/gdpr\n\t\t\t*\/\n\t\t\tif ( ( onetrustStorageConsent !== null ) && (onetrustStorageConsent.C0002 !== true ) ) {\n\t\t\t\tconsent=\"revoke\";\n\t\t\t}\n\t\t\t\t!function(f,b,e,v,n,t,s){if(f.fbq)return;n=f.fbq=function()\n\t\t{n.callMethod? n.callMethod.apply(n,arguments):n.queue.push(arguments)}\n\t\t;if(!f._fbq)f._fbq=n;\n\t\tn.push=n;n.loaded=!0;n.version='2.0';n.queue=[];t=b.createElement(e);t.async=!0;\n\t\tt.src=v;s=b.getElementsByTagName(e)[0];s.parentNode.insertBefore(t,s)}(window,\n\t\tdocument,'script','https:\/\/connect.facebook.net\/en_US\/fbevents.js');\n\t\tfbq('consent', consent);\n\t\tfbq('init', '813236348753005');\n\t\tfbq('track', \"PageView\");\n\t<\/script><br \/>\n<br \/><br \/>\n<br \/><a href=\"https:\/\/www.boston.com\/sports\/new-england-patriots\/2024\/08\/01\/matthew-judon-patriots-contract-dispute-jerod-mayo-comments\/\">Source link <\/a><\/p>","protected":false},"excerpt":{"rendered":"<p>Patriotas &#8220;Tive uma \u00f3tima reuni\u00e3o com Judon e estamos todos seguindo em frente.&#8221; Mateus Judon AP Photo\/Charles Krupa Matthew Judon refutou relato de que os Patriots lhe ofereceram um novo&hellip;<\/p>","protected":false},"author":1,"featured_media":14330,"comment_status":"closed","ping_status":"open","sticky":false,"template":"","format":"standard","meta":{"content-type":"","footnotes":""},"categories":[1],"tags":[],"class_list":["post-14329","post","type-post","status-publish","format-standard","has-post-thumbnail","hentry","category-uncategorized"],"_links":{"self":[{"href":"https:\/\/tvbrazilusa.com\/pt\/wp-json\/wp\/v2\/posts\/14329","targetHints":{"allow":["GET"]}}],"collection":[{"href":"https:\/\/tvbrazilusa.com\/pt\/wp-json\/wp\/v2\/posts"}],"about":[{"href":"https:\/\/tvbrazilusa.com\/pt\/wp-json\/wp\/v2\/types\/post"}],"author":[{"embeddable":true,"href":"https:\/\/tvbrazilusa.com\/pt\/wp-json\/wp\/v2\/users\/1"}],"replies":[{"embeddable":true,"href":"https:\/\/tvbrazilusa.com\/pt\/wp-json\/wp\/v2\/comments?post=14329"}],"version-history":[{"count":1,"href":"https:\/\/tvbrazilusa.com\/pt\/wp-json\/wp\/v2\/posts\/14329\/revisions"}],"predecessor-version":[{"id":14331,"href":"https:\/\/tvbrazilusa.com\/pt\/wp-json\/wp\/v2\/posts\/14329\/revisions\/14331"}],"wp:featuredmedia":[{"embeddable":true,"href":"https:\/\/tvbrazilusa.com\/pt\/wp-json\/wp\/v2\/media\/14330"}],"wp:attachment":[{"href":"https:\/\/tvbrazilusa.com\/pt\/wp-json\/wp\/v2\/media?parent=14329"}],"wp:term":[{"taxonomy":"category","embeddable":true,"href":"https:\/\/tvbrazilusa.com\/pt\/wp-json\/wp\/v2\/categories?post=14329"},{"taxonomy":"post_tag","embeddable":true,"href":"https:\/\/tvbrazilusa.com\/pt\/wp-json\/wp\/v2\/tags?post=14329"}],"curies":[{"name":"wp","href":"https:\/\/api.w.org\/{rel}","templated":true}]}}