{"id":14340,"date":"2024-08-01T16:21:58","date_gmt":"2024-08-01T16:21:58","guid":{"rendered":"https:\/\/tvbrazilusa.com\/2024\/08\/01\/grupos-pro-palestinos-tentam-frustrar-as-chances-de-josh-shapiro-para-vice-presidente-de-harris\/"},"modified":"2024-08-01T16:32:26","modified_gmt":"2024-08-01T16:32:26","slug":"grupos-pro-palestinos-tentam-frustrar-as-chances-de-josh-shapiro-para-vice-presidente-de-harris","status":"publish","type":"post","link":"https:\/\/tvbrazilusa.com\/pt\/2024\/08\/01\/grupos-pro-palestinos-tentam-frustrar-as-chances-de-josh-shapiro-para-vice-presidente-de-harris\/","title":{"rendered":"Grupos pr\u00f3-palestinos tentam frustrar as chances de Josh Shapiro para vice-presidente de Harris"},"content":{"rendered":"<p> <script async src=\"https:\/\/pagead2.googlesyndication.com\/pagead\/js\/adsbygoogle.js?client=ca-pub-8864793242727901\"\r\n     crossorigin=\"anonymous\"><\/script><br \/>\n<\/p>\n<div id=\"\">\n<header class=\"m-article-header m-article-header--standard\">\n\t\t\t\t\t\t\t\t\t\t\t\t<span id=\"article-header-primary-term\"><br \/>\n\t\t\t\t\t\t\t\t<a class=\"a-term a-term--primary\" href=\"https:\/\/www.boston.com\/tag\/politics\/\"><\/p>\n<p>\t\t\t\t\t\t\t\tPol\u00edtica\t\t\t\t\t\t\t\t<\/a><br \/>\n\t\t\t\t\t\t\t<\/span><\/p>\n<h2 class=\"m-article-header__sub-headline\">\u201cHarris precisa vencer na Pensilv\u00e2nia, sinalizar modera\u00e7\u00e3o e tranquilizar os eleitores de Haley de que ela se posicionar\u00e1 em favor da esquerda\u201d, disse o deputado Jake Auchincloss, D-Massachusetts, um veterano militar judeu e admirador de Shapiro, referindo-se aos apoiadores republicanos de Nikki Haley.<\/h2>\n<figure class=\"a-photo m-article-header__photo\"><figcaption class=\"a-photo__caption\">\n<p>\tO governador da Pensilv\u00e2nia, Josh Shapiro, discursa durante um com\u00edcio de campanha para a vice-presidente Kamala Harris, na Wissahickon High School em Ambler, Pensilv\u00e2nia, na segunda-feira, 29 de julho de 2024. <em> Hiroko Masuike\/The New York Times<\/em>\t<\/figcaption><\/figure>\n<div class=\"m-article-header__meta\">\n<div class=\"m-article-header__byline\">\n<p class=\"m-article-header__author\">\n<p>\t\t\t\t\t\t\t\tPor Jonathan Weisman, New York Times Service\t\t\t\t\t\t\t<\/p>\n<p>\t\t\t\t\t\t    \t\t\t\t\t\t\t<time class=\"m-article-header__date\"><\/p>\n<p>        \t\t\t\t\t\t\t1 de agosto de 2024 | 12:21 PM    \t\t\t\t\t\t\t<\/time><\/p><\/div>\n<\/p><\/div>\n<\/header>\n<p>O governador da Pensilv\u00e2nia, Josh Shapiro, subiu ao palco da Wissahickon High School, nos sub\u00farbios da Filad\u00e9lfia, na segunda-feira, sob os aplausos de seus colegas democratas, uma apari\u00e7\u00e3o na campanha e uma audi\u00e7\u00e3o, tudo em um.<\/p>\n<p>Enquanto ele gritava entusiasticamente seu apoio a <a href=\"https:\/\/www.boston.com\/tag\/kamala-harris\/\">Vice-presidente Kamala Harris<\/a>&#39; <a href=\"https:\/\/www.boston.com\/tag\/2024-election\">campanha presidencial<\/a>os manifestantes pr\u00f3-palestinos que perseguiram os pol\u00edticos democratas na primavera passada n\u00e3o estavam em evid\u00eancia. Havia apenas a adora\u00e7\u00e3o de uma audi\u00eancia de seu condado natal de Montgomery, que a chapa democrata deve levar por margens consider\u00e1veis \u200b\u200bem novembro para vencer na Pensilv\u00e2nia.<\/p>\n<p>Mas enquanto Harris se prepara para nomear sua companheira de chapa antes de um com\u00edcio na ter\u00e7a-feira na Filad\u00e9lfia, esses protestos s\u00e3o parte integrante do c\u00e1lculo em torno de Shapiro, que se acredita estar em sua lista de candidatos. <a href=\"https:\/\/www.boston.com\/news\/politics\/2024\/07\/25\/harris-is-starting-to-vet-potential-running-mates\/\">potenciais companheiros de chapa<\/a>.<\/p>\n<p>Um esfor\u00e7o de um grupo heterog\u00eaneo de ativistas de esquerda e pr\u00f3-Palestina para inviabilizar sua nomea\u00e7\u00e3o apresentou \u00e0 campanha de Harris uma decis\u00e3o enquanto a vice-presidente se prepara para fazer uma das escolhas mais significativas de sua carreira: ela deveria aproveitar a oportunidade para enfrentar seu flanco de extrema esquerda em um apelo ao centro do partido e aos independentes, ou deveria evitar inflamar uma quest\u00e3o que dividiu e atormentou o partido \u2014 a guerra de Israel na Faixa de Gaza?<\/p>\n<p>\u201cHarris precisa ganhar na Pensilv\u00e2nia, sinalizar modera\u00e7\u00e3o e tranquilizar os eleitores de Haley de que ela se posicionar\u00e1 \u00e0 esquerda\u201d, disse o deputado Jake Auchincloss, D-Massachusetts, um veterano militar judeu e admirador de Shapiro, referindo-se aos apoiadores republicanos de Nikki Haley. \u201cQuanto mais a esquerda do Twitter se acumula sobre ele, mais \u00fatil ele \u00e9 para Harris.\u201d<\/p>\n<p>Shapiro, um judeu praticante que fala abertamente sobre sua f\u00e9, assumiu uma posi\u00e7\u00e3o sobre a guerra que n\u00e3o \u00e9 muito diferente de qualquer outro democrata considerado para ser companheiro de chapa do vice-presidente, ou de Harris.<\/p>\n<p>O governador de 51 anos <a href=\"https:\/\/www.nytimes.com\/2024\/05\/11\/us\/politics\/josh-shapiro-pennsylvania.html\">defendeu o direito de Israel \u00e0 autodefesa<\/a> e condenou demonstra\u00e7\u00f5es abertas de antissemitismo em meio a protestos pr\u00f3-palestinos. Ele n\u00e3o se desculpou em seu amor por Israel; ele visitou com frequ\u00eancia e at\u00e9 mesmo pediu sua esposa em casamento l\u00e1. Ele tamb\u00e9m chamou o primeiro-ministro israelense Benjamin Netanyahu <a href=\"https:\/\/politicalwire.com\/2024\/01\/13\/josh-shapiro-says-netanyahu-is-one-of-the-worst\/\">\u201cum dos piores l\u00edderes de todos os tempos.\u201d<\/a><\/p>\n<p>Mas os ativistas dos direitos palestinos veem algu\u00e9m diferente, a face p\u00fablica do apoio intransigente a Israel. Eles apontam para Shapiro <a href=\"https:\/\/www.cnn.com\/videos\/politics\/2024\/04\/24\/the-lead-josh-shapiro-college-protests-israel-hamas-democrats-primary-2024-jake-tapper.cnn\">sugest\u00e3o em abril<\/a> que as pessoas n\u00e3o tolerariam \u201cpessoas vestidas com trajes da KKK ou ins\u00edgnias da KKK\u201d e, portanto, tamb\u00e9m n\u00e3o deveriam tolerar o antissemitismo nos campi, como uma compara\u00e7\u00e3o de manifestantes pr\u00f3-palestinos com a Ku Klux Klan.<\/p>\n<p>Shapiro apoiou a demiss\u00e3o da presidente da Universidade da Pensilv\u00e2nia, Elizabeth Magill, em meio a acusa\u00e7\u00f5es de que ela havia tolerado um clima de antipatia por estudantes judeus. Ele tamb\u00e9m atualizou recentemente um c\u00f3digo de conduta para funcion\u00e1rios estaduais para proibi-los de se envolverem em comportamento &#8220;escandaloso ou vergonhoso&#8221;, uma medida interpretada como tendo como alvo ativistas de direitos palestinos.<\/p>\n<p>A campanha para frustrar sua nomea\u00e7\u00e3o n\u00e3o \u00e9, por sua pr\u00f3pria admiss\u00e3o, bem organizada. A coaliz\u00e3o frouxa inclui os Socialistas Democratas da Am\u00e9rica; Uncommitted, que travou uma campanha para convencer os eleitores prim\u00e1rios democratas a registrar votos de protesto contra o presidente Joe Biden; o grupo judaico progressista IfNotNow; e um grupo de assessores pr\u00f3-palestinos an\u00f4nimos no Capit\u00f3lio conhecido como Dear White Staffers. N\u00e3o inclui alguns dos maiores grupos de direitos palestinos, nem grupos progressistas mais proeminentes se juntaram, como os Justice Democrats.<\/p>\n<p>Os oponentes do governador publicaram um site, No Genocide Josh; promoveram uma peti\u00e7\u00e3o online; <a href=\"https:\/\/newrepublic.com\/article\/184151\/one-vice-president-ruin-democratic-unity-josh-shapiro\">circulou artigos anti-Shapiro<\/a> nas redes sociais; criou um canal Signal; e <a href=\"https:\/\/x.com\/TheJoshHill3\/status\/1818652769521147955\">provoca\u00e7\u00f5es emitidas pela internet<\/a> para provocar a oposi\u00e7\u00e3o de ativistas que estavam focados em tirar Biden da disputa.<\/p>\n<p>Mas as pessoas que criaram o site se recusaram a ser entrevistadas, em vez disso, se gabaram em um e-mail n\u00e3o assinado para <em>O jornal New York Times<\/em>\u201cEm menos de uma semana, nossa peti\u00e7\u00e3o reuniu mais de 850 assinaturas e nossas mensagens nas redes sociais chamaram a aten\u00e7\u00e3o de rep\u00f3rteres e pol\u00edticos de todo o pa\u00eds.\u201d Para uma campanha nacional, 850 assinaturas dificilmente representam direitos de se gabar. Shapiro recebeu 3.031.137 votos em seu <a href=\"https:\/\/www.nytimes.com\/interactive\/2022\/11\/08\/us\/elections\/results-pennsylvania-governor.html\">Vit\u00f3ria de 15 pontos percentuais<\/a> para governador da Pensilv\u00e2nia em 2022.<\/p>\n<p>N\u00e3o est\u00e1 claro se tais cr\u00edticas prejudicar\u00e3o ou ajudar\u00e3o Shapiro, j\u00e1 que Harris pondera uma escolha que acalme o centro pol\u00edtico ou acalme as franjas de sua coaliz\u00e3o. O burburinho na esquerda deve ser simplesmente ignorado, disse Paige G. Cognetti, a prefeita democrata da cidade predominantemente oper\u00e1ria de Scranton, Pensilv\u00e2nia.<\/p>\n<p>\u201cSempre haver\u00e1 alguma fac\u00e7\u00e3o na extrema esquerda e na extrema direita que dir\u00e1 que ningu\u00e9m \u00e9 bom o suficiente\u201d, ela disse, dando de ombros.<\/p>\n<p>De fato, a campanha de Harris tem uma oportunidade de expandir seu apelo ao adicionar Shapiro \u00e0 chapa, dizem seus apoiadores. A ala progressista do partido j\u00e1 est\u00e1 se tornando menos vocal em suas cr\u00edticas sobre Gaza, acreditando que a vice-presidente est\u00e1 se aproximando deles em Israel e nos territ\u00f3rios palestinos com seus apelos diretos por um cessar-fogo em Gaza, seu reconhecimento de <a href=\"https:\/\/www.youtube.com\/watch?v=kL63z694RoE\">\u201cn\u00edveis catastr\u00f3ficos de inseguran\u00e7a alimentar aguda\u201d<\/a> no territ\u00f3rio e ela <a href=\"https:\/\/www.nytimes.com\/2024\/07\/30\/opinion\/kamala-harris-netanyahu-israel-gaza.html\">prometer \u201cn\u00e3o ficar em sil\u00eancio\u201d<\/a> sobre o sofrimento palestino.<\/p>\n<p>Com os eleitores progressistas voltando para os democratas, Shapiro, que n\u00e3o quis ser entrevistado, completaria a coaliz\u00e3o que ajudou os democratas a reconquistar a Casa Branca em 2020, garantindo aos eleitores judeus e pr\u00f3-Israel que o governo Harris n\u00e3o se inclinaria para a esquerda.<\/p>\n<p>Alguns apoiadores tamb\u00e9m veem intoler\u00e2ncia em a\u00e7\u00e3o na oposi\u00e7\u00e3o a Shapiro.<\/p>\n<p>\u201cTodo candidato potencial para vice-presidente \u00e9 pr\u00f3-Israel\u201d, disse o deputado Ritchie Torres, DN.Y., <a href=\"https:\/\/x.com\/RitchieTorres\/status\/1816860156464103743\">escreveu nas redes sociais sexta-feira<\/a>. \u201cA raz\u00e3o pela qual ele \u00e9 tratado diferentemente dos demais? Antissemitismo.\u201d<\/p>\n<p>Mas para o movimento pr\u00f3-palestino, h\u00e1 muitos outros candidatos para a chapa. Shapiro pode ajudar a ganhar a Pensilv\u00e2nia, mas Rabiul Chowdhury, um membro do conselho executivo do Council on American-Islamic Relations na Filad\u00e9lfia e um copresidente da organiza\u00e7\u00e3o Abandon Biden, impulsionada pela causa palestina, disse em uma entrevista que Shapiro prejudicaria as chances de Harris em Michigan, onde uma grande popula\u00e7\u00e3o mu\u00e7ulmana e \u00e1rabe-americana j\u00e1 havia se voltado contra Biden.<\/p>\n<p>Os cr\u00edticos de Shapiro levantam o espectro de protestos em massa na conven\u00e7\u00e3o democrata em Chicago. Alguns tamb\u00e9m citam outras quest\u00f5es, incluindo o apoio passado de Shapiro a vouchers para enviar crian\u00e7as a escolas privadas e <a href=\"https:\/\/www.inquirer.com\/politics\/election\/josh-shapiro-mike-vereb-sexual-harassment-vp-20240729.html#:~:text=Vereb%2C%2057%2C%20abruptly%20stepped%20down,members%2C%20and%20a%20female%20state\">alega\u00e7\u00f5es de que ele foi acusado de impropriedade sexual <\/a>contra um assessor debaixo do tapete.<\/p>\n<p>A mensagem de seus cr\u00edticos de esquerda \u00e9 simples: Shapiro simplesmente n\u00e3o vale a pena.<\/p>\n<p>\u201cEle tem uma tempestade perfeita nas m\u00e3os quando h\u00e1 op\u00e7\u00f5es menos controversas dispon\u00edveis\u201d, disse Waleed Shahid, porta-voz do grupo progressista Uncommitted.<\/p>\n<p>Manuel Bonder, um porta-voz de Shapiro, defendeu firmemente o hist\u00f3rico de Shapiro na educa\u00e7\u00e3o p\u00fablica. Ele disse que, embora o governo estadual n\u00e3o pudesse comentar sobre quest\u00f5es de pessoal, a administra\u00e7\u00e3o Shapiro \u201cleva as alega\u00e7\u00f5es de discrimina\u00e7\u00e3o e ass\u00e9dio a s\u00e9rio. Procedimentos robustos est\u00e3o em vigor para investigar minuciosamente os relatos de discrimina\u00e7\u00e3o e ass\u00e9dio.\u201d<\/p>\n<p>Alguns judeus de esquerda se juntaram \u00e0 causa anti-Shapiro.<\/p>\n<p>\u201cIfNotNow e a esquerda est\u00e3o animados para ver uma oportunidade de criar mais dist\u00e2ncia\u201d das pol\u00edticas do governo Biden em rela\u00e7\u00e3o a Israel, disse Sara Abramson, 30, uma l\u00edder do cap\u00edtulo da Filad\u00e9lfia do IfNotNow. Ela deu cr\u00e9dito a Harris por fazer isso. \u201cNomear Josh Shapiro diminuiria essa dist\u00e2ncia que estamos buscando.\u201d<\/p>\n<figure class=\"wp-block-image size-full\"><img loading=\"lazy\" decoding=\"async\" width=\"2560\" height=\"1707\" src=\"https:\/\/bdc2020.o0bc.com\/wp-content\/uploads\/2024\/08\/https___nytapi.wieck_.com_feed-photos_D4TYW2RD-66abb167f3b2c-scaled.jpg\" alt=\"Sara Abramson.\" class=\"wp-image-31020562\" srcset=\"https:\/\/bdc2020.o0bc.com\/wp-content\/uploads\/2024\/08\/https___nytapi.wieck_.com_feed-photos_D4TYW2RD-66abb167f3b2c-scaled.jpg?width=200 200w, https:\/\/bdc2020.o0bc.com\/wp-content\/uploads\/2024\/08\/https___nytapi.wieck_.com_feed-photos_D4TYW2RD-66abb167f3b2c-scaled.jpg?width=300 300w, https:\/\/bdc2020.o0bc.com\/wp-content\/uploads\/2024\/08\/https___nytapi.wieck_.com_feed-photos_D4TYW2RD-66abb167f3b2c-scaled.jpg?width=400 400w, https:\/\/bdc2020.o0bc.com\/wp-content\/uploads\/2024\/08\/https___nytapi.wieck_.com_feed-photos_D4TYW2RD-66abb167f3b2c-scaled.jpg?width=500 500w, https:\/\/bdc2020.o0bc.com\/wp-content\/uploads\/2024\/08\/https___nytapi.wieck_.com_feed-photos_D4TYW2RD-66abb167f3b2c-scaled.jpg?width=600 600w, https:\/\/bdc2020.o0bc.com\/wp-content\/uploads\/2024\/08\/https___nytapi.wieck_.com_feed-photos_D4TYW2RD-66abb167f3b2c-scaled.jpg?width=700 700w, https:\/\/bdc2020.o0bc.com\/wp-content\/uploads\/2024\/08\/https___nytapi.wieck_.com_feed-photos_D4TYW2RD-66abb167f3b2c-scaled.jpg?width=800 800w, https:\/\/bdc2020.o0bc.com\/wp-content\/uploads\/2024\/08\/https___nytapi.wieck_.com_feed-photos_D4TYW2RD-66abb167f3b2c-scaled.jpg?width=900 900w\" sizes=\"auto, (max-width: 2560px) 100vw, 2560px\"\/><figcaption class=\"wp-element-caption\">Sara Abramson, l\u00edder de um cap\u00edtulo do grupo judaico anti-sionista IfNotNow, em seu apartamento na Filad\u00e9lfia, na ter\u00e7a-feira, 30 de julho de 2024. <i> \u2013 Hiroko Masuike\/The New York Times<\/i><\/figcaption><\/figure>\n<p>Os apoiadores do governador dizem que ele certamente vale a pena. Uma pesquisa da Fox News divulgada na sexta-feira descobriu que Shapiro tinha uma taxa de aprova\u00e7\u00e3o de 61% no estado, uma das mais altas de qualquer governador. Ela descobriu que, em um confronto te\u00f3rico, ele venceria o ex-presidente Donald Trump por 10 pontos percentuais no estado.<\/p>\n<p>Seja qual for a pol\u00edtica da escolha, Shapiro \u00e9 orgulhosamente e religiosamente judeu e um fervoroso apoiador do estado judeu, dizem aqueles que o conhecem.<\/p>\n<p>\u201cIsso anima quem ele \u00e9\u201d, disse David Glanzberg-Krainin, rabino-chefe da sinagoga de Shapiro, no sub\u00farbio de Elkins Park, Pensilv\u00e2nia.<\/p>\n<p>O santu\u00e1rio da sinagoga, Beth Sholom, foi projetado por Frank Lloyd Wright para fundir a indomabilidade do antigo Israel com a grandeza de uma Am\u00e9rica em ascens\u00e3o. Shapiro teve seu bar mitzvah sob seu teto abobadado e conversas e textos com seu rabino chefe, embora Glanzberg-Krainin seja r\u00e1pido em dizer que ele n\u00e3o era de forma alguma o conselheiro espiritual do governador.<\/p>\n<p>Usando um termo i\u00eddiche que significa aproximadamente \u201cpessoa \u00edntegra\u201d, Glanzberg-Krainin acrescentou: \u201cAl\u00e9m de ser muito ambicioso e algu\u00e9m realmente talentoso, ele \u00e9 \u2014 em um n\u00edvel pessoal, ele \u00e9 um mensch.\u201d<\/p>\n<figure class=\"wp-block-image size-full\"><img loading=\"lazy\" decoding=\"async\" width=\"2560\" height=\"1707\" src=\"https:\/\/bdc2020.o0bc.com\/wp-content\/uploads\/2024\/08\/https___nytapi.wieck_.com_feed-photos_2DTK7VwE-66abb1c5e4342-scaled.jpg\" alt=\"David Glanzberg-Krainin, rabino-chefe da Sinagoga Beth Sholom em Elkins Park, Pensilv\u00e2nia.\" class=\"wp-image-31020604\" srcset=\"https:\/\/bdc2020.o0bc.com\/wp-content\/uploads\/2024\/08\/https___nytapi.wieck_.com_feed-photos_2DTK7VwE-66abb1c5e4342-scaled.jpg?width=200 200w, https:\/\/bdc2020.o0bc.com\/wp-content\/uploads\/2024\/08\/https___nytapi.wieck_.com_feed-photos_2DTK7VwE-66abb1c5e4342-scaled.jpg?width=300 300w, https:\/\/bdc2020.o0bc.com\/wp-content\/uploads\/2024\/08\/https___nytapi.wieck_.com_feed-photos_2DTK7VwE-66abb1c5e4342-scaled.jpg?width=400 400w, https:\/\/bdc2020.o0bc.com\/wp-content\/uploads\/2024\/08\/https___nytapi.wieck_.com_feed-photos_2DTK7VwE-66abb1c5e4342-scaled.jpg?width=500 500w, https:\/\/bdc2020.o0bc.com\/wp-content\/uploads\/2024\/08\/https___nytapi.wieck_.com_feed-photos_2DTK7VwE-66abb1c5e4342-scaled.jpg?width=600 600w, https:\/\/bdc2020.o0bc.com\/wp-content\/uploads\/2024\/08\/https___nytapi.wieck_.com_feed-photos_2DTK7VwE-66abb1c5e4342-scaled.jpg?width=700 700w, https:\/\/bdc2020.o0bc.com\/wp-content\/uploads\/2024\/08\/https___nytapi.wieck_.com_feed-photos_2DTK7VwE-66abb1c5e4342-scaled.jpg?width=800 800w, https:\/\/bdc2020.o0bc.com\/wp-content\/uploads\/2024\/08\/https___nytapi.wieck_.com_feed-photos_2DTK7VwE-66abb1c5e4342-scaled.jpg?width=900 900w\" sizes=\"auto, (max-width: 2560px) 100vw, 2560px\"\/><figcaption class=\"wp-element-caption\">David Glanzberg-Krainin, rabino-chefe da Sinagoga Beth Sholom em Elkins Park, Pensilv\u00e2nia, frequentado pelo governador Josh Shapiro, em 30 de julho de 2024.<i> \u2013 Hiroko Masuike\/The New York Times<\/i><\/figcaption><\/figure>\n<p><em>Este artigo foi publicado originalmente em <a href=\"https:\/\/www.nytimes.com\/2024\/08\/01\/us\/politics\/shapiro-vp-israel.html\">O jornal New York Times<\/a>.<\/em><\/p>\n<div class=\"m-block m-generic-cta\t m-generic-cta--post-content\t m-generic-cta--dark\t m-generic-cta--homepage\t m-generic-cta--email-signup\t\t m-generic-cta-block-style--default \tt-amp__generic-cta\"><\/p>\n<div class=\"m-generic-cta__wrap\">\n<div class=\"m-generic-cta__content\">\n<h3 class=\"m-generic-cta__title\">Alertas de not\u00edcias extras<\/h3>\n<p class=\"m-generic-cta__subtitle\">Receba atualiza\u00e7\u00f5es de \u00faltima hora assim que elas acontecerem.<\/p>\n<\/p><\/div>\n<\/p><\/div>\n<\/div><\/div>\n<p><script>\n\t\tvar consent=\"grant\";\n\t\t\/* The above code is parsing the JSON data from the local storage and storing it in a variable. *\/\n\t\t\t\t\tconst onetrustStorageConsent = JSON.parse(localStorage.getItem( 'consent_one_trust_bdc' ) );\n\t\t\tif ( ( onetrustStorageConsent !== null ) ) {\n\t\t\t\t\/* Checking to see if the user has consented to the use of cookies.\n\t\t\t\t* If they have not, it is deleting the cookie.\n\t\t\t\t* This will comment for now, until further notice.\n\t\t\t\t*\/\n\t\t\t\t\/\/if ( onetrustStorageConsent.C0002 === false ) {\n\t\t\t\t\/\/\tdocument.cookie=\"_fbp=;expires=Thu, 01 Jan 2010 00:00:00 UTC; path=\/; domain=.boston.com\";\n\t\t\t\t\/\/}\n\t\t\t\t\/* Checking if the user has given consent for the cookie C0002.\n\t\t\t\t* If the user has given consent, the variable consent will be set to 'grant'.\n\t\t\t\t* If the user has not given consent,the variable consent will be set to 'revoke'.\n\t\t\t\t* Documentation https:\/\/developers.facebook.com\/docs\/meta-pixel\/implementation\/gdpr\n\t\t\t\t*\/\n\t\t\t\tif ( onetrustStorageConsent.C0002 !== true ) {\n\t\t\t\t\tconsent=\"revoke\";\n\t\t\t\t}\n\t\t\t}\n\t\t\t\t!function(f,b,e,v,n,t,s)\n\t\t{if(f.fbq)return;n=f.fbq=function(){n.callMethod?\n\t\tn.callMethod.apply(n,arguments):n.queue.push(arguments)};\n\t\tif(!f._fbq)f._fbq=n;n.push=n;n.loaded=!0;n.version='2.0';\n\t\tn.queue=[];t=b.createElement(e);t.async=!0;\n\t\tt.src=v;s=b.getElementsByTagName(e)[0];\n\t\ts.parentNode.insertBefore(t,s)}(window, document,'script',\n\t\t'https:\/\/connect.facebook.net\/en_US\/fbevents.js');\n\t\tfbq('consent', consent);\n\t\tfbq('init', '989222871864976');\n\t\tfbq('track', 'PageView');\n\t<\/script><script type=\"module\">\n\t\tvar consent=\"grant\";\n\t\t\/* The above code is parsing the JSON data from the local storage and storing it in a variable. *\/\n\t\t\tconst onetrustStorageConsent = JSON.parse(localStorage.getItem( 'consent_one_trust_bdc' ) );\n\t\t\t\/* Checking to see if the user has consented to the use of cookies.\n\t\t\t* If they have not, it is deleting the cookie.\n\t\t\t* This will comment for now, until further notice.\n\t\t\t*\/\n\t\t\t\/\/if ( onetrustStorageConsent.C0002 === false ) {\n\t\t\t\/\/\tdocument.cookie=\"_fbp=;expires=Thu, 01 Jan 2010 00:00:00 UTC; path=\/; domain=.boston.com\";\n\t\t\t\/\/}\n\t\t\t\/* Checking if the user has given consent for the cookie C0002.\n\t\t\t* If the user has given consent, the variable consent will be set to 'grant'.\n\t\t\t* If the user has not given consent,the variable consent will be set to 'revoke'.\n\t\t\t* Documentation https:\/\/developers.facebook.com\/docs\/meta-pixel\/implementation\/gdpr\n\t\t\t*\/\n\t\t\tif ( ( onetrustStorageConsent !== null ) && (onetrustStorageConsent.C0002 !== true ) ) {\n\t\t\t\tconsent=\"revoke\";\n\t\t\t}\n\t\t\t\t!function(f,b,e,v,n,t,s){if(f.fbq)return;n=f.fbq=function()\n\t\t{n.callMethod? n.callMethod.apply(n,arguments):n.queue.push(arguments)}\n\t\t;if(!f._fbq)f._fbq=n;\n\t\tn.push=n;n.loaded=!0;n.version='2.0';n.queue=[];t=b.createElement(e);t.async=!0;\n\t\tt.src=v;s=b.getElementsByTagName(e)[0];s.parentNode.insertBefore(t,s)}(window,\n\t\tdocument,'script','https:\/\/connect.facebook.net\/en_US\/fbevents.js');\n\t\tfbq('consent', consent);\n\t\tfbq('init', '813236348753005');\n\t\tfbq('track', \"PageView\");\n\t<\/script><br \/>\n<br \/><br \/>\n<br \/><a href=\"https:\/\/www.boston.com\/news\/politics\/2024\/08\/01\/pro-palestinian-groups-seek-to-thwart-josh-shapiros-chances-harris-vp\/\">Source link <\/a><\/p>","protected":false},"excerpt":{"rendered":"<p>Pol\u00edtica \u201cHarris precisa vencer na Pensilv\u00e2nia, sinalizar modera\u00e7\u00e3o e tranquilizar os eleitores de Haley de que ela se posicionar\u00e1 em favor da esquerda\u201d, disse o deputado Jake Auchincloss, D-Massachusetts, um&hellip;<\/p>","protected":false},"author":1,"featured_media":14341,"comment_status":"closed","ping_status":"open","sticky":false,"template":"","format":"standard","meta":{"content-type":"","footnotes":""},"categories":[1],"tags":[],"class_list":["post-14340","post","type-post","status-publish","format-standard","has-post-thumbnail","hentry","category-uncategorized"],"_links":{"self":[{"href":"https:\/\/tvbrazilusa.com\/pt\/wp-json\/wp\/v2\/posts\/14340","targetHints":{"allow":["GET"]}}],"collection":[{"href":"https:\/\/tvbrazilusa.com\/pt\/wp-json\/wp\/v2\/posts"}],"about":[{"href":"https:\/\/tvbrazilusa.com\/pt\/wp-json\/wp\/v2\/types\/post"}],"author":[{"embeddable":true,"href":"https:\/\/tvbrazilusa.com\/pt\/wp-json\/wp\/v2\/users\/1"}],"replies":[{"embeddable":true,"href":"https:\/\/tvbrazilusa.com\/pt\/wp-json\/wp\/v2\/comments?post=14340"}],"version-history":[{"count":1,"href":"https:\/\/tvbrazilusa.com\/pt\/wp-json\/wp\/v2\/posts\/14340\/revisions"}],"predecessor-version":[{"id":14342,"href":"https:\/\/tvbrazilusa.com\/pt\/wp-json\/wp\/v2\/posts\/14340\/revisions\/14342"}],"wp:featuredmedia":[{"embeddable":true,"href":"https:\/\/tvbrazilusa.com\/pt\/wp-json\/wp\/v2\/media\/14341"}],"wp:attachment":[{"href":"https:\/\/tvbrazilusa.com\/pt\/wp-json\/wp\/v2\/media?parent=14340"}],"wp:term":[{"taxonomy":"category","embeddable":true,"href":"https:\/\/tvbrazilusa.com\/pt\/wp-json\/wp\/v2\/categories?post=14340"},{"taxonomy":"post_tag","embeddable":true,"href":"https:\/\/tvbrazilusa.com\/pt\/wp-json\/wp\/v2\/tags?post=14340"}],"curies":[{"name":"wp","href":"https:\/\/api.w.org\/{rel}","templated":true}]}}