{"id":14362,"date":"2024-08-01T16:31:55","date_gmt":"2024-08-01T16:31:55","guid":{"rendered":"https:\/\/tvbrazilusa.com\/2024\/08\/01\/rua-do-centro-da-cidade-pode-ser-renomeada-para-homenagear-ben-frazier-jacksonville-today\/"},"modified":"2024-08-01T16:50:33","modified_gmt":"2024-08-01T16:50:33","slug":"rua-do-centro-da-cidade-pode-ser-renomeada-para-homenagear-ben-frazier-jacksonville-today","status":"publish","type":"post","link":"https:\/\/tvbrazilusa.com\/pt\/2024\/08\/01\/rua-do-centro-da-cidade-pode-ser-renomeada-para-homenagear-ben-frazier-jacksonville-today\/","title":{"rendered":"Rua do centro da cidade pode ser renomeada para homenagear Ben Frazier &#8211; Jacksonville Today"},"content":{"rendered":"<p> <script async src=\"https:\/\/pagead2.googlesyndication.com\/pagead\/js\/adsbygoogle.js?client=ca-pub-8864793242727901\"\r\n     crossorigin=\"anonymous\"><\/script><br \/>\n<\/p>\n<div>\n<p>Uma rua no centro de Jacksonville poder\u00e1 em breve ser renomeada para homenagear o falecido Ben Frazier, fundador da Northside Coalition of Jacksonville.<\/p>\n<p>O Conselho Municipal analisar\u00e1 um projeto de lei que renomearia a Confederate Street como Frazier Place, um reconhecimento aos esfor\u00e7os tenazes de Frazier para eliminar os monumentos confederados.<\/p>\n<p>O membro do conselho Jimmy Peluso apresentou o projeto de lei em 23 de julho. Em uma postagem no X, ele agradeceu \u00e0 Northside Coalition e \u00e0 atual l\u00edder Kelly Frazier \u201cpor me permitirem levar este projeto de lei para imortalizar o nome de Ben Frazier em nossa cidade\u201d.<\/p>\n<p>\u201cEle defendeu o pequeno sujeito, lutando contra a injusti\u00e7a e liderando uma comunidade a se levantar e exigir mais. Vamos fazer isso\u201d, escreveu Peluso.<\/p>\n<p>Frazier, de 73 anos <a href=\"https:\/\/jaxtoday.org\/2023\/06\/25\/jacksonville-civil-rights-activist-ben-frazier-dies-at-73\/\">morreu de c\u00e2ncer<\/a> 13 meses atr\u00e1s.<\/p>\n<p>Kelly Frazier, sua filha, disse que ser\u00e1 uma das vozes ouvidas quando o projeto de lei enfrentar a revis\u00e3o do comit\u00ea na ter\u00e7a-feira, depois uma audi\u00eancia p\u00fablica em 13 de agosto perante o conselho pleno. Ela se juntou \u00e0 coaliz\u00e3o e \u00e0 comunidade de Springfield para pedir a mudan\u00e7a de nome, e Peluso a patrocinou, ela disse.<\/p>\n<p>\u201c\u00c9 uma coisa \u00f3tima que estejamos renomeando a Confederate Street para Frazier Place, por causa das coisas que meu pai fez para lutar contra o que a Confedera\u00e7\u00e3o representava\u201d, disse Kelly Frazier. \u201c\u00c9 mais do que uma honra renomear a rua de algo que era t\u00e3o negativo, que ele lutou tanto para trazer essa positividade, para dizer quase um obrigado a ele. \u00c9 fenomenal para mim.\u201d<\/p>\n<figure class=\"wp-block-image size-large\"><figcaption class=\"wp-element-caption\">Springfield Park, antigamente chamado de Confederate Park, \u00e9 mostrado no extremo oeste da Confederate Street, do outro lado da Hubbard Street. | Dan Scanlan, Jacksonville Today<\/figcaption><\/figure>\n<p>O projeto de lei renomearia a Confederate Street entre a Hubbard Street e a Liberty Street. A rua termina no lado leste do que costumava ser chamado de Confederate Park na divisa do centro da cidade\/Springfield. O parque em si foi renomeado para Springfield Park nos \u00faltimos anos.<\/p>\n<p>No final de dezembro, a prefeita Donna Deegan mandou erguer a est\u00e1tua pol\u00eamica \u201cTributo \u00e0s Mulheres da Confedera\u00e7\u00e3o do Sul\u201d <a href=\"https:\/\/jaxtoday.org\/2023\/12\/27\/confederate-monument-comes-down-at-springfield-park\/\">removido do Springfield Park<\/a>.<\/p>\n<p>Ben Frazier foi o primeiro \u00e2ncora de not\u00edcias afro-americano na WJXT-TV em 1979. O graduado da Raines High School e nativo de Jacksonville fundou a Northside Coalition of Jacksonville para combater a injusti\u00e7a social, racial e econ\u00f4mica. Suas a\u00e7\u00f5es pelos direitos civis o levaram a receber o Pr\u00eamio Rutledge H. Pearson de Direitos Civis da NAACP, e ele discursou no Comit\u00ea das Na\u00e7\u00f5es Unidas para a Elimina\u00e7\u00e3o da Discrimina\u00e7\u00e3o Racial na Su\u00ed\u00e7a.<\/p>\n<p>Frazier tamb\u00e9m se tornou um cr\u00edtico frequente em reuni\u00f5es governamentais e falou em voz alta a favor da remo\u00e7\u00e3o da est\u00e1tua de 108 anos no Parque Springfield. <a href=\"https:\/\/news.wjct.org\/first-coast\/2022-12-13\/activist-ben-frazier-arrested-confederate-monuments\">a ponto de ser preso<\/a> no final de 2022, depois que ele se recusou a parar de falar durante uma reuni\u00e3o do Conselho Municipal.<\/p>\n<figure class=\"wp-block-image size-large\"><img loading=\"lazy\" decoding=\"async\" width=\"1024\" height=\"575\" src=\"https:\/\/jaxtoday.org\/wp-content\/uploads\/2024\/07\/Screenshot-2024-07-31-132907-1024x575.jpg\" alt=\"\" class=\"wp-image-73995\" srcset=\"https:\/\/jaxtoday.org\/wp-content\/uploads\/2024\/07\/Screenshot-2024-07-31-132907-1024x575.jpg 1024w, https:\/\/jaxtoday.org\/wp-content\/uploads\/2024\/07\/Screenshot-2024-07-31-132907-300x168.jpg 300w, https:\/\/jaxtoday.org\/wp-content\/uploads\/2024\/07\/Screenshot-2024-07-31-132907-768x431.jpg 768w, https:\/\/jaxtoday.org\/wp-content\/uploads\/2024\/07\/Screenshot-2024-07-31-132907-800x450.jpg 800w, https:\/\/jaxtoday.org\/wp-content\/uploads\/2024\/07\/Screenshot-2024-07-31-132907-1200x675.jpg 1200w, https:\/\/jaxtoday.org\/wp-content\/uploads\/2024\/07\/Screenshot-2024-07-31-132907-427x240.jpg 427w, https:\/\/jaxtoday.org\/wp-content\/uploads\/2024\/07\/Screenshot-2024-07-31-132907-100x56.jpg 100w, https:\/\/jaxtoday.org\/wp-content\/uploads\/2024\/07\/Screenshot-2024-07-31-132907.jpg 1250w\" sizes=\"auto, (max-width: 1024px) 100vw, 1024px\"\/><figcaption class=\"wp-element-caption\">Ben Frazier Jr. | Will Brown, Jacksonville Hoje<\/figcaption><\/figure>\n<p>Frazier tamb\u00e9m foi brevemente preso no in\u00edcio de 2022 quando <a href=\"https:\/\/news.wjct.org\/first-coast\/2022-01-04\/activist-ben-frazier-arrested-after-disruption-at-desantis-press-conference\">tentou comparecer a uma confer\u00eancia de imprensa<\/a> pelo governador Ron DeSantis nas instala\u00e7\u00f5es do Departamento de Sa\u00fade do estado em Jacksonville, onde ele criticou a posi\u00e7\u00e3o de DeSantis sobre as medidas da COVID-19.<\/p>\n<p>Frazier morreu em 24 de junho de 2023, um dia depois de completar 73 anos. Poucos dias depois, mais de 150 pessoas se lembraram dele em um <a href=\"https:\/\/news.wjct.org\/first-coast\/2023-06-27\/ben-frazier-candlelight-vigil\">vig\u00edlia emocionante no Parque James Weldon Johnson<\/a>. Sua filha e muitos membros da Northside Coalition estavam entre o p\u00fablico no mesmo parque onde Frazier protestaria contra os monumentos confederados.<\/p>\n<p>Kelly Frazier disse que apoiar\u00e1 o projeto de mudan\u00e7a de nome no mesmo p\u00f3dio onde seu pai discursou muitas vezes.<\/p>\n<p>\u201c\u00c9 sempre dif\u00edcil quando estou nos lugares em que meu pai esteve, mas ser\u00e1 uma tarefa que assumirei com alegria, como tudo o mais que tenho na aus\u00eancia dele\u201d, disse Kelly Frazier. \u201cFicarei feliz em ir ao p\u00f3dio e expressar a necessidade e por que isso deve ser mudado para Frazier Place.\u201d<\/p>\n<figure class=\"wp-block-image size-large\"><img loading=\"lazy\" decoding=\"async\" width=\"1024\" height=\"576\" src=\"https:\/\/jaxtoday.org\/wp-content\/uploads\/2024\/08\/20240801_112025-1024x576.jpg\" alt=\"\" class=\"wp-image-74074\" srcset=\"https:\/\/jaxtoday.org\/wp-content\/uploads\/2024\/08\/20240801_112025-1024x576.jpg 1024w, https:\/\/jaxtoday.org\/wp-content\/uploads\/2024\/08\/20240801_112025-300x169.jpg 300w, https:\/\/jaxtoday.org\/wp-content\/uploads\/2024\/08\/20240801_112025-768x432.jpg 768w, https:\/\/jaxtoday.org\/wp-content\/uploads\/2024\/08\/20240801_112025-1536x864.jpg 1536w, https:\/\/jaxtoday.org\/wp-content\/uploads\/2024\/08\/20240801_112025-800x450.jpg 800w, https:\/\/jaxtoday.org\/wp-content\/uploads\/2024\/08\/20240801_112025-1200x675.jpg 1200w, https:\/\/jaxtoday.org\/wp-content\/uploads\/2024\/08\/20240801_112025-427x240.jpg 427w, https:\/\/jaxtoday.org\/wp-content\/uploads\/2024\/08\/20240801_112025-100x56.jpg 100w, https:\/\/jaxtoday.org\/wp-content\/uploads\/2024\/08\/20240801_112025-1650x928.jpg 1650w, https:\/\/jaxtoday.org\/wp-content\/uploads\/2024\/08\/20240801_112025.jpg 1985w\" sizes=\"auto, (max-width: 1024px) 100vw, 1024px\"\/><figcaption class=\"wp-element-caption\">Uma placa na Confederate Street anuncia uma audi\u00eancia p\u00fablica sobre um projeto de lei para renomear a rua. | Dan Scanlan, Jacksonville Today <\/figcaption><\/figure>\n<p>O projeto de lei para mudar o nome da rua foi revisado e recomendado com anteced\u00eancia pelo Comit\u00ea Consultivo de Endere\u00e7amento de Emerg\u00eancia 911 da cidade em 6 de mar\u00e7o. A Comiss\u00e3o de Preserva\u00e7\u00e3o Hist\u00f3rica o endossou em 27 de mar\u00e7o, dizendo que seria consistente e compat\u00edvel com o C\u00f3digo de Ordenan\u00e7as da cidade.<\/p>\n<p>O projeto de lei dispensa parte do C\u00f3digo de Ordenan\u00e7as, que exige que o homenageado pela renomea\u00e7\u00e3o de uma rua esteja falecido h\u00e1 pelo menos cinco anos. <\/p>\n<\/div>\n<p><br \/>\n<br \/><a href=\"https:\/\/jaxtoday.org\/2024\/08\/01\/downtown-street-could-be-renamed-to-honor-activist-ben-frazier\/\">Source link <\/a><\/p>","protected":false},"excerpt":{"rendered":"<p>Uma rua no centro de Jacksonville poder\u00e1 em breve ser renomeada para homenagear o falecido Ben Frazier, fundador da Northside Coalition of Jacksonville. O Conselho Municipal analisar\u00e1 um projeto de&hellip;<\/p>","protected":false},"author":1,"featured_media":14363,"comment_status":"closed","ping_status":"open","sticky":false,"template":"","format":"standard","meta":{"content-type":"","footnotes":""},"categories":[1],"tags":[5748,5749,5750,1708],"class_list":["post-14362","post","type-post","status-publish","format-standard","has-post-thumbnail","hentry","category-uncategorized","tag-bem-frazier","tag-coalizao-northside-de-jacksonville","tag-justica-racial","tag-monumentos-confederados"],"_links":{"self":[{"href":"https:\/\/tvbrazilusa.com\/pt\/wp-json\/wp\/v2\/posts\/14362","targetHints":{"allow":["GET"]}}],"collection":[{"href":"https:\/\/tvbrazilusa.com\/pt\/wp-json\/wp\/v2\/posts"}],"about":[{"href":"https:\/\/tvbrazilusa.com\/pt\/wp-json\/wp\/v2\/types\/post"}],"author":[{"embeddable":true,"href":"https:\/\/tvbrazilusa.com\/pt\/wp-json\/wp\/v2\/users\/1"}],"replies":[{"embeddable":true,"href":"https:\/\/tvbrazilusa.com\/pt\/wp-json\/wp\/v2\/comments?post=14362"}],"version-history":[{"count":1,"href":"https:\/\/tvbrazilusa.com\/pt\/wp-json\/wp\/v2\/posts\/14362\/revisions"}],"predecessor-version":[{"id":14364,"href":"https:\/\/tvbrazilusa.com\/pt\/wp-json\/wp\/v2\/posts\/14362\/revisions\/14364"}],"wp:featuredmedia":[{"embeddable":true,"href":"https:\/\/tvbrazilusa.com\/pt\/wp-json\/wp\/v2\/media\/14363"}],"wp:attachment":[{"href":"https:\/\/tvbrazilusa.com\/pt\/wp-json\/wp\/v2\/media?parent=14362"}],"wp:term":[{"taxonomy":"category","embeddable":true,"href":"https:\/\/tvbrazilusa.com\/pt\/wp-json\/wp\/v2\/categories?post=14362"},{"taxonomy":"post_tag","embeddable":true,"href":"https:\/\/tvbrazilusa.com\/pt\/wp-json\/wp\/v2\/tags?post=14362"}],"curies":[{"name":"wp","href":"https:\/\/api.w.org\/{rel}","templated":true}]}}