{"id":14489,"date":"2024-08-01T19:12:56","date_gmt":"2024-08-01T19:12:56","guid":{"rendered":"https:\/\/tvbrazilusa.com\/2024\/08\/01\/historico-rebeca-andrade-e-prata-na-ginastica-artistica-das-olimpiadas-de-paris\/"},"modified":"2024-08-01T19:13:27","modified_gmt":"2024-08-01T19:13:27","slug":"historico-rebeca-andrade-e-prata-na-ginastica-artistica-das-olimpiadas-de-paris","status":"publish","type":"post","link":"https:\/\/tvbrazilusa.com\/pt\/2024\/08\/01\/historico-rebeca-andrade-e-prata-na-ginastica-artistica-das-olimpiadas-de-paris\/","title":{"rendered":"HIST\u00d3RICO: Rebeca Andrade \u00e9  prata na gin\u00e1stica art\u00edstica das Olimp\u00edadas de Paris"},"content":{"rendered":"<p> <script async src=\"https:\/\/pagead2.googlesyndication.com\/pagead\/js\/adsbygoogle.js?client=ca-pub-8864793242727901\"\r\n     crossorigin=\"anonymous\"><\/script><br \/>\n<\/p>\n<div>\n<p><em>Foto: Reprodu\u00e7\u00e3o\/Globo<\/em><\/p>\n<p>Rebeca Andrade trouxe mais uma vez orgulho ao Brasil ao conquistar a medalha de prata na gin\u00e1stica art\u00edstica individual das Olimp\u00edadas de Paris nesta quinta-feira, 1\u00ba de agosto de 2024. A transmiss\u00e3o da Globo capturou o momento emocionante, com Lu\u00eds Roberto exaltando a conquista da atleta.<\/p>\n<p>O principal narrador esportivo do canal n\u00e3o poupou elogios: \u201cO teu salto, o teu sorriso, a nossa bandeira, nos emociona, Rebeca! Nos emociona! Mexe com esse pa\u00eds inteiro! Bota a medalha a\u00ed\u2026 \u00c9 medalha de prata para Rebeca Andrade. Quarta medalha dela na Hist\u00f3ria Ol\u00edmpica, e vem mais por a\u00ed\u201d, destacou Lu\u00eds Roberto, emocionado com o feito hist\u00f3rico.<\/p>\n<h2 class=\"wp-block-heading\">Rebeca Andrade: Primeira Mulher Brasileira com Quatro Medalhas Ol\u00edmpicas<\/h2>\n<p>Com essa vit\u00f3ria, Rebeca Andrade se junta ao seleto grupo de atletas brasileiros que conquistaram quatro medalhas ol\u00edmpicas. Notavelmente, ela \u00e9 a primeira mulher brasileira a alcan\u00e7ar essa marca. Esse \u00e9 um marco significativo para o esporte e para a representatividade feminina no Brasil.<\/p>\n<p>Durante a transmiss\u00e3o, Lu\u00eds Roberto destacou a import\u00e2ncia de Rebeca para a comunidade e para o pa\u00eds: \u201cA\u00ed est\u00e1 Rebeca Andrade para tocar nossos cora\u00e7\u00f5es, o cora\u00e7\u00e3o de tantas e tantas crian\u00e7as, para mudar o curso da vida de tantas pessoas\u2026 Com o teu talento, menina! Obrigado, Rebeca!\u201d<\/p>\n<h2 class=\"wp-block-heading\">Qual \u00e9 o Impacto de Rebeca Andrade na Gin\u00e1stica Art\u00edstica Brasileira?<\/h2>\n<p>Rebeca Andrade representa um s\u00edmbolo de perseveran\u00e7a e supera\u00e7\u00e3o. Nascida na periferia, ela desafia as estat\u00edsticas e mostra que a dedica\u00e7\u00e3o e o talento podem levar ao sucesso, mesmo em um esporte que, at\u00e9 pouco tempo, era quase que exclusivamente dominado por elites.<\/p>\n<p>Rebeca n\u00e3o s\u00f3 inspira jovens atletas, mas tamb\u00e9m serve como um exemplo de resili\u00eancia para muitos brasileiros. Sua trajet\u00f3ria no esporte \u00e9 um testemunho de coragem e determina\u00e7\u00e3o.<\/p>\n<h2 class=\"wp-block-heading\">Outras Conquistas de Rebeca Andrade<\/h2>\n<p>Al\u00e9m da recente medalha de prata nas Olimp\u00edadas de Paris, Rebeca Andrade tem um hist\u00f3rico brilhante. Vamos relembrar algumas de suas conquistas:<\/p>\n<ul class=\"wp-block-list\">\n<li><strong>Olimp\u00edadas de T\u00f3quio 2020:<\/strong> Ouro no salto e prata no individual geral.<\/li>\n<li><strong>Mundial de Gin\u00e1stica Art\u00edstica 2021:<\/strong> Ouro no salto.<\/li>\n<li><strong>Campeonato Pan-Americano:<\/strong> Diversas medalhas em diferentes edi\u00e7\u00f5es, incluindo ouro no individual geral.<\/li>\n<\/ul>\n<p>\u00a0<\/p>\n<p>Estas conquistas destacam o n\u00edvel de excel\u00eancia que Rebeca atingiu ao longo dos anos, e solidificam seu papel como uma das maiores ginastas da hist\u00f3ria brasileira.<\/p>\n<h3 class=\"wp-block-heading\">A Trajet\u00f3ria de Rebeca Andrade at\u00e9 o Sucesso<\/h3>\n<p>Rebeca come\u00e7ou sua carreira desde muito jovem, enfrentando desafios e obst\u00e1culos. Ela perseverou e, com apoio de sua fam\u00edlia e treinadores, conseguiu se destacar no cen\u00e1rio nacional e internacional.<\/p>\n<p>Sua jornada \u00e9 uma inspira\u00e7\u00e3o, mostrando que \u00e9 poss\u00edvel alcan\u00e7ar grandes feitos com dedica\u00e7\u00e3o e paix\u00e3o. O apoio da fam\u00edlia, amigos e do p\u00fablico brasileiro tem sido crucial para seu sucesso cont\u00ednuo.<\/p>\n<ul class=\"wp-block-list\">\n<li><strong>In\u00edcio de Carreira:<\/strong> Rebeca come\u00e7ou na gin\u00e1stica por volta dos quatro anos de idade.<\/li>\n<li><strong>Apoio Familiar:<\/strong> Seus pais sempre estiveram ao lado dela, incentivando e apoiando em todos os momentos.<\/li>\n<li><strong>Treinadores:<\/strong> Ao longo dos anos, treinadores dedicados ajudaram a moldar seu talento e habilidade.<\/li>\n<\/ul>\n<p>\u00a0<\/p>\n<p>O caminho de Rebeca Andrade \u00e9 uma inspira\u00e7\u00e3o para muitos, mostrando que com trabalho \u00e1rduo e determina\u00e7\u00e3o, sonhos podem se tornar realidade. Ela n\u00e3o apenas brilha com suas medalhas, mas o faz iluminando a vida de quem a acompanha e admira.<\/p>\n<h2 class=\"wp-block-heading\">O Reconhecimento da M\u00eddia e da Comunidade Esportiva<\/h2>\n<p>Rebeca Andrade n\u00e3o foi apenas aplaudida pelos f\u00e3s e pela m\u00eddia brasileira. Sua excel\u00eancia e carisma j\u00e1 transcenderam fronteiras, recebendo reconhecimento internacional. Talentos como o dela contribuem significativamente para elevar o nome do Brasil no cen\u00e1rio esportivo global.<\/p>\n<p>Durante as Olimp\u00edadas de Paris, a imprensa internacional destacou a atua\u00e7\u00e3o da atleta brasileira, mencionando n\u00e3o apenas sua habilidade t\u00e9cnica, mas tamb\u00e9m sua resili\u00eancia e hist\u00f3ria inspiradora.<\/p>\n<p>Rebeca Andrade \u00e9 um verdadeiro \u00edcone do esporte e continua a inspirar futuras gera\u00e7\u00f5es de atletas brasileiros. Seu exemplo de dedica\u00e7\u00e3o, paix\u00e3o e sucesso serve para mostrar que, independentemente das adversidades, \u00e9 poss\u00edvel alcan\u00e7ar grandes feitos.<\/p>\n<p>Continue acompanhando as emocionantes jornadas de nossos atletas ol\u00edmpicos e celebrando com orgulho cada conquista. Rebeca Andrade, com certeza, est\u00e1 escrevendo um cap\u00edtulo inesquec\u00edvel na hist\u00f3ria do esporte brasileiro.<\/p>\n<\/p><\/div>\n<p><br \/>\n<br \/><a href=\"https:\/\/terrabrasilnoticias.com\/2024\/08\/historico-rebeca-andrade-e-prata-na-ginastica-artistica-das-olimpiadas-de-paris\/\">Source link <\/a><\/p>","protected":false},"excerpt":{"rendered":"<p>Foto: Reprodu\u00e7\u00e3o\/Globo Rebeca Andrade trouxe mais uma vez orgulho ao Brasil ao conquistar a medalha de prata na gin\u00e1stica art\u00edstica individual das Olimp\u00edadas de Paris nesta quinta-feira, 1\u00ba de agosto&hellip;<\/p>","protected":false},"author":1,"featured_media":14490,"comment_status":"closed","ping_status":"open","sticky":false,"template":"","format":"standard","meta":{"content-type":"","footnotes":""},"categories":[16],"tags":[],"class_list":["post-14489","post","type-post","status-publish","format-standard","has-post-thumbnail","hentry","category-noticias"],"_links":{"self":[{"href":"https:\/\/tvbrazilusa.com\/pt\/wp-json\/wp\/v2\/posts\/14489","targetHints":{"allow":["GET"]}}],"collection":[{"href":"https:\/\/tvbrazilusa.com\/pt\/wp-json\/wp\/v2\/posts"}],"about":[{"href":"https:\/\/tvbrazilusa.com\/pt\/wp-json\/wp\/v2\/types\/post"}],"author":[{"embeddable":true,"href":"https:\/\/tvbrazilusa.com\/pt\/wp-json\/wp\/v2\/users\/1"}],"replies":[{"embeddable":true,"href":"https:\/\/tvbrazilusa.com\/pt\/wp-json\/wp\/v2\/comments?post=14489"}],"version-history":[{"count":1,"href":"https:\/\/tvbrazilusa.com\/pt\/wp-json\/wp\/v2\/posts\/14489\/revisions"}],"predecessor-version":[{"id":14491,"href":"https:\/\/tvbrazilusa.com\/pt\/wp-json\/wp\/v2\/posts\/14489\/revisions\/14491"}],"wp:featuredmedia":[{"embeddable":true,"href":"https:\/\/tvbrazilusa.com\/pt\/wp-json\/wp\/v2\/media\/14490"}],"wp:attachment":[{"href":"https:\/\/tvbrazilusa.com\/pt\/wp-json\/wp\/v2\/media?parent=14489"}],"wp:term":[{"taxonomy":"category","embeddable":true,"href":"https:\/\/tvbrazilusa.com\/pt\/wp-json\/wp\/v2\/categories?post=14489"},{"taxonomy":"post_tag","embeddable":true,"href":"https:\/\/tvbrazilusa.com\/pt\/wp-json\/wp\/v2\/tags?post=14489"}],"curies":[{"name":"wp","href":"https:\/\/api.w.org\/{rel}","templated":true}]}}