{"id":14508,"date":"2024-08-01T19:01:30","date_gmt":"2024-08-01T19:01:30","guid":{"rendered":"https:\/\/tvbrazilusa.com\/2024\/08\/01\/prefeito-wu-emite-alerta-de-calor-a-medida-que-altas-temperaturas-chegam-a-boston\/"},"modified":"2024-08-01T19:39:14","modified_gmt":"2024-08-01T19:39:14","slug":"prefeito-wu-emite-alerta-de-calor-a-medida-que-altas-temperaturas-chegam-a-boston","status":"publish","type":"post","link":"https:\/\/tvbrazilusa.com\/pt\/2024\/08\/01\/prefeito-wu-emite-alerta-de-calor-a-medida-que-altas-temperaturas-chegam-a-boston\/","title":{"rendered":"Prefeito Wu emite alerta de calor \u00e0 medida que altas temperaturas chegam a Boston"},"content":{"rendered":"<p> <script async src=\"https:\/\/pagead2.googlesyndication.com\/pagead\/js\/adsbygoogle.js?client=ca-pub-8864793242727901\"\r\n     crossorigin=\"anonymous\"><\/script><br \/>\n<\/p>\n<div id=\"\">\n<header class=\"m-article-header m-article-header--standard\">\n\t\t\t\t\t\t\t\t\t\t\t\t<span id=\"article-header-primary-term\"><br \/>\n\t\t\t\t\t\t\t\t<a class=\"a-term a-term--primary\" href=\"https:\/\/www.boston.com\/tag\/weather\/\"><\/p>\n<p>\t\t\t\t\t\t\t\tClima\t\t\t\t\t\t\t\t<\/a><br \/>\n\t\t\t\t\t\t\t<\/span><\/p>\n<h2 class=\"m-article-header__sub-headline\">Wu emitiu um alerta de calor de 1 a 3 de agosto.<\/h2>\n<figure class=\"a-photo m-article-header__photo\"><figcaption class=\"a-photo__caption\">\n<p>\tNelson Figueiredo enxuga a testa enquanto trabalha no centro de Boston em um dia quente. <em> Andrew Burke-Stevenson para o Boston Globe<\/em>\t<\/figcaption><\/figure>\n<\/header>\n<div class=\"m-block t-amp__list-container m-article-list-container  m-article-list-container--frame-border a-border-frame  a-list-header__headline--red m-article-list--alternative--default  m-article-list--floated\">\n<ul class=\"t-amp__list a-list--no-style m-article-list m-article-list--recirculation m-article-list--has-images\">\n<li class=\"m-article-list__item m-article-list__item--featured\">\n\t\t\t\t<a class=\"m-article-list__link-wrapper\" href=\"https:\/\/www.boston.com\/news\/weather\/2024\/08\/01\/heres-how-hot-it-will-get-today-and-tomorrow\/\" data-p1=\"article_recirc_inline_feature\"><br \/>\n\t\t\t\t<img fetchpriority=\"high\" decoding=\"async\" width=\"768\" height=\"432\" src=\"https:\/\/bdc2020.o0bc.com\/wp-content\/uploads\/2024\/08\/s3___bgmp-arc_arc-feeds_generic-photos_to-arc_AP19202661198380-66abaada14ba3-768x432.jpg\" class=\"t-amp__list-image m-article-list__image m-article-list__image--full wp-post-image\" alt=\"\" aria-hidden=\"true\" srcset=\"https:\/\/bdc2020.o0bc.com\/wp-content\/uploads\/2024\/08\/s3___bgmp-arc_arc-feeds_generic-photos_to-arc_AP19202661198380-66abaada14ba3-768x432.jpg?width=200 200w, https:\/\/bdc2020.o0bc.com\/wp-content\/uploads\/2024\/08\/s3___bgmp-arc_arc-feeds_generic-photos_to-arc_AP19202661198380-66abaada14ba3-768x432.jpg?width=300 300w, https:\/\/bdc2020.o0bc.com\/wp-content\/uploads\/2024\/08\/s3___bgmp-arc_arc-feeds_generic-photos_to-arc_AP19202661198380-66abaada14ba3-768x432.jpg?width=400 400w, https:\/\/bdc2020.o0bc.com\/wp-content\/uploads\/2024\/08\/s3___bgmp-arc_arc-feeds_generic-photos_to-arc_AP19202661198380-66abaada14ba3-768x432.jpg?width=500 500w, https:\/\/bdc2020.o0bc.com\/wp-content\/uploads\/2024\/08\/s3___bgmp-arc_arc-feeds_generic-photos_to-arc_AP19202661198380-66abaada14ba3-768x432.jpg?width=600 600w, https:\/\/bdc2020.o0bc.com\/wp-content\/uploads\/2024\/08\/s3___bgmp-arc_arc-feeds_generic-photos_to-arc_AP19202661198380-66abaada14ba3-768x432.jpg?width=700 700w, https:\/\/bdc2020.o0bc.com\/wp-content\/uploads\/2024\/08\/s3___bgmp-arc_arc-feeds_generic-photos_to-arc_AP19202661198380-66abaada14ba3-768x432.jpg?width=800 800w, https:\/\/bdc2020.o0bc.com\/wp-content\/uploads\/2024\/08\/s3___bgmp-arc_arc-feeds_generic-photos_to-arc_AP19202661198380-66abaada14ba3-768x432.jpg?width=900 900w\" sizes=\"(max-width: 768px) 100vw, 768px\"\/>\t\t\t\t\t<\/p>\n<p><h4 class=\"m-article-list__headline t-amp__list-headline\">\n\t\t\t\t\t\t\t<span class=\"m-article-list__link a-link a-link--inline a-link--text-link a-link--text-link-dark\"><\/p>\n<p>\t\t\t\t\t\t\tVeja o qu\u00e3o quente estar\u00e1 na quinta e sexta-feira, dizem os meteorologistas \u2014 e o que vem a seguir\t\t\t\t\t\t\t<\/span><br \/>\n\t\t\t\t\t\t<\/h4>\n<\/p>\n<p>\t\t\t\t<\/a>\n\t\t\t<\/li>\n<\/ul>\n<\/div>\n<p>A prefeita Michelle Wu emitiu um alerta de calor para Boston de 1 a 3 de agosto, devido \u00e0 <a href=\"https:\/\/www.boston.com\/news\/weather\/2024\/08\/01\/heres-how-hot-it-will-get-today-and-tomorrow\/\">pr\u00f3ximas altas temperaturas<\/a>.<\/p>\n<p>Nos pr\u00f3ximos dias, as temperaturas estar\u00e3o na casa dos 80 graus e o \u00edndice de calor dever\u00e1 ficar na casa dos 90 graus, atingindo o limite atual de alerta de calor de Boston de tr\u00eas dias ou mais de \u00edndice de calor de 90 graus, sustentado por duas ou mais horas por dia. <a href=\"https:\/\/www.boston.gov\/news\/mayor-wu-advises-caution-anticipation-high-temperatures\">de acordo com uma declara\u00e7\u00e3o do Escrit\u00f3rio de Gest\u00e3o de Emerg\u00eancias.<\/a> <\/p>\n<p>\u201cCom a previs\u00e3o para os pr\u00f3ximos dias atingindo temperaturas extremas, encorajamos todos os moradores a reservar um tempo para se preparar\u201d, disse Wu na declara\u00e7\u00e3o. \u201cManter-se hidratado, fazer pausas no trabalho ao ar livre e prestar aten\u00e7\u00e3o \u00e0 sua sa\u00fade s\u00e3o passos importantes para garantir que nossa cidade permane\u00e7a saud\u00e1vel e fresca durante este per\u00edodo quente e \u00famido.\u201d<\/p>\n<p>O Boston Emergency Medical Services geralmente registra um aumento de 10 a 15% nas chamadas de emerg\u00eancia durante uma onda de calor, escreveu o escrit\u00f3rio. <\/p>\n<p>Antecipando-se aos dias mais quentes de ver\u00e3o como estes, a cidade de Boston publicou um <a href=\"https:\/\/www.boston.gov\/environment-and-energy\/heat-resilience-solutions-boston\">Relat\u00f3rio de Solu\u00e7\u00f5es de Resili\u00eancia T\u00e9rmica<\/a> para preparar melhor as comunidades locais e a infraestrutura da cidade para os efeitos do calor intenso.<\/p>\n<p>As bibliotecas p\u00fablicas de Boston est\u00e3o abertas para se refugiar do calor, e os abrigos de emerg\u00eancia na 112 Southampton St., um abrigo para homens, e na 794 Massachusetts Ave., um abrigo para mulheres, t\u00eam ar condicionado e ficam abertos 24 horas.<\/p>\n<div class=\"m-block m-generic-cta\t m-generic-cta--post-content\t m-generic-cta--dark\t m-generic-cta--homepage\t m-generic-cta--email-signup\t\t m-generic-cta-block-style--default \tt-amp__generic-cta\"><\/p>\n<div class=\"m-generic-cta__wrap\">\n<div class=\"m-generic-cta__content\">\n<h3 class=\"m-generic-cta__title\">Inscri\u00e7\u00e3o no boletim informativo<\/h3>\n<p class=\"m-generic-cta__subtitle\">Fique por dentro das \u00faltimas not\u00edcias do Boston.com<\/p>\n<\/p><\/div>\n<\/p><\/div>\n<\/div><\/div>\n<p><script>\n\t\tvar consent=\"grant\";\n\t\t\/* The above code is parsing the JSON data from the local storage and storing it in a variable. *\/\n\t\t\t\t\tconst onetrustStorageConsent = JSON.parse(localStorage.getItem( 'consent_one_trust_bdc' ) );\n\t\t\tif ( ( onetrustStorageConsent !== null ) ) {\n\t\t\t\t\/* Checking to see if the user has consented to the use of cookies.\n\t\t\t\t* If they have not, it is deleting the cookie.\n\t\t\t\t* This will comment for now, until further notice.\n\t\t\t\t*\/\n\t\t\t\t\/\/if ( onetrustStorageConsent.C0002 === false ) {\n\t\t\t\t\/\/\tdocument.cookie=\"_fbp=;expires=Thu, 01 Jan 2010 00:00:00 UTC; path=\/; domain=.boston.com\";\n\t\t\t\t\/\/}\n\t\t\t\t\/* Checking if the user has given consent for the cookie C0002.\n\t\t\t\t* If the user has given consent, the variable consent will be set to 'grant'.\n\t\t\t\t* If the user has not given consent,the variable consent will be set to 'revoke'.\n\t\t\t\t* Documentation https:\/\/developers.facebook.com\/docs\/meta-pixel\/implementation\/gdpr\n\t\t\t\t*\/\n\t\t\t\tif ( onetrustStorageConsent.C0002 !== true ) {\n\t\t\t\t\tconsent=\"revoke\";\n\t\t\t\t}\n\t\t\t}\n\t\t\t\t!function(f,b,e,v,n,t,s)\n\t\t{if(f.fbq)return;n=f.fbq=function(){n.callMethod?\n\t\tn.callMethod.apply(n,arguments):n.queue.push(arguments)};\n\t\tif(!f._fbq)f._fbq=n;n.push=n;n.loaded=!0;n.version='2.0';\n\t\tn.queue=[];t=b.createElement(e);t.async=!0;\n\t\tt.src=v;s=b.getElementsByTagName(e)[0];\n\t\ts.parentNode.insertBefore(t,s)}(window, document,'script',\n\t\t'https:\/\/connect.facebook.net\/en_US\/fbevents.js');\n\t\tfbq('consent', consent);\n\t\tfbq('init', '989222871864976');\n\t\tfbq('track', 'PageView');\n\t<\/script><script type=\"module\">\n\t\tvar consent=\"grant\";\n\t\t\/* The above code is parsing the JSON data from the local storage and storing it in a variable. *\/\n\t\t\tconst onetrustStorageConsent = JSON.parse(localStorage.getItem( 'consent_one_trust_bdc' ) );\n\t\t\t\/* Checking to see if the user has consented to the use of cookies.\n\t\t\t* If they have not, it is deleting the cookie.\n\t\t\t* This will comment for now, until further notice.\n\t\t\t*\/\n\t\t\t\/\/if ( onetrustStorageConsent.C0002 === false ) {\n\t\t\t\/\/\tdocument.cookie=\"_fbp=;expires=Thu, 01 Jan 2010 00:00:00 UTC; path=\/; domain=.boston.com\";\n\t\t\t\/\/}\n\t\t\t\/* Checking if the user has given consent for the cookie C0002.\n\t\t\t* If the user has given consent, the variable consent will be set to 'grant'.\n\t\t\t* If the user has not given consent,the variable consent will be set to 'revoke'.\n\t\t\t* Documentation https:\/\/developers.facebook.com\/docs\/meta-pixel\/implementation\/gdpr\n\t\t\t*\/\n\t\t\tif ( ( onetrustStorageConsent !== null ) && (onetrustStorageConsent.C0002 !== true ) ) {\n\t\t\t\tconsent=\"revoke\";\n\t\t\t}\n\t\t\t\t!function(f,b,e,v,n,t,s){if(f.fbq)return;n=f.fbq=function()\n\t\t{n.callMethod? n.callMethod.apply(n,arguments):n.queue.push(arguments)}\n\t\t;if(!f._fbq)f._fbq=n;\n\t\tn.push=n;n.loaded=!0;n.version='2.0';n.queue=[];t=b.createElement(e);t.async=!0;\n\t\tt.src=v;s=b.getElementsByTagName(e)[0];s.parentNode.insertBefore(t,s)}(window,\n\t\tdocument,'script','https:\/\/connect.facebook.net\/en_US\/fbevents.js');\n\t\tfbq('consent', consent);\n\t\tfbq('init', '813236348753005');\n\t\tfbq('track', \"PageView\");\n\t<\/script><br \/>\n<br \/><br \/>\n<br \/><a href=\"https:\/\/www.boston.com\/news\/weather\/2024\/08\/01\/mayor-wu-issues-heat-advisory-as-high-temperatures-arrive-in-boston\/\">Source link <\/a><\/p>","protected":false},"excerpt":{"rendered":"<p>Clima Wu emitiu um alerta de calor de 1 a 3 de agosto. Nelson Figueiredo enxuga a testa enquanto trabalha no centro de Boston em um dia quente. Andrew Burke-Stevenson&hellip;<\/p>","protected":false},"author":1,"featured_media":14509,"comment_status":"closed","ping_status":"open","sticky":false,"template":"","format":"standard","meta":{"content-type":"","footnotes":""},"categories":[1],"tags":[],"class_list":["post-14508","post","type-post","status-publish","format-standard","has-post-thumbnail","hentry","category-uncategorized"],"_links":{"self":[{"href":"https:\/\/tvbrazilusa.com\/pt\/wp-json\/wp\/v2\/posts\/14508","targetHints":{"allow":["GET"]}}],"collection":[{"href":"https:\/\/tvbrazilusa.com\/pt\/wp-json\/wp\/v2\/posts"}],"about":[{"href":"https:\/\/tvbrazilusa.com\/pt\/wp-json\/wp\/v2\/types\/post"}],"author":[{"embeddable":true,"href":"https:\/\/tvbrazilusa.com\/pt\/wp-json\/wp\/v2\/users\/1"}],"replies":[{"embeddable":true,"href":"https:\/\/tvbrazilusa.com\/pt\/wp-json\/wp\/v2\/comments?post=14508"}],"version-history":[{"count":1,"href":"https:\/\/tvbrazilusa.com\/pt\/wp-json\/wp\/v2\/posts\/14508\/revisions"}],"predecessor-version":[{"id":14510,"href":"https:\/\/tvbrazilusa.com\/pt\/wp-json\/wp\/v2\/posts\/14508\/revisions\/14510"}],"wp:featuredmedia":[{"embeddable":true,"href":"https:\/\/tvbrazilusa.com\/pt\/wp-json\/wp\/v2\/media\/14509"}],"wp:attachment":[{"href":"https:\/\/tvbrazilusa.com\/pt\/wp-json\/wp\/v2\/media?parent=14508"}],"wp:term":[{"taxonomy":"category","embeddable":true,"href":"https:\/\/tvbrazilusa.com\/pt\/wp-json\/wp\/v2\/categories?post=14508"},{"taxonomy":"post_tag","embeddable":true,"href":"https:\/\/tvbrazilusa.com\/pt\/wp-json\/wp\/v2\/tags?post=14508"}],"curies":[{"name":"wp","href":"https:\/\/api.w.org\/{rel}","templated":true}]}}