{"id":14552,"date":"2024-08-01T20:26:05","date_gmt":"2024-08-01T20:26:05","guid":{"rendered":"https:\/\/tvbrazilusa.com\/2024\/08\/01\/o-projeto-de-lei-que-expande-a-definicao-legal-de-pai-sera-enviado-a-healey-para-assinatura\/"},"modified":"2024-08-01T20:30:58","modified_gmt":"2024-08-01T20:30:58","slug":"o-projeto-de-lei-que-expande-a-definicao-legal-de-pai-sera-enviado-a-healey-para-assinatura","status":"publish","type":"post","link":"https:\/\/tvbrazilusa.com\/pt\/2024\/08\/01\/o-projeto-de-lei-que-expande-a-definicao-legal-de-pai-sera-enviado-a-healey-para-assinatura\/","title":{"rendered":"O projeto de lei que expande a defini\u00e7\u00e3o legal de &#8220;pai&#8221; ser\u00e1 enviado a Healey para assinatura"},"content":{"rendered":"<p> <script async src=\"https:\/\/pagead2.googlesyndication.com\/pagead\/js\/adsbygoogle.js?client=ca-pub-8864793242727901\"\r\n     crossorigin=\"anonymous\"><\/script><br \/>\n<\/p>\n<div id=\"\">\n<header class=\"m-article-header m-article-header--standard\">\n\t\t\t\t\t\t\t\t\t\t\t\t<span id=\"article-header-primary-term\"><br \/>\n\t\t\t\t\t\t\t\t<a class=\"a-term a-term--primary\" href=\"https:\/\/www.boston.com\/tag\/politics\/\"><\/p>\n<p>\t\t\t\t\t\t\t\tPol\u00edtica\t\t\t\t\t\t\t\t<\/a><br \/>\n\t\t\t\t\t\t\t<\/span><\/p>\n<h2 class=\"m-article-header__sub-headline\">O projeto de lei garante principalmente a igualdade nos direitos dos pais, independentemente do estado civil, identidade de g\u00eanero, orienta\u00e7\u00e3o sexual ou circunst\u00e2ncias do nascimento da crian\u00e7a. <\/h2>\n<figure class=\"a-photo m-article-header__photo\"><figcaption class=\"a-photo__caption\">\n<p>\tUma bandeira do Orgulho tremula abaixo da bandeira do estado de Massachusetts em frente ao Capit\u00f3lio do Estado ap\u00f3s a celebra\u00e7\u00e3o do M\u00eas do Orgulho, quarta-feira, 7 de junho de 2023, em Boston.<em> Foto AP\/Steven Senne<\/em>\t<\/figcaption><\/figure>\n<\/header>\n<p>Em uma sess\u00e3o maratona que se estendeu at\u00e9 a manh\u00e3 de quinta-feira, os legisladores de Massachusetts chegaram a um acordo sobre um projeto de lei que <a href=\"https:\/\/www.boston.com\/news\/local-news\/2024\/06\/17\/mass-house-unanimously-passes-bill-expanding-the-definition-of-parent\/\" target=\"_blank\" rel=\"noreferrer noopener\">atualizar como a lei estadual define a filia\u00e7\u00e3o<\/a> e representam fam\u00edlias que usam m\u00e9todos reprodutivos alternativos, como barriga de aluguel, fertiliza\u00e7\u00e3o in vitro e doa\u00e7\u00e3o de esperma. <\/p>\n<p>Tamb\u00e9m conhecida como Lei de Parentesco de Massachusetts, a legisla\u00e7\u00e3o bipartid\u00e1ria \u00e9 vista como uma <a href=\"https:\/\/www.glad.org\/ma-legislature-enacts-bill-to-protect-lgbtq-families\/\" target=\"_blank\" rel=\"noreferrer noopener\">grande vit\u00f3ria<\/a> para pais LGBTQ+, que podem enfrentar desafios adicionais para estabelecer a filia\u00e7\u00e3o. Duas d\u00e9cadas depois de se tornar o primeiro estado dos EUA a legalizar o casamento entre pessoas do mesmo sexo, Massachusetts agora est\u00e1 atr\u00e1s do resto da Nova Inglaterra na moderniza\u00e7\u00e3o de sua lei de filia\u00e7\u00e3o. <\/p>\n<p>Mas a mudan\u00e7a est\u00e1 mais pr\u00f3xima do que nunca: depois de passar pela Assembleia Legislativa, o projeto de lei agora segue para a governadora Maura Healey, que j\u00e1 <a href=\"https:\/\/www.glad.org\/coalition-calls-on-passage-of-mass-parentage-act-following-michigan-governors-action-today\/\" target=\"_blank\" rel=\"noreferrer noopener\">apoio expresso<\/a> para atualizar a lei estadual.<\/p>\n<div class=\"m-block t-amp__list-container m-article-list-container  m-article-list-container--frame-border a-border-frame  a-list-header__headline--red m-article-list--alternative--default  m-article-list--floated\">\n<ul class=\"t-amp__list a-list--no-style m-article-list m-article-list--recirculation m-article-list--has-images\">\n<li class=\"m-article-list__item m-article-list__item--featured\">\n\t\t\t\t<a class=\"m-article-list__link-wrapper\" href=\"https:\/\/www.boston.com\/news\/local-news\/2024\/06\/17\/mass-house-unanimously-passes-bill-expanding-the-definition-of-parent\/\" data-p1=\"article_recirc_inline_feature\"><br \/>\n\t\t\t\t<img fetchpriority=\"high\" decoding=\"async\" width=\"768\" height=\"432\" src=\"https:\/\/bdc2020.o0bc.com\/wp-content\/uploads\/2024\/06\/Boston_Pride_45215-1-1-667066a7175fe-768x432.jpg\" class=\"t-amp__list-image m-article-list__image m-article-list__image--full\" alt=\"\" aria-hidden=\"true\" srcset=\"https:\/\/bdc2020.o0bc.com\/wp-content\/uploads\/2024\/06\/Boston_Pride_45215-1-1-667066a7175fe-768x432.jpg?width=200 200w, https:\/\/bdc2020.o0bc.com\/wp-content\/uploads\/2024\/06\/Boston_Pride_45215-1-1-667066a7175fe-768x432.jpg?width=300 300w, https:\/\/bdc2020.o0bc.com\/wp-content\/uploads\/2024\/06\/Boston_Pride_45215-1-1-667066a7175fe-768x432.jpg?width=400 400w, https:\/\/bdc2020.o0bc.com\/wp-content\/uploads\/2024\/06\/Boston_Pride_45215-1-1-667066a7175fe-768x432.jpg?width=500 500w, https:\/\/bdc2020.o0bc.com\/wp-content\/uploads\/2024\/06\/Boston_Pride_45215-1-1-667066a7175fe-768x432.jpg?width=600 600w, https:\/\/bdc2020.o0bc.com\/wp-content\/uploads\/2024\/06\/Boston_Pride_45215-1-1-667066a7175fe-768x432.jpg?width=700 700w, https:\/\/bdc2020.o0bc.com\/wp-content\/uploads\/2024\/06\/Boston_Pride_45215-1-1-667066a7175fe-768x432.jpg?width=800 800w, https:\/\/bdc2020.o0bc.com\/wp-content\/uploads\/2024\/06\/Boston_Pride_45215-1-1-667066a7175fe-768x432.jpg?width=900 900w\" sizes=\"(max-width: 768px) 100vw, 768px\"\/>\t\t\t\t\t<\/p>\n<p><h4 class=\"m-article-list__headline t-amp__list-headline\">\n\t\t\t\t\t\t\t<span class=\"m-article-list__link a-link a-link--inline a-link--text-link a-link--text-link-dark\"><\/p>\n<p>\t\t\t\t\t\t\tC\u00e2mara de Massachusetts aprova por unanimidade projeto de lei que expande a defini\u00e7\u00e3o de &#8220;pai&#8221;\t\t\t\t\t\t\t<\/span><br \/>\n\t\t\t\t\t\t<\/h4>\n<\/p>\n<p>\t\t\t\t<\/a>\n\t\t\t<\/li>\n<\/ul>\n<\/div>\n<p>O senador estadual Julian Cyr, um dos principais negociadores do projeto de lei de compromisso, observou o impacto potencial em um <a href=\"https:\/\/x.com\/JulianCyr\/status\/1818345105620963330\" target=\"_blank\" rel=\"noreferrer noopener\">postagem recente<\/a> em X, escrevendo: \u201cFam\u00edlias LGBTQ+ como a minha enfrentam obst\u00e1culos excessivos e caros apenas para garantir que nossos filhos tenham a seguran\u00e7a da paternidade legal\u201d. <\/p>\n<p>Em <a href=\"https:\/\/x.com\/JulianCyr\/status\/1818635242833371352\" target=\"_blank\" rel=\"noreferrer noopener\">outro post<\/a>Cyr acrescentou: \u201cEste projeto de lei \u00e9 um passo realmente cr\u00edtico para garantir que todas as crian\u00e7as possam se beneficiar da estabilidade de um relacionamento legal entre pais e filhos, n\u00e3o importa como tenham chegado a este mundo.\u201d<\/p>\n<p>O projeto de lei garante principalmente a igualdade nos direitos dos pais, independentemente do estado civil, identidade de g\u00eanero, orienta\u00e7\u00e3o sexual ou circunst\u00e2ncias do nascimento da crian\u00e7a.<\/p>\n<p>Como Boston.com <a href=\"https:\/\/www.boston.com\/news\/local-news\/2024\/06\/17\/mass-house-unanimously-passes-bill-expanding-the-definition-of-parent\/\" target=\"_blank\" rel=\"noreferrer noopener\">relatado anteriormente<\/a>o projeto de lei d\u00e1 \u00e0s crian\u00e7as nascidas por meio de tecnologia de reprodu\u00e7\u00e3o assistida, como a fertiliza\u00e7\u00e3o in vitro, um caminho claro para estabelecer a paternidade, tamb\u00e9m reconhecendo pais \u201cde fato\u201d que desempenham todos os deveres de um pai t\u00edpico, mas n\u00e3o s\u00e3o biologicamente relacionados aos seus filhos. Do jeito que est\u00e1, muitos pais LGBTQ+ t\u00eam que adotar formalmente seus pr\u00f3prios filhos, um processo que pode ser caro e demorado. <\/p>\n<figure class=\"wp-block-embed is-type-rich is-provider-twitter wp-block-embed-twitter\"\/>\n<p>A nova legisla\u00e7\u00e3o tamb\u00e9m ajusta a linguagem de g\u00eanero, como \u201cm\u00e3e\u201d e \u201cpai\u201d, e moderniza alguns termos antiquados \u2014 por exemplo, substituindo \u201ccrian\u00e7a nascida fora do casamento\u201d por \u201ccrian\u00e7a n\u00e3o conjugal\u201d. <\/p>\n<p>Os defensores dizem que essas atualiza\u00e7\u00f5es demoraram muito para serem feitas.<\/p>\n<p>\u201cAp\u00f3s mais de sete anos de advocacia, muitas crian\u00e7as e fam\u00edlias em Massachusetts \u2014 e in\u00fameras gera\u00e7\u00f5es futuras \u2014 agora ter\u00e3o as prote\u00e7\u00f5es b\u00e1sicas que a paternidade legal oferece \u00e0s crian\u00e7as\u201d, disse Polly Crozier, diretora de advocacia familiar da GLBTQ Legal Advocates &#038; Defenders, em um <a href=\"https:\/\/www.glad.org\/ma-legislature-enacts-bill-to-protect-lgbtq-families\/\" target=\"_blank\" rel=\"noreferrer noopener\">declara\u00e7\u00e3o<\/a>.<strong> <\/strong><\/p>\n<p>Crozier agradeceu aos legisladores estaduais, acrescentando: \u201cEstamos ansiosos para que o governador Healey sancione a MPA como lei para que Massachusetts possa garantir a seguran\u00e7a de todas as crian\u00e7as e fam\u00edlias\u201d. <\/p>\n<p><em>O redator do Boston.com, Ross Cristantiello, contribuiu para esta reportagem.<\/em><\/p>\n<div class=\"m-block m-generic-cta\t m-generic-cta--post-content\t m-generic-cta--dark\t m-generic-cta--homepage\t m-generic-cta--email-signup\t\t m-generic-cta-block-style--default \tt-amp__generic-cta\"><\/p>\n<div class=\"m-generic-cta__wrap\">\n<div class=\"m-generic-cta__content\">\n<h3 class=\"m-generic-cta__title\">Inscri\u00e7\u00e3o no boletim informativo<\/h3>\n<p class=\"m-generic-cta__subtitle\">Fique por dentro das \u00faltimas not\u00edcias do Boston.com<\/p>\n<\/p><\/div>\n<\/p><\/div>\n<\/div><\/div>\n<p><script>\n\t\tvar consent=\"grant\";\n\t\t\/* The above code is parsing the JSON data from the local storage and storing it in a variable. *\/\n\t\t\t\t\tconst onetrustStorageConsent = JSON.parse(localStorage.getItem( 'consent_one_trust_bdc' ) );\n\t\t\tif ( ( onetrustStorageConsent !== null ) ) {\n\t\t\t\t\/* Checking to see if the user has consented to the use of cookies.\n\t\t\t\t* If they have not, it is deleting the cookie.\n\t\t\t\t* This will comment for now, until further notice.\n\t\t\t\t*\/\n\t\t\t\t\/\/if ( onetrustStorageConsent.C0002 === false ) {\n\t\t\t\t\/\/\tdocument.cookie=\"_fbp=;expires=Thu, 01 Jan 2010 00:00:00 UTC; path=\/; domain=.boston.com\";\n\t\t\t\t\/\/}\n\t\t\t\t\/* Checking if the user has given consent for the cookie C0002.\n\t\t\t\t* If the user has given consent, the variable consent will be set to 'grant'.\n\t\t\t\t* If the user has not given consent,the variable consent will be set to 'revoke'.\n\t\t\t\t* Documentation https:\/\/developers.facebook.com\/docs\/meta-pixel\/implementation\/gdpr\n\t\t\t\t*\/\n\t\t\t\tif ( onetrustStorageConsent.C0002 !== true ) {\n\t\t\t\t\tconsent=\"revoke\";\n\t\t\t\t}\n\t\t\t}\n\t\t\t\t!function(f,b,e,v,n,t,s)\n\t\t{if(f.fbq)return;n=f.fbq=function(){n.callMethod?\n\t\tn.callMethod.apply(n,arguments):n.queue.push(arguments)};\n\t\tif(!f._fbq)f._fbq=n;n.push=n;n.loaded=!0;n.version='2.0';\n\t\tn.queue=[];t=b.createElement(e);t.async=!0;\n\t\tt.src=v;s=b.getElementsByTagName(e)[0];\n\t\ts.parentNode.insertBefore(t,s)}(window, document,'script',\n\t\t'https:\/\/connect.facebook.net\/en_US\/fbevents.js');\n\t\tfbq('consent', consent);\n\t\tfbq('init', '989222871864976');\n\t\tfbq('track', 'PageView');\n\t<\/script><script type=\"module\">\n\t\tvar consent=\"grant\";\n\t\t\/* The above code is parsing the JSON data from the local storage and storing it in a variable. *\/\n\t\t\tconst onetrustStorageConsent = JSON.parse(localStorage.getItem( 'consent_one_trust_bdc' ) );\n\t\t\t\/* Checking to see if the user has consented to the use of cookies.\n\t\t\t* If they have not, it is deleting the cookie.\n\t\t\t* This will comment for now, until further notice.\n\t\t\t*\/\n\t\t\t\/\/if ( onetrustStorageConsent.C0002 === false ) {\n\t\t\t\/\/\tdocument.cookie=\"_fbp=;expires=Thu, 01 Jan 2010 00:00:00 UTC; path=\/; domain=.boston.com\";\n\t\t\t\/\/}\n\t\t\t\/* Checking if the user has given consent for the cookie C0002.\n\t\t\t* If the user has given consent, the variable consent will be set to 'grant'.\n\t\t\t* If the user has not given consent,the variable consent will be set to 'revoke'.\n\t\t\t* Documentation https:\/\/developers.facebook.com\/docs\/meta-pixel\/implementation\/gdpr\n\t\t\t*\/\n\t\t\tif ( ( onetrustStorageConsent !== null ) && (onetrustStorageConsent.C0002 !== true ) ) {\n\t\t\t\tconsent=\"revoke\";\n\t\t\t}\n\t\t\t\t!function(f,b,e,v,n,t,s){if(f.fbq)return;n=f.fbq=function()\n\t\t{n.callMethod? n.callMethod.apply(n,arguments):n.queue.push(arguments)}\n\t\t;if(!f._fbq)f._fbq=n;\n\t\tn.push=n;n.loaded=!0;n.version='2.0';n.queue=[];t=b.createElement(e);t.async=!0;\n\t\tt.src=v;s=b.getElementsByTagName(e)[0];s.parentNode.insertBefore(t,s)}(window,\n\t\tdocument,'script','https:\/\/connect.facebook.net\/en_US\/fbevents.js');\n\t\tfbq('consent', consent);\n\t\tfbq('init', '813236348753005');\n\t\tfbq('track', \"PageView\");\n\t<\/script><br \/>\n<br \/><br \/>\n<br \/><a href=\"https:\/\/www.boston.com\/news\/politics\/2024\/08\/01\/the-massachusetts-bill-expanding-the-definition-of-parent-is-going-to-healey-for-signature\/\">Source link <\/a><\/p>","protected":false},"excerpt":{"rendered":"<p>Pol\u00edtica O projeto de lei garante principalmente a igualdade nos direitos dos pais, independentemente do estado civil, identidade de g\u00eanero, orienta\u00e7\u00e3o sexual ou circunst\u00e2ncias do nascimento da crian\u00e7a. Uma bandeira&hellip;<\/p>","protected":false},"author":1,"featured_media":14553,"comment_status":"closed","ping_status":"open","sticky":false,"template":"","format":"standard","meta":{"content-type":"","footnotes":""},"categories":[1],"tags":[],"class_list":["post-14552","post","type-post","status-publish","format-standard","has-post-thumbnail","hentry","category-uncategorized"],"_links":{"self":[{"href":"https:\/\/tvbrazilusa.com\/pt\/wp-json\/wp\/v2\/posts\/14552","targetHints":{"allow":["GET"]}}],"collection":[{"href":"https:\/\/tvbrazilusa.com\/pt\/wp-json\/wp\/v2\/posts"}],"about":[{"href":"https:\/\/tvbrazilusa.com\/pt\/wp-json\/wp\/v2\/types\/post"}],"author":[{"embeddable":true,"href":"https:\/\/tvbrazilusa.com\/pt\/wp-json\/wp\/v2\/users\/1"}],"replies":[{"embeddable":true,"href":"https:\/\/tvbrazilusa.com\/pt\/wp-json\/wp\/v2\/comments?post=14552"}],"version-history":[{"count":1,"href":"https:\/\/tvbrazilusa.com\/pt\/wp-json\/wp\/v2\/posts\/14552\/revisions"}],"predecessor-version":[{"id":14554,"href":"https:\/\/tvbrazilusa.com\/pt\/wp-json\/wp\/v2\/posts\/14552\/revisions\/14554"}],"wp:featuredmedia":[{"embeddable":true,"href":"https:\/\/tvbrazilusa.com\/pt\/wp-json\/wp\/v2\/media\/14553"}],"wp:attachment":[{"href":"https:\/\/tvbrazilusa.com\/pt\/wp-json\/wp\/v2\/media?parent=14552"}],"wp:term":[{"taxonomy":"category","embeddable":true,"href":"https:\/\/tvbrazilusa.com\/pt\/wp-json\/wp\/v2\/categories?post=14552"},{"taxonomy":"post_tag","embeddable":true,"href":"https:\/\/tvbrazilusa.com\/pt\/wp-json\/wp\/v2\/tags?post=14552"}],"curies":[{"name":"wp","href":"https:\/\/api.w.org\/{rel}","templated":true}]}}