{"id":14566,"date":"2024-08-01T20:38:26","date_gmt":"2024-08-01T20:38:26","guid":{"rendered":"https:\/\/tvbrazilusa.com\/2024\/08\/01\/lembra-do-desafio-do-balde-de-gelo-10-anos-depois-a-campanha-viral-esta-novamente-arrecadando-fundos-para-a-ela\/"},"modified":"2024-08-01T20:45:24","modified_gmt":"2024-08-01T20:45:24","slug":"lembra-do-desafio-do-balde-de-gelo-10-anos-depois-a-campanha-viral-esta-novamente-arrecadando-fundos-para-a-ela","status":"publish","type":"post","link":"https:\/\/tvbrazilusa.com\/pt\/2024\/08\/01\/lembra-do-desafio-do-balde-de-gelo-10-anos-depois-a-campanha-viral-esta-novamente-arrecadando-fundos-para-a-ela\/","title":{"rendered":"Lembra do desafio do balde de gelo? 10 anos depois, a campanha viral est\u00e1 novamente arrecadando fundos para a ELA."},"content":{"rendered":"<p> <script async src=\"https:\/\/pagead2.googlesyndication.com\/pagead\/js\/adsbygoogle.js?client=ca-pub-8864793242727901\"\r\n     crossorigin=\"anonymous\"><\/script><br \/>\n<\/p>\n<div id=\"\">\n<header class=\"m-article-header m-article-header--standard\">\n\t\t\t\t\t\t\t\t\t\t\t\t<span id=\"article-header-primary-term\"><br \/>\n\t\t\t\t\t\t\t\t<a class=\"a-term a-term--primary\" href=\"https:\/\/www.boston.com\/tag\/local-news\/\"><\/p>\n<p>\t\t\t\t\t\t\t\tNot\u00edcias locais\t\t\t\t\t\t\t\t<\/a><br \/>\n\t\t\t\t\t\t\t<\/span><\/p>\n<h2 class=\"m-article-header__sub-headline\"\/>\n<figure class=\"a-photo m-article-header__photo\"><figcaption class=\"a-photo__caption\">\n<p>\tO presidente e CEO do Boston Red Sox, Sam Kennedy, \u00e0 esquerda, conversa com a governadora de Massachusetts, Maura Healey, ao centro, e John Frates, ap\u00f3s participar do Desafio do Balde de Gelo durante as cerim\u00f4nias do 10\u00ba anivers\u00e1rio do evento de arrecada\u00e7\u00e3o de fundos no Fenway Park, quinta-feira, 1\u00ba de agosto de 2024, em Boston.<em> Foto AP\/Michael Dwyer<\/em>\t<\/figcaption><\/figure>\n<div class=\"m-article-header__meta\">\n<div class=\"m-article-header__byline\">\n<p class=\"m-article-header__author\">\n<p>\t\t\t\t\t\t\t\tPor MICHAEL CASEY, Associated Press\t\t\t\t\t\t\t<\/p>\n<p>\t\t\t\t\t\t    \t\t\t\t\t\t\t<time class=\"m-article-header__date\"><\/p>\n<p>        \t\t\t\t\t\t\t1 de agosto de 2024 | 16h38    \t\t\t\t\t\t\t<\/time><\/p><\/div>\n<\/p><\/div>\n<\/header>\n<p>BOSTON (AP) \u2014 Dezenas de pessoas, incluindo o governador de Massachusetts e v\u00e1rias estrelas do esporte, jogaram \u00e1gua fria em si mesmas no Fenway Park na quinta-feira para marcar o 10\u00ba anivers\u00e1rio do desafio do balde de gelo da ELA.<\/p>\n<p>O evento \u00e9 parte de um esfor\u00e7o para renovar o interesse na campanha viral de m\u00eddia social que arrecadou dinheiro para encontrar uma cura para a doen\u00e7a de Lou Gehrig. Os organizadores disseram que a campanha arrecadou US$ 250 milh\u00f5es at\u00e9 agora e levou a um adicional de US$ 1 bilh\u00e3o em financiamento de pesquisa.<\/p>\n<p>\u201cA vida do nosso filho foi de gra\u00e7a, determina\u00e7\u00e3o e prop\u00f3sito, que atrav\u00e9s de sua resili\u00eancia, dilig\u00eancia e coragem, ele criou um movimento que ainda \u00e9 celebrado hoje por todos aqueles que foram afetados por esta doen\u00e7a horr\u00edvel\u201d, disse Nancy Frates, a m\u00e3e de Pete Frates, que ajudou a popularizar o desafio junto com Pat Quinn. Ambos foram diagnosticados com ELA e j\u00e1 morreram.<\/p>\n<p>\u201cEmbora seu corpo humano n\u00e3o esteja mais conosco, seu esp\u00edrito poderoso ainda est\u00e1 sendo celebrado junto com o movimento hist\u00f3rico\u201d, ela disse. \u201cVoc\u00ea trouxe resultados. Mas como Pete diria, &#39;Podemos nos divertir hoje, mas o trabalho n\u00e3o est\u00e1 feito. Vamos voltar ao trabalho amanh\u00e3.&#39;\u201d<\/p>\n<p>A Dra. Merit Cudkowicz, diretora do Sean M. Healey &#038; AMG Center for ALS no Mass General Hospital, que tamb\u00e9m era m\u00e9dica de Pete Frates, relembrou seu primeiro encontro com ele e como ele prometeu arrecadar US$ 1 bilh\u00e3o para a pesquisa da ELA. Entre os benef\u00edcios, houve mais medicamentos para tratar a doen\u00e7a.<\/p>\n<p>\u201c\u00c9 dif\u00edcil acreditar que despejar um balde de gelo sobre sua cabe\u00e7a mudaria a forma como pensamos sobre a ELA, mas esse simples ato fez mais para aumentar a conscientiza\u00e7\u00e3o sobre a ELA do que qualquer outro esfor\u00e7o, e catalisou avan\u00e7os incr\u00edveis em pesquisas\u201d, ela disse \u00e0 multid\u00e3o de v\u00e1rias centenas, incluindo pacientes com ELA e suas fam\u00edlias. \u201cTrouxe tantos novos cientistas para o campo em todo o mundo e isso est\u00e1 fazendo a diferen\u00e7a hoje para as pessoas que vivem com ELA.\u201d<\/p>\n<p>Depois que os palestrantes terminaram, cerca de 75 pessoas, incluindo v\u00e1rias fam\u00edlias com crian\u00e7as pequenas, se alinharam no campo de beisebol em frente a pequenos baldes. De uma s\u00f3 vez, eles despejaram \u00e1gua gelada de pequenos baldes em suas cabe\u00e7as, um al\u00edvio para muitos no dia em que as temperaturas chegaram aos 90 graus.<\/p>\n<p>Nas arquibancadas, Mike Cunningham, 54, de Canton, Massachusetts, assistia ao evento em sua cadeira de rodas.<\/p>\n<p>Diagnosticado com ELA no ano passado, ele admitiu que \u00e0s vezes pode ser dif\u00edcil sair de casa. Mas ele disse que n\u00e3o iria perder o evento de quinta-feira, o que lhe deu uma sensa\u00e7\u00e3o de orgulho, esperan\u00e7a, coragem e \u201cgratid\u00e3o por toda a gentileza que as pessoas demonstram\u201d.<\/p>\n<p>\u201cAs pessoas s\u00e3o boas. As pessoas s\u00e3o gentis e se manifestam quando as pessoas precisam de ajuda\u201d, ele disse. \u201c\u00c9 f\u00e1cil esquecer disso com todas as not\u00edcias que voc\u00ea ouve todos os dias. Voc\u00ea v\u00ea. Voc\u00ea sente, a gentileza. Amigos, vizinhos, estranhos que aparecem e tentam ajudar a combater essa doen\u00e7a terr\u00edvel.\u201d<\/p>\n<p>Em 2014, Quinn viu o desafio do balde de gelo no feed de m\u00eddia social do jogador de golfe profissional Chris Kennedy, que primeiro desafiou a prima de sua esposa, Jeanette Senerchia, a pegar um balde de \u00e1gua gelada, despejar sobre sua cabe\u00e7a, postar um v\u00eddeo na m\u00eddia social e pedir que outros fizessem o mesmo ou fizessem uma doa\u00e7\u00e3o para caridade. O marido de Senerchia tinha ELA.<\/p>\n<p>Quinn e Frates ajudaram a popularizar o desafio. Quando os dois o pegaram, o fen\u00f4meno explodiu. Milhares de pessoas participaram da tend\u00eancia viral, incluindo celebridades, estrelas do esporte e pol\u00edticos. Os v\u00eddeos online foram vistos milh\u00f5es de vezes.<\/p>\n<p>A doen\u00e7a de Lou Gehrig, nomeada em homenagem ao grande jogador do New York Yankees que sofreu com ela \u2014 tamb\u00e9m \u00e9 conhecida como ELA ou doen\u00e7a do neur\u00f4nio motor. \u00c9 uma doen\u00e7a neurodegenerativa progressiva que leva \u00e0 paralisia devido \u00e0 morte de neur\u00f4nios motores na medula espinhal e no c\u00e9rebro. N\u00e3o h\u00e1 cura conhecida.<\/p>\n<\/p><\/div>\n<p><script>\n\t\tvar consent=\"grant\";\n\t\t\/* The above code is parsing the JSON data from the local storage and storing it in a variable. *\/\n\t\t\t\t\tconst onetrustStorageConsent = JSON.parse(localStorage.getItem( 'consent_one_trust_bdc' ) );\n\t\t\tif ( ( onetrustStorageConsent !== null ) ) {\n\t\t\t\t\/* Checking to see if the user has consented to the use of cookies.\n\t\t\t\t* If they have not, it is deleting the cookie.\n\t\t\t\t* This will comment for now, until further notice.\n\t\t\t\t*\/\n\t\t\t\t\/\/if ( onetrustStorageConsent.C0002 === false ) {\n\t\t\t\t\/\/\tdocument.cookie=\"_fbp=;expires=Thu, 01 Jan 2010 00:00:00 UTC; path=\/; domain=.boston.com\";\n\t\t\t\t\/\/}\n\t\t\t\t\/* Checking if the user has given consent for the cookie C0002.\n\t\t\t\t* If the user has given consent, the variable consent will be set to 'grant'.\n\t\t\t\t* If the user has not given consent,the variable consent will be set to 'revoke'.\n\t\t\t\t* Documentation https:\/\/developers.facebook.com\/docs\/meta-pixel\/implementation\/gdpr\n\t\t\t\t*\/\n\t\t\t\tif ( onetrustStorageConsent.C0002 !== true ) {\n\t\t\t\t\tconsent=\"revoke\";\n\t\t\t\t}\n\t\t\t}\n\t\t\t\t!function(f,b,e,v,n,t,s)\n\t\t{if(f.fbq)return;n=f.fbq=function(){n.callMethod?\n\t\tn.callMethod.apply(n,arguments):n.queue.push(arguments)};\n\t\tif(!f._fbq)f._fbq=n;n.push=n;n.loaded=!0;n.version='2.0';\n\t\tn.queue=[];t=b.createElement(e);t.async=!0;\n\t\tt.src=v;s=b.getElementsByTagName(e)[0];\n\t\ts.parentNode.insertBefore(t,s)}(window, document,'script',\n\t\t'https:\/\/connect.facebook.net\/en_US\/fbevents.js');\n\t\tfbq('consent', consent);\n\t\tfbq('init', '989222871864976');\n\t\tfbq('track', 'PageView');\n\t<\/script><script type=\"module\">\n\t\tvar consent=\"grant\";\n\t\t\/* The above code is parsing the JSON data from the local storage and storing it in a variable. *\/\n\t\t\tconst onetrustStorageConsent = JSON.parse(localStorage.getItem( 'consent_one_trust_bdc' ) );\n\t\t\t\/* Checking to see if the user has consented to the use of cookies.\n\t\t\t* If they have not, it is deleting the cookie.\n\t\t\t* This will comment for now, until further notice.\n\t\t\t*\/\n\t\t\t\/\/if ( onetrustStorageConsent.C0002 === false ) {\n\t\t\t\/\/\tdocument.cookie=\"_fbp=;expires=Thu, 01 Jan 2010 00:00:00 UTC; path=\/; domain=.boston.com\";\n\t\t\t\/\/}\n\t\t\t\/* Checking if the user has given consent for the cookie C0002.\n\t\t\t* If the user has given consent, the variable consent will be set to 'grant'.\n\t\t\t* If the user has not given consent,the variable consent will be set to 'revoke'.\n\t\t\t* Documentation https:\/\/developers.facebook.com\/docs\/meta-pixel\/implementation\/gdpr\n\t\t\t*\/\n\t\t\tif ( ( onetrustStorageConsent !== null ) && (onetrustStorageConsent.C0002 !== true ) ) {\n\t\t\t\tconsent=\"revoke\";\n\t\t\t}\n\t\t\t\t!function(f,b,e,v,n,t,s){if(f.fbq)return;n=f.fbq=function()\n\t\t{n.callMethod? n.callMethod.apply(n,arguments):n.queue.push(arguments)}\n\t\t;if(!f._fbq)f._fbq=n;\n\t\tn.push=n;n.loaded=!0;n.version='2.0';n.queue=[];t=b.createElement(e);t.async=!0;\n\t\tt.src=v;s=b.getElementsByTagName(e)[0];s.parentNode.insertBefore(t,s)}(window,\n\t\tdocument,'script','https:\/\/connect.facebook.net\/en_US\/fbevents.js');\n\t\tfbq('consent', consent);\n\t\tfbq('init', '813236348753005');\n\t\tfbq('track', \"PageView\");\n\t<\/script><br \/>\n<br \/><br \/>\n<br \/><a href=\"https:\/\/www.boston.com\/news\/local-news\/2024\/08\/01\/remember-the-ice-bucket-challenge-10-years-later-the-viral-campaign-is-again-fundraising-for-als\/\">Source link <\/a><\/p>","protected":false},"excerpt":{"rendered":"<p>Not\u00edcias locais O presidente e CEO do Boston Red Sox, Sam Kennedy, \u00e0 esquerda, conversa com a governadora de Massachusetts, Maura Healey, ao centro, e John Frates, ap\u00f3s participar do&hellip;<\/p>","protected":false},"author":1,"featured_media":14567,"comment_status":"closed","ping_status":"open","sticky":false,"template":"","format":"standard","meta":{"content-type":"","footnotes":""},"categories":[1],"tags":[],"class_list":["post-14566","post","type-post","status-publish","format-standard","has-post-thumbnail","hentry","category-uncategorized"],"_links":{"self":[{"href":"https:\/\/tvbrazilusa.com\/pt\/wp-json\/wp\/v2\/posts\/14566","targetHints":{"allow":["GET"]}}],"collection":[{"href":"https:\/\/tvbrazilusa.com\/pt\/wp-json\/wp\/v2\/posts"}],"about":[{"href":"https:\/\/tvbrazilusa.com\/pt\/wp-json\/wp\/v2\/types\/post"}],"author":[{"embeddable":true,"href":"https:\/\/tvbrazilusa.com\/pt\/wp-json\/wp\/v2\/users\/1"}],"replies":[{"embeddable":true,"href":"https:\/\/tvbrazilusa.com\/pt\/wp-json\/wp\/v2\/comments?post=14566"}],"version-history":[{"count":1,"href":"https:\/\/tvbrazilusa.com\/pt\/wp-json\/wp\/v2\/posts\/14566\/revisions"}],"predecessor-version":[{"id":14568,"href":"https:\/\/tvbrazilusa.com\/pt\/wp-json\/wp\/v2\/posts\/14566\/revisions\/14568"}],"wp:featuredmedia":[{"embeddable":true,"href":"https:\/\/tvbrazilusa.com\/pt\/wp-json\/wp\/v2\/media\/14567"}],"wp:attachment":[{"href":"https:\/\/tvbrazilusa.com\/pt\/wp-json\/wp\/v2\/media?parent=14566"}],"wp:term":[{"taxonomy":"category","embeddable":true,"href":"https:\/\/tvbrazilusa.com\/pt\/wp-json\/wp\/v2\/categories?post=14566"},{"taxonomy":"post_tag","embeddable":true,"href":"https:\/\/tvbrazilusa.com\/pt\/wp-json\/wp\/v2\/tags?post=14566"}],"curies":[{"name":"wp","href":"https:\/\/api.w.org\/{rel}","templated":true}]}}