{"id":14585,"date":"2024-08-01T20:59:07","date_gmt":"2024-08-01T20:59:07","guid":{"rendered":"https:\/\/tvbrazilusa.com\/2024\/08\/01\/homem-de-hoboken-se-entrega-por-vandalizar-sinagoga-de-hoboken-policia\/"},"modified":"2024-08-01T21:14:32","modified_gmt":"2024-08-01T21:14:32","slug":"homem-de-hoboken-se-entrega-por-vandalizar-sinagoga-de-hoboken-policia","status":"publish","type":"post","link":"https:\/\/tvbrazilusa.com\/pt\/2024\/08\/01\/homem-de-hoboken-se-entrega-por-vandalizar-sinagoga-de-hoboken-policia\/","title":{"rendered":"Homem de Hoboken se entrega por vandalizar sinagoga de Hoboken: pol\u00edcia"},"content":{"rendered":"<script async src=\"https:\/\/pagead2.googlesyndication.com\/pagead\/js\/adsbygoogle.js?client=ca-pub-8864793242727901\"\r\n     crossorigin=\"anonymous\"><\/script>\n<div>\n<p class=\"article__paragraph article__paragraph--left\" id=\"BBH273ZFUJDUTLBHQGINWKXRRY\">Um homem de Hoboken foi acusado de vandalizar uma sinagoga na cidade na semana passada ao pintar as palavras &#8220;Palestina Livre&#8221; do lado de fora do pr\u00e9dio, disseram as autoridades.<\/p>\n<p class=\"article__paragraph article__paragraph--left\" id=\"SFOCGWJ3SJERTAA6UUIY7D63XM\">Daniel Estreicher, 26, est\u00e1 enfrentando acusa\u00e7\u00f5es de preconceito, intimida\u00e7\u00e3o e dano criminoso ap\u00f3s se entregar \u00e0 pol\u00edcia de Hoboken na tarde de quarta-feira, de acordo com o departamento de seguran\u00e7a p\u00fablica.<\/p>\n<p class=\"article__paragraph article__paragraph--left\" id=\"CKGEGTMEYNHIHILT4QKSEA5WWQ\">O incidente de picha\u00e7\u00e3o foi relatado em 24 de julho na United Synagogue, localizada na 115 Park Ave. Policiais viram a picha\u00e7\u00e3o perto do port\u00e3o da frente antes que ela fosse removida, disseram as autoridades.<\/p>\n<\/div>\n<p><br \/>\n<br \/><a href=\"https:\/\/www.nj.com\/hudson\/2024\/08\/man-turns-himself-in-to-police-in-relation-to-hoboken-synagogue-vandalism.html\">Source link <\/a><\/p>","protected":false},"excerpt":{"rendered":"<p>Um homem de Hoboken foi acusado de vandalizar uma sinagoga na cidade na semana passada ao pintar as palavras &#8220;Palestina Livre&#8221; do lado de fora do pr\u00e9dio, disseram as autoridades.&hellip;<\/p>","protected":false},"author":1,"featured_media":14586,"comment_status":"closed","ping_status":"open","sticky":false,"template":"","format":"standard","meta":{"content-type":"","footnotes":""},"categories":[1],"tags":[5889],"class_list":["post-14585","post","type-post","status-publish","format-standard","has-post-thumbnail","hentry","category-uncategorized","tag-hoboken-eua"],"_links":{"self":[{"href":"https:\/\/tvbrazilusa.com\/pt\/wp-json\/wp\/v2\/posts\/14585","targetHints":{"allow":["GET"]}}],"collection":[{"href":"https:\/\/tvbrazilusa.com\/pt\/wp-json\/wp\/v2\/posts"}],"about":[{"href":"https:\/\/tvbrazilusa.com\/pt\/wp-json\/wp\/v2\/types\/post"}],"author":[{"embeddable":true,"href":"https:\/\/tvbrazilusa.com\/pt\/wp-json\/wp\/v2\/users\/1"}],"replies":[{"embeddable":true,"href":"https:\/\/tvbrazilusa.com\/pt\/wp-json\/wp\/v2\/comments?post=14585"}],"version-history":[{"count":1,"href":"https:\/\/tvbrazilusa.com\/pt\/wp-json\/wp\/v2\/posts\/14585\/revisions"}],"predecessor-version":[{"id":14587,"href":"https:\/\/tvbrazilusa.com\/pt\/wp-json\/wp\/v2\/posts\/14585\/revisions\/14587"}],"wp:featuredmedia":[{"embeddable":true,"href":"https:\/\/tvbrazilusa.com\/pt\/wp-json\/wp\/v2\/media\/14586"}],"wp:attachment":[{"href":"https:\/\/tvbrazilusa.com\/pt\/wp-json\/wp\/v2\/media?parent=14585"}],"wp:term":[{"taxonomy":"category","embeddable":true,"href":"https:\/\/tvbrazilusa.com\/pt\/wp-json\/wp\/v2\/categories?post=14585"},{"taxonomy":"post_tag","embeddable":true,"href":"https:\/\/tvbrazilusa.com\/pt\/wp-json\/wp\/v2\/tags?post=14585"}],"curies":[{"name":"wp","href":"https:\/\/api.w.org\/{rel}","templated":true}]}}