{"id":14753,"date":"2024-08-02T01:02:57","date_gmt":"2024-08-02T01:02:57","guid":{"rendered":"https:\/\/tvbrazilusa.com\/2024\/08\/02\/biden-esta-determinado-a-fechar-guantanamo-nos-proximos-6-meses-diz-casa-branca-apos-acordo-de-prisao-perpetua-para-terroristas-do-11-de-setembro-paulo-figueiredo\/"},"modified":"2024-08-02T01:11:54","modified_gmt":"2024-08-02T01:11:54","slug":"biden-esta-determinado-a-fechar-guantanamo-nos-proximos-6-meses-diz-casa-branca-apos-acordo-de-prisao-perpetua-para-terroristas-do-11-de-setembro-paulo-figueiredo","status":"publish","type":"post","link":"https:\/\/tvbrazilusa.com\/pt\/2024\/08\/02\/biden-esta-determinado-a-fechar-guantanamo-nos-proximos-6-meses-diz-casa-branca-apos-acordo-de-prisao-perpetua-para-terroristas-do-11-de-setembro-paulo-figueiredo\/","title":{"rendered":"Biden est\u00e1 &#039;determinado&#039; a fechar Guant\u00e1namo nos pr\u00f3ximos 6 meses, diz Casa Branca \u2014 ap\u00f3s acordo de pris\u00e3o perp\u00e9tua para terroristas do 11 de Setembro &#8211; Paulo Figueiredo"},"content":{"rendered":"<p> <script async src=\"https:\/\/pagead2.googlesyndication.com\/pagead\/js\/adsbygoogle.js?client=ca-pub-8864793242727901\"\r\n     crossorigin=\"anonymous\"><\/script><br \/>\n<\/p>\n<div id=\"wtr-content\" data-bg=\"#FFFFFF\" data-fg=\"#006d91\" data-width=\"25\" data-mute=\"1\" data-fgopacity=\"1.00\" data-mutedopacity=\"0.5\" data-placement=\"bottom\" data-placement-offset=\"0\" data-content-offset=\"262\" data-placement-touch=\"bottom\" data-placement-offset-touch=\"0\" data-transparent=\"\" data-shadow=\"0\" data-touch=\"1\" data-non-touch=\"1\" data-comments=\"0\" data-commentsbg=\"transparent\" data-location=\"page\" data-mutedfg=\"#006d91\" data-endfg=\"#006d91\" data-rtl=\"\">\n<p>O presidente Biden est\u00e1 \u201cdeterminado\u201d a fechar a pris\u00e3o de Guant\u00e1namo Bay antes de deixar o cargo em janeiro \u2014 confirmou a Casa Branca na quinta-feira, ap\u00f3s o an\u00fancio de tr\u00eas acordos de confiss\u00e3o para terroristas da al-Qaida detidos na instala\u00e7\u00e3o militar.<\/p>\n<p>Biden, de 81 anos, n\u00e3o teve nenhum papel nas negocia\u00e7\u00f5es dos acordos de confiss\u00e3o que retiraram a pena de morte da mesa para os terroristas, incluindo o suposto mentor do 11 de setembro, Khalid Sheikh Mohammed, afirmou a Casa Branca \u2014 apesar do objetivo declarado do presidente de esvaziar a pris\u00e3o de seus 30 presos restantes.<\/p>\n<\/div>\n<p><br \/>\n<br \/><a href=\"https:\/\/paulofigueiredoshow.com\/biden-esta-determinado-a-fechar-guantanamo-nos-proximos-6-meses-diz-casa-branca-apos-acordo-de-prisao-perpetua-para-terroristas-do-11-de-setembro\/\">Source link <\/a><\/p>","protected":false},"excerpt":{"rendered":"<p>O presidente Biden est\u00e1 \u201cdeterminado\u201d a fechar a pris\u00e3o de Guant\u00e1namo Bay antes de deixar o cargo em janeiro \u2014 confirmou a Casa Branca na quinta-feira, ap\u00f3s o an\u00fancio de&hellip;<\/p>","protected":false},"author":1,"featured_media":14754,"comment_status":"closed","ping_status":"open","sticky":false,"template":"","format":"standard","meta":{"content-type":"","footnotes":""},"categories":[16],"tags":[5988,5817,747,5989,2045,592,5990,5991,701,4849],"class_list":["post-14753","post","type-post","status-publish","format-standard","has-post-thumbnail","hentry","category-noticias","tag-a-prisao","tag-acordo","tag-biden","tag-casa-braca","tag-cuba","tag-eua","tag-fechar","tag-guantanamo","tag-prisao","tag-terrorista"],"_links":{"self":[{"href":"https:\/\/tvbrazilusa.com\/pt\/wp-json\/wp\/v2\/posts\/14753","targetHints":{"allow":["GET"]}}],"collection":[{"href":"https:\/\/tvbrazilusa.com\/pt\/wp-json\/wp\/v2\/posts"}],"about":[{"href":"https:\/\/tvbrazilusa.com\/pt\/wp-json\/wp\/v2\/types\/post"}],"author":[{"embeddable":true,"href":"https:\/\/tvbrazilusa.com\/pt\/wp-json\/wp\/v2\/users\/1"}],"replies":[{"embeddable":true,"href":"https:\/\/tvbrazilusa.com\/pt\/wp-json\/wp\/v2\/comments?post=14753"}],"version-history":[{"count":1,"href":"https:\/\/tvbrazilusa.com\/pt\/wp-json\/wp\/v2\/posts\/14753\/revisions"}],"predecessor-version":[{"id":14755,"href":"https:\/\/tvbrazilusa.com\/pt\/wp-json\/wp\/v2\/posts\/14753\/revisions\/14755"}],"wp:featuredmedia":[{"embeddable":true,"href":"https:\/\/tvbrazilusa.com\/pt\/wp-json\/wp\/v2\/media\/14754"}],"wp:attachment":[{"href":"https:\/\/tvbrazilusa.com\/pt\/wp-json\/wp\/v2\/media?parent=14753"}],"wp:term":[{"taxonomy":"category","embeddable":true,"href":"https:\/\/tvbrazilusa.com\/pt\/wp-json\/wp\/v2\/categories?post=14753"},{"taxonomy":"post_tag","embeddable":true,"href":"https:\/\/tvbrazilusa.com\/pt\/wp-json\/wp\/v2\/tags?post=14753"}],"curies":[{"name":"wp","href":"https:\/\/api.w.org\/{rel}","templated":true}]}}