{"id":15019,"date":"2024-08-02T10:25:23","date_gmt":"2024-08-02T10:25:23","guid":{"rendered":"https:\/\/tvbrazilusa.com\/2024\/08\/02\/julho-foi-o-pior-mes-em-queimadas-no-brasil-nos-ultimos-20-anos\/"},"modified":"2024-08-02T10:30:57","modified_gmt":"2024-08-02T10:30:57","slug":"julho-foi-o-pior-mes-em-queimadas-no-brasil-nos-ultimos-20-anos","status":"publish","type":"post","link":"https:\/\/tvbrazilusa.com\/pt\/2024\/08\/02\/julho-foi-o-pior-mes-em-queimadas-no-brasil-nos-ultimos-20-anos\/","title":{"rendered":"Julho foi o pior m\u00eas em queimadas no Brasil nos \u00faltimos 20 anos"},"content":{"rendered":"<p> <script async src=\"https:\/\/pagead2.googlesyndication.com\/pagead\/js\/adsbygoogle.js?client=ca-pub-8864793242727901\"\r\n     crossorigin=\"anonymous\"><\/script><br \/>\n<\/p>\n<div>\n<p><em>Foto: Divulga\u00e7\u00e3o\/Greenpeace<\/em><\/p>\n<p>O Brasil est\u00e1 enfrentando uma alarmante onda de queimadas, e o m\u00eas de julho de 2024 foi o pior dos \u00faltimos 20 anos. Esse cen\u00e1rio foi confirmado pelo Instituto Nacional de Pesquisas Espaciais (Inpe), que contabilizou impressionantes 22.478 focos de calor no per\u00edodo. Esse \u00e9 o maior n\u00famero desde 2005, quando foram registrados 30.235 focos de inc\u00eandio.<\/p>\n<p>O impacto desse aumento n\u00e3o \u00e9 apenas estat\u00edstico, mas tamb\u00e9m ambiental e social. Mais de mil cidades brasileiras est\u00e3o sofrendo com seca severa e enfrentam um risco constante de queimadas. Esse cen\u00e1rio \u00e9 particularmente preocupante, pois o aumento das queimadas est\u00e1 intimamente relacionado \u00e0s condi\u00e7\u00f5es clim\u00e1ticas extremas que o pa\u00eds est\u00e1 enfrentando.<\/p>\n<h2 class=\"wp-block-heading\">Por que a Amaz\u00f4nia lidera no n\u00famero de inc\u00eandios?<\/h2>\n<p>A Amaz\u00f4nia teve julho mais devastador dos \u00faltimos 20 anos, com 11.434 focos de calor identificados via sat\u00e9lite. Esse \u00e9 um aumento expressivo se comparado \u00e0 m\u00e9dia hist\u00f3rica mensal de 6.164. Em compara\u00e7\u00e3o, julho de 2023 registrou \u201capenas\u201d 5.772 focos de calor. O estado do Amazonas foi fundamental para esse aumento, contabilizando 4.241 focos de calor, um recorde significativo dada a m\u00e9dia hist\u00f3rica de 757 focos.<\/p>\n<h2 class=\"wp-block-heading\">Como o per\u00edodo seco afeta o Pantanal?<\/h2>\n<p>Outro bioma que resiste a n\u00fameros recordes de queimadas \u00e9 o Pantanal. Em julho, o Pantanal registrou 1.218 focos de calor, muito acima da m\u00e9dia hist\u00f3rica de 441. Esses n\u00fameros revelam uma tend\u00eancia preocupante e destacam a import\u00e2ncia de entender e mitigar as causas dessas queimadas.<\/p>\n<h2 class=\"wp-block-heading\">O que explica o incremento das queimadas?<\/h2>\n<p>Especialistas do Greenpeace Brasil alertam que o n\u00famero de queimadas pode aumentar ainda mais. Isso porque julho \u00e9 o in\u00edcio do \u201cver\u00e3o amaz\u00f4nico\u201d, um per\u00edodo caracterizado pela diminui\u00e7\u00e3o das chuvas e da umidade relativa do ar, al\u00e9m do aumento das temperaturas. Esses fatores deixam a vegeta\u00e7\u00e3o mais seca e propensa ao fogo.<\/p>\n<h3 class=\"wp-block-heading\">Principais motivos para o aumento das queimadas:<\/h3>\n<ul class=\"wp-block-list\">\n<li><strong>Condi\u00e7\u00f5es Clim\u00e1ticas:<\/strong> Altas temperaturas e baixos \u00edndices de umidade facilitam a propaga\u00e7\u00e3o do fogo.<\/li>\n<li><strong>Desmatamento:<\/strong> A retirada da cobertura vegetal deixa o solo mais vulner\u00e1vel \u00e0s queimadas.<\/li>\n<li><strong>Agricultura e Pecu\u00e1ria:<\/strong> T\u00e9cnicas como o uso do fogo para limpar \u00e1reas de pasto e planta\u00e7\u00f5es contribuem para o aumento dos focos.<\/li>\n<li><strong>Falta de Fiscaliza\u00e7\u00e3o:<\/strong> Pol\u00edticas p\u00fablicas insuficientes e a falta de recursos para fiscaliza\u00e7\u00e3o intensificam o problema.<\/li>\n<\/ul>\n<p>\u00a0<\/p>\n<h2 class=\"wp-block-heading\">Como podemos combater as queimadas?<\/h2>\n<p>Combat\u00ea-las requer um esfor\u00e7o conjunto de diversas frentes. A\u00e7\u00f5es imediatas incluem o aumento da fiscaliza\u00e7\u00e3o e puni\u00e7\u00f5es mais severas para quem promove queimadas ilegais. A m\u00e9dio e longo prazo, \u00e9 imprescind\u00edvel investir em pol\u00edticas de preserva\u00e7\u00e3o ambiental e em educa\u00e7\u00e3o para conscientizar a popula\u00e7\u00e3o sobre os riscos e danos causados pelas queimadas.<\/p>\n<h3 class=\"wp-block-heading\">Dicas para preven\u00e7\u00e3o de queimadas:<\/h3>\n<ol class=\"wp-block-list\">\n<li>Evite o uso de fogo para limpar terrenos.<\/li>\n<li>Denuncie queimadas ilegais aos \u00f3rg\u00e3os respons\u00e1veis.<\/li>\n<li>Participe de campanhas de conscientiza\u00e7\u00e3o ambiental.<\/li>\n<li>Ajude a resguardar \u00e1reas verdes, especialmente em \u00e9pocas de seca.<\/li>\n<li>Promova pr\u00e1ticas agr\u00edcolas sustent\u00e1veis.<\/li>\n<\/ol>\n<p>\u00a0<\/p>\n<p>Em resumo, o aumento das queimadas no Brasil \u00e9 um problema grave que requer a\u00e7\u00e3o r\u00e1pida e eficaz de todos os setores da sociedade. A Amaz\u00f4nia e o Pantanal s\u00e3o biomas de import\u00e2ncia global, e a sua preserva\u00e7\u00e3o \u00e9 crucial para o equil\u00edbrio ambiental do planeta.<\/p>\n<\/p><\/div>\n<p><br \/>\n<br \/><a href=\"https:\/\/terrabrasilnoticias.com\/2024\/08\/julho-foi-o-pior-mes-em-queimadas-no-brasil-nos-ultimos-20-anos\/\">Source link <\/a><\/p>","protected":false},"excerpt":{"rendered":"<p>Foto: Divulga\u00e7\u00e3o\/Greenpeace O Brasil est\u00e1 enfrentando uma alarmante onda de queimadas, e o m\u00eas de julho de 2024 foi o pior dos \u00faltimos 20 anos. Esse cen\u00e1rio foi confirmado pelo&hellip;<\/p>","protected":false},"author":1,"featured_media":15020,"comment_status":"closed","ping_status":"open","sticky":false,"template":"","format":"standard","meta":{"content-type":"","footnotes":""},"categories":[16],"tags":[],"class_list":["post-15019","post","type-post","status-publish","format-standard","has-post-thumbnail","hentry","category-noticias"],"_links":{"self":[{"href":"https:\/\/tvbrazilusa.com\/pt\/wp-json\/wp\/v2\/posts\/15019","targetHints":{"allow":["GET"]}}],"collection":[{"href":"https:\/\/tvbrazilusa.com\/pt\/wp-json\/wp\/v2\/posts"}],"about":[{"href":"https:\/\/tvbrazilusa.com\/pt\/wp-json\/wp\/v2\/types\/post"}],"author":[{"embeddable":true,"href":"https:\/\/tvbrazilusa.com\/pt\/wp-json\/wp\/v2\/users\/1"}],"replies":[{"embeddable":true,"href":"https:\/\/tvbrazilusa.com\/pt\/wp-json\/wp\/v2\/comments?post=15019"}],"version-history":[{"count":1,"href":"https:\/\/tvbrazilusa.com\/pt\/wp-json\/wp\/v2\/posts\/15019\/revisions"}],"predecessor-version":[{"id":15021,"href":"https:\/\/tvbrazilusa.com\/pt\/wp-json\/wp\/v2\/posts\/15019\/revisions\/15021"}],"wp:featuredmedia":[{"embeddable":true,"href":"https:\/\/tvbrazilusa.com\/pt\/wp-json\/wp\/v2\/media\/15020"}],"wp:attachment":[{"href":"https:\/\/tvbrazilusa.com\/pt\/wp-json\/wp\/v2\/media?parent=15019"}],"wp:term":[{"taxonomy":"category","embeddable":true,"href":"https:\/\/tvbrazilusa.com\/pt\/wp-json\/wp\/v2\/categories?post=15019"},{"taxonomy":"post_tag","embeddable":true,"href":"https:\/\/tvbrazilusa.com\/pt\/wp-json\/wp\/v2\/tags?post=15019"}],"curies":[{"name":"wp","href":"https:\/\/api.w.org\/{rel}","templated":true}]}}