{"id":15043,"date":"2024-08-02T11:06:56","date_gmt":"2024-08-02T11:06:56","guid":{"rendered":"https:\/\/tvbrazilusa.com\/2024\/08\/02\/ex-cuidadora-processa-filho-de-zagallo-por-assedio-moral-e-rejeita-oferta-de-r-18-mil-entenda\/"},"modified":"2024-08-02T11:09:04","modified_gmt":"2024-08-02T11:09:04","slug":"ex-cuidadora-processa-filho-de-zagallo-por-assedio-moral-e-rejeita-oferta-de-r-18-mil-entenda","status":"publish","type":"post","link":"https:\/\/tvbrazilusa.com\/pt\/2024\/08\/02\/ex-cuidadora-processa-filho-de-zagallo-por-assedio-moral-e-rejeita-oferta-de-r-18-mil-entenda\/","title":{"rendered":"Ex cuidadora  processa filho de Zagallo por ass\u00e9dio moral e rejeita oferta de R$ 18 mil; entenda"},"content":{"rendered":"<p> <script async src=\"https:\/\/pagead2.googlesyndication.com\/pagead\/js\/adsbygoogle.js?client=ca-pub-8864793242727901\"\r\n     crossorigin=\"anonymous\"><\/script><br \/>\n<\/p>\n<div>\n<p><em>Foto: rep\/ instagram<\/em><\/p>\n<p>A ex-enfermeira de Zagallo, falecido em janeiro deste ano, continua sua batalha na justi\u00e7a por v\u00ednculo empregat\u00edcio e horas extras. O lit\u00edgio atraiu aten\u00e7\u00e3o ap\u00f3s a morte do ic\u00f4nico t\u00e9cnico de futebol.<\/p>\n<p>A primeira audi\u00eancia de concilia\u00e7\u00e3o entre a ex-cuidadora e Mario C\u00e9sar, filho de Zagallo, n\u00e3o obteve acordo. O encontro ocorreu na manh\u00e3 de quinta-feira, 1\u00ba de fevereiro, na 42\u00aa Vara do Trabalho do Rio de Janeiro, no Centro da cidade, e durou apenas 17 minutos. Estavam presentes todos os envolvidos na a\u00e7\u00e3o.<\/p>\n<h2 class=\"wp-block-heading\">Disputa Judicial por V\u00ednculo Empregat\u00edcio<\/h2>\n<p>Em sua peti\u00e7\u00e3o inicial, apresentada em abril, a enfermeira requisitava uma indeniza\u00e7\u00e3o de R$ 328.115,27. Durante a audi\u00eancia conciliat\u00f3ria, o Ju\u00edzo sugeriu um acordo no valor de R$ 18.000,00, aceito por Mario C\u00e9sar. No entanto, a ex-enfermeira recusou a proposta e lan\u00e7ou uma contraproposta de R$ 190.000,00, que n\u00e3o foi aceita pelo filho de Zagallo.<\/p>\n<h2 class=\"wp-block-heading\">Por Que a Ex-Enfermeira N\u00e3o Aceitou a Primeira Proposta?<\/h2>\n<p>Segundo a ex-enfermeira, durante a pandemia, ela teve de acumular fun\u00e7\u00f5es que n\u00e3o eram originalmente suas, devido \u00e0 aus\u00eancia da funcion\u00e1ria dom\u00e9stica da casa de Zagallo. Al\u00e9m de cuidar da sa\u00fade do t\u00e9cnico, a cuidadora relatou que limpava o im\u00f3vel, passava roupas e preparava comida sem a devida compensa\u00e7\u00e3o financeira. Ela tamb\u00e9m mencionou que sofria constante humilha\u00e7\u00e3o por parte de Mario C\u00e9sar, respons\u00e1vel pelo gerenciamento da casa do pai.<\/p>\n<h2 class=\"wp-block-heading\">Nova Audi\u00eancia Marcada<\/h2>\n<p>Uma nova audi\u00eancia foi agendada para o dia 16 de outubro deste ano. Nessa data, tanto Mario C\u00e9sar quanto a ex-enfermeira dever\u00e3o apresentar suas testemunhas. O lit\u00edgio promete continuar movimentado, dado o valor financeiro contestado e as acusa\u00e7\u00f5es de maus-tratos.<\/p>\n<h2 class=\"wp-block-heading\">Heran\u00e7a do T\u00e9cnico<\/h2>\n<p>Zagallo deixou a maior parte de sua heran\u00e7a para Mario C\u00e9sar, seu filho mais novo. A divis\u00e3o do patrim\u00f4nio ainda gera disputas familiares, complicando ainda mais o caso judicial com a ex-enfermeira. Pessoas que presenciaram a rela\u00e7\u00e3o entre a cuidadora e o filho de Zagallo confirmam os relatos de humilha\u00e7\u00f5es. \u201cTinha isso mesmo. Era humilhante demais\u201d, afirmou uma testemunha.<\/p>\n<h2 class=\"wp-block-heading\">Repercuss\u00e3o<\/h2>\n<p>A reportagem entrou em contato com Mario C\u00e9sar, que at\u00e9 o momento n\u00e3o retornou as mensagens solicitando coment\u00e1rios sobre o caso. A pr\u00f3xima audi\u00eancia dever\u00e1 trazer novos desdobramentos e possivelmente avan\u00e7ar para uma resolu\u00e7\u00e3o do conflito.<\/p>\n<p>Zagallo, uma figura lend\u00e1ria no futebol brasileiro, continua a ser lembrado por suas contribui\u00e7\u00f5es ao esporte, mesmo ap\u00f3s sua morte. No entanto, as disputas em torno de seu legado complicam a mem\u00f3ria deixada pelo t\u00e9cnico.<\/p>\n<p>Fique atento para mais atualiza\u00e7\u00f5es \u00e0 medida que a data da pr\u00f3xima audi\u00eancia se aproxima e novos detalhes v\u00eam \u00e0 tona.<\/p>\n<\/p><\/div>\n<p><br \/>\n<br \/><a href=\"https:\/\/terrabrasilnoticias.com\/2024\/08\/ex-cuidadora-processa-filho-de-zagallo-por-assedio-moral-e-rejeita-oferta-de-r-18-mil-entenda\/\">Source link <\/a><\/p>","protected":false},"excerpt":{"rendered":"<p>Foto: rep\/ instagram A ex-enfermeira de Zagallo, falecido em janeiro deste ano, continua sua batalha na justi\u00e7a por v\u00ednculo empregat\u00edcio e horas extras. O lit\u00edgio atraiu aten\u00e7\u00e3o ap\u00f3s a morte&hellip;<\/p>","protected":false},"author":1,"featured_media":15044,"comment_status":"closed","ping_status":"open","sticky":false,"template":"","format":"standard","meta":{"content-type":"","footnotes":""},"categories":[16],"tags":[],"class_list":["post-15043","post","type-post","status-publish","format-standard","has-post-thumbnail","hentry","category-noticias"],"_links":{"self":[{"href":"https:\/\/tvbrazilusa.com\/pt\/wp-json\/wp\/v2\/posts\/15043","targetHints":{"allow":["GET"]}}],"collection":[{"href":"https:\/\/tvbrazilusa.com\/pt\/wp-json\/wp\/v2\/posts"}],"about":[{"href":"https:\/\/tvbrazilusa.com\/pt\/wp-json\/wp\/v2\/types\/post"}],"author":[{"embeddable":true,"href":"https:\/\/tvbrazilusa.com\/pt\/wp-json\/wp\/v2\/users\/1"}],"replies":[{"embeddable":true,"href":"https:\/\/tvbrazilusa.com\/pt\/wp-json\/wp\/v2\/comments?post=15043"}],"version-history":[{"count":1,"href":"https:\/\/tvbrazilusa.com\/pt\/wp-json\/wp\/v2\/posts\/15043\/revisions"}],"predecessor-version":[{"id":15045,"href":"https:\/\/tvbrazilusa.com\/pt\/wp-json\/wp\/v2\/posts\/15043\/revisions\/15045"}],"wp:featuredmedia":[{"embeddable":true,"href":"https:\/\/tvbrazilusa.com\/pt\/wp-json\/wp\/v2\/media\/15044"}],"wp:attachment":[{"href":"https:\/\/tvbrazilusa.com\/pt\/wp-json\/wp\/v2\/media?parent=15043"}],"wp:term":[{"taxonomy":"category","embeddable":true,"href":"https:\/\/tvbrazilusa.com\/pt\/wp-json\/wp\/v2\/categories?post=15043"},{"taxonomy":"post_tag","embeddable":true,"href":"https:\/\/tvbrazilusa.com\/pt\/wp-json\/wp\/v2\/tags?post=15043"}],"curies":[{"name":"wp","href":"https:\/\/api.w.org\/{rel}","templated":true}]}}