{"id":15129,"date":"2024-08-02T12:59:01","date_gmt":"2024-08-02T12:59:01","guid":{"rendered":"https:\/\/tvbrazilusa.com\/2024\/08\/02\/quem-e-a-boxeadora-italiana-angela-carini-e-por-que-ela-desistiu-da-luta-contra-imane-khelif\/"},"modified":"2024-08-02T13:03:56","modified_gmt":"2024-08-02T13:03:56","slug":"quem-e-a-boxeadora-italiana-angela-carini-e-por-que-ela-desistiu-da-luta-contra-imane-khelif","status":"publish","type":"post","link":"https:\/\/tvbrazilusa.com\/pt\/2024\/08\/02\/quem-e-a-boxeadora-italiana-angela-carini-e-por-que-ela-desistiu-da-luta-contra-imane-khelif\/","title":{"rendered":"Quem \u00e9 a boxeadora italiana Angela Carini e por que ela desistiu da luta contra Imane Khelif?"},"content":{"rendered":"<p> <script async src=\"https:\/\/pagead2.googlesyndication.com\/pagead\/js\/adsbygoogle.js?client=ca-pub-8864793242727901\"\r\n     crossorigin=\"anonymous\"><\/script><br \/>\n<\/p>\n<div id=\"\">\n<header class=\"m-article-header m-article-header--standard\">\n\t\t\t\t\t\t\t\t\t\t\t\t<span id=\"article-header-primary-term\"><br \/>\n\t\t\t\t\t\t\t\t<a class=\"a-term a-term--primary\" href=\"https:\/\/www.boston.com\/tag\/sports-news\/\"><\/p>\n<p>\t\t\t\t\t\t\t\tNot\u00edcias esportivas\t\t\t\t\t\t\t\t<\/a><br \/>\n\t\t\t\t\t\t\t<\/span><\/p>\n<h2 class=\"m-article-header__sub-headline\">\u201cToda essa controv\u00e9rsia me deixa triste.\u201d<\/h2>\n<figure class=\"a-photo m-article-header__photo\"><figcaption class=\"a-photo__caption\">\n<p>\tA italiana Angela Carini reage ap\u00f3s abandonar sua luta contra a argelina Imane Khelif na luta preliminar de boxe feminino de 66 kg nas Olimp\u00edadas de Ver\u00e3o de 2024, quinta-feira, 1\u00ba de agosto de 2024, em Paris, Fran\u00e7a.<em> AP Photo \/ John Locher<\/em>\t<\/figcaption><\/figure>\n<div class=\"m-article-header__meta\">\n<div class=\"m-article-header__byline\">\n<p class=\"m-article-header__author\">\n<p>\t\t\t\t\t\t\t\tPor ANDREW DAMPF, Associated Press\t\t\t\t\t\t\t<\/p>\n<p>\t\t\t\t\t\t    \t\t\t\t\t\t\t<time class=\"m-article-header__date\"><\/p>\n<p>        \t\t\t\t\t\t\t2 de agosto de 2024 | 8h59    \t\t\t\t\t\t\t<\/time><\/p><\/div>\n<\/p><\/div>\n<\/header>\n<p>PARIS (AP) \u2014 A boxeadora italiana Angela Carini veio <a href=\"https:\/\/www.boston.com\/tag\/2024-olympics\/\">as Olimp\u00edadas de Paris<\/a> buscando uma medalha para homenagear seu falecido pai e treinador, que morreu logo ap\u00f3s sua participa\u00e7\u00e3o nos Jogos de T\u00f3quio, tr\u00eas anos atr\u00e1s.<\/p>\n<p>Mas a performance de Carini em Paris durou apenas 46 segundos na quinta-feira, antes de ela abandonar sua luta contra a oponente argelina Imane Khelif, com uma mancha de sangue em seu cal\u00e7\u00e3o.<\/p>\n<p>Embora Carini tenha dito que n\u00e3o estava fazendo uma declara\u00e7\u00e3o pol\u00edtica sobre Khelif, que foi desclassificado do campeonato mundial do ano passado ap\u00f3s ser reprovado em um teste de elegibilidade de g\u00eanero n\u00e3o especificado, a atitude reabriu o debate sobre o status de Khelif.<\/p>\n<p>Carini, de 25 anos, compete na categoria de 66 quilos (145,5 libras), tamb\u00e9m conhecida como peso m\u00e9dio. Ela ganhou medalhas de prata nos campeonatos mundial e europeu em 2019.<\/p>\n<p>Ela tamb\u00e9m foi medalhista de ouro no campeonato europeu juvenil. Ela perdeu sua luta de abertura em T\u00f3quio.<\/p>\n<p>O apelido de Carini, \u201ctigre\u201d, foi dado a ela por seu pai, Giuseppe.<\/p>\n<p>Carini foi campe\u00e3 italiana de tiro ao prato antes de mudar para <a href=\"https:\/\/www.boston.com\/tag\/boxing\/\">boxe<\/a>. Ela decidiu seguir o irm\u00e3o, que tamb\u00e9m trocou o tiro pelo boxe.<\/p>\n<p>\u201cMeu irm\u00e3o e meu pai me ensinaram boxe\u201d, disse Carini. \u201cDevo tudo a eles.\u201d<\/p>\n<p>Carini trocou alguns socos r\u00e1pidos antes de abandonar sua luta \u2014 uma ocorr\u00eancia extremamente rara no boxe ol\u00edmpico. Carini n\u00e3o apertou a m\u00e3o de Khelif depois que o \u00e1rbitro a levantou formalmente. Ela chorou no ringue depois de cair de joelhos.<\/p>\n<p>Suas a\u00e7\u00f5es desencadearam uma discuss\u00e3o muito al\u00e9m de Paris sobre se Khelif deveria ter sido autorizada a competir ap\u00f3s falhar em um teste de elegibilidade de g\u00eanero n\u00e3o especificado da agora banida International Boxing Association. A premi\u00ea italiana Giorgia Meloni discutiu a quest\u00e3o com o presidente do COI, Thomas Bach, durante uma reuni\u00e3o em Paris na sexta-feira.<\/p>\n<p>O COI defendeu repetidamente o direito de Khelf de competir esta semana.<\/p>\n<p>\u201cApesar de nossos pedidos por certezas e garantias, tanto para a seguran\u00e7a de nossos atletas quanto para a regularidade da competi\u00e7\u00e3o, eles confirmaram que (Khelif) est\u00e1 dentro desses par\u00e2metros\u201d, disse o presidente do Comit\u00ea Ol\u00edmpico Italiano, Giovanni Malag\u00f2.<\/p>\n<p>Depois, Carini, ainda em l\u00e1grimas, disse que desistiu por causa da dor dos socos iniciais de Khelif, acrescentando que seu nariz sangrou depois.<\/p>\n<p>\u201cMeu rosto e meu nariz estavam doendo\u201d, disse Carini, de acordo com o di\u00e1rio esportivo italiano Gazzetta dello Sport. \u201cEu n\u00e3o conseguia mais respirar. Pensei na minha fam\u00edlia, olhei para meu irm\u00e3o nas arquibancadas e fui para o meu canto para me retirar. \u2026 Nunca fui atingido por um soco t\u00e3o poderoso.\u201d<\/p>\n<p>Carini acrescentou que n\u00e3o foi uma atitude premeditada.<\/p>\n<p>\u201cToda essa controv\u00e9rsia me deixa triste\u201d, disse Carini. \u201cSinto muito pela minha oponente tamb\u00e9m. \u2026 Se o COI disse que ela pode lutar, eu respeito essa decis\u00e3o.\u201d<\/p>\n<p>Carini se desculpou por n\u00e3o apertar a m\u00e3o de Khelif ap\u00f3s a luta.<\/p>\n<p>\u201cN\u00e3o era algo que eu pretendia fazer\u201d, disse Carini. \u201cNa verdade, quero me desculpar com ela e com todos os outros. Fiquei bravo porque minhas Olimp\u00edadas tinham virado fuma\u00e7a. N\u00e3o tenho nada contra Khelif. Na verdade, se eu a encontrasse novamente, eu a abra\u00e7aria.\u201d<\/p>\n<div class=\"m-block m-generic-cta\t m-generic-cta--post-content\t m-generic-cta--dark\t m-generic-cta--homepage\t m-generic-cta--email-signup\t\t m-generic-cta-block-style--default \tt-amp__generic-cta\"><\/p>\n<div class=\"m-generic-cta__wrap\">\n<div class=\"m-generic-cta__content\">\n<h3 class=\"m-generic-cta__title\">Receba as \u00faltimas not\u00edcias esportivas de Boston<\/h3>\n<p class=\"m-generic-cta__subtitle\">Receba atualiza\u00e7\u00f5es sobre seus times favoritos de Boston, diretamente da nossa reda\u00e7\u00e3o para sua caixa de entrada.<\/p>\n<\/p><\/div>\n<\/p><\/div>\n<\/div><\/div>\n<p><script>\n\t\tvar consent=\"grant\";\n\t\t\/* The above code is parsing the JSON data from the local storage and storing it in a variable. *\/\n\t\t\t\t\tconst onetrustStorageConsent = JSON.parse(localStorage.getItem( 'consent_one_trust_bdc' ) );\n\t\t\tif ( ( onetrustStorageConsent !== null ) ) {\n\t\t\t\t\/* Checking to see if the user has consented to the use of cookies.\n\t\t\t\t* If they have not, it is deleting the cookie.\n\t\t\t\t* This will comment for now, until further notice.\n\t\t\t\t*\/\n\t\t\t\t\/\/if ( onetrustStorageConsent.C0002 === false ) {\n\t\t\t\t\/\/\tdocument.cookie=\"_fbp=;expires=Thu, 01 Jan 2010 00:00:00 UTC; path=\/; domain=.boston.com\";\n\t\t\t\t\/\/}\n\t\t\t\t\/* Checking if the user has given consent for the cookie C0002.\n\t\t\t\t* If the user has given consent, the variable consent will be set to 'grant'.\n\t\t\t\t* If the user has not given consent,the variable consent will be set to 'revoke'.\n\t\t\t\t* Documentation https:\/\/developers.facebook.com\/docs\/meta-pixel\/implementation\/gdpr\n\t\t\t\t*\/\n\t\t\t\tif ( onetrustStorageConsent.C0002 !== true ) {\n\t\t\t\t\tconsent=\"revoke\";\n\t\t\t\t}\n\t\t\t}\n\t\t\t\t!function(f,b,e,v,n,t,s)\n\t\t{if(f.fbq)return;n=f.fbq=function(){n.callMethod?\n\t\tn.callMethod.apply(n,arguments):n.queue.push(arguments)};\n\t\tif(!f._fbq)f._fbq=n;n.push=n;n.loaded=!0;n.version='2.0';\n\t\tn.queue=[];t=b.createElement(e);t.async=!0;\n\t\tt.src=v;s=b.getElementsByTagName(e)[0];\n\t\ts.parentNode.insertBefore(t,s)}(window, document,'script',\n\t\t'https:\/\/connect.facebook.net\/en_US\/fbevents.js');\n\t\tfbq('consent', consent);\n\t\tfbq('init', '989222871864976');\n\t\tfbq('track', 'PageView');\n\t<\/script><script type=\"module\">\n\t\tvar consent=\"grant\";\n\t\t\/* The above code is parsing the JSON data from the local storage and storing it in a variable. *\/\n\t\t\tconst onetrustStorageConsent = JSON.parse(localStorage.getItem( 'consent_one_trust_bdc' ) );\n\t\t\t\/* Checking to see if the user has consented to the use of cookies.\n\t\t\t* If they have not, it is deleting the cookie.\n\t\t\t* This will comment for now, until further notice.\n\t\t\t*\/\n\t\t\t\/\/if ( onetrustStorageConsent.C0002 === false ) {\n\t\t\t\/\/\tdocument.cookie=\"_fbp=;expires=Thu, 01 Jan 2010 00:00:00 UTC; path=\/; domain=.boston.com\";\n\t\t\t\/\/}\n\t\t\t\/* Checking if the user has given consent for the cookie C0002.\n\t\t\t* If the user has given consent, the variable consent will be set to 'grant'.\n\t\t\t* If the user has not given consent,the variable consent will be set to 'revoke'.\n\t\t\t* Documentation https:\/\/developers.facebook.com\/docs\/meta-pixel\/implementation\/gdpr\n\t\t\t*\/\n\t\t\tif ( ( onetrustStorageConsent !== null ) && (onetrustStorageConsent.C0002 !== true ) ) {\n\t\t\t\tconsent=\"revoke\";\n\t\t\t}\n\t\t\t\t!function(f,b,e,v,n,t,s){if(f.fbq)return;n=f.fbq=function()\n\t\t{n.callMethod? n.callMethod.apply(n,arguments):n.queue.push(arguments)}\n\t\t;if(!f._fbq)f._fbq=n;\n\t\tn.push=n;n.loaded=!0;n.version='2.0';n.queue=[];t=b.createElement(e);t.async=!0;\n\t\tt.src=v;s=b.getElementsByTagName(e)[0];s.parentNode.insertBefore(t,s)}(window,\n\t\tdocument,'script','https:\/\/connect.facebook.net\/en_US\/fbevents.js');\n\t\tfbq('consent', consent);\n\t\tfbq('init', '813236348753005');\n\t\tfbq('track', \"PageView\");\n\t<\/script><br \/>\n<br \/><br \/>\n<br \/><a href=\"https:\/\/www.boston.com\/sports\/sports-news\/2024\/08\/02\/italian-boxer-angela-carini-quit-fight-against-imane-khelif\/\">Source link <\/a><\/p>","protected":false},"excerpt":{"rendered":"<p>Not\u00edcias esportivas \u201cToda essa controv\u00e9rsia me deixa triste.\u201d A italiana Angela Carini reage ap\u00f3s abandonar sua luta contra a argelina Imane Khelif na luta preliminar de boxe feminino de 66&hellip;<\/p>","protected":false},"author":1,"featured_media":15130,"comment_status":"closed","ping_status":"open","sticky":false,"template":"","format":"standard","meta":{"content-type":"","footnotes":""},"categories":[1],"tags":[],"class_list":["post-15129","post","type-post","status-publish","format-standard","has-post-thumbnail","hentry","category-uncategorized"],"_links":{"self":[{"href":"https:\/\/tvbrazilusa.com\/pt\/wp-json\/wp\/v2\/posts\/15129","targetHints":{"allow":["GET"]}}],"collection":[{"href":"https:\/\/tvbrazilusa.com\/pt\/wp-json\/wp\/v2\/posts"}],"about":[{"href":"https:\/\/tvbrazilusa.com\/pt\/wp-json\/wp\/v2\/types\/post"}],"author":[{"embeddable":true,"href":"https:\/\/tvbrazilusa.com\/pt\/wp-json\/wp\/v2\/users\/1"}],"replies":[{"embeddable":true,"href":"https:\/\/tvbrazilusa.com\/pt\/wp-json\/wp\/v2\/comments?post=15129"}],"version-history":[{"count":1,"href":"https:\/\/tvbrazilusa.com\/pt\/wp-json\/wp\/v2\/posts\/15129\/revisions"}],"predecessor-version":[{"id":15131,"href":"https:\/\/tvbrazilusa.com\/pt\/wp-json\/wp\/v2\/posts\/15129\/revisions\/15131"}],"wp:featuredmedia":[{"embeddable":true,"href":"https:\/\/tvbrazilusa.com\/pt\/wp-json\/wp\/v2\/media\/15130"}],"wp:attachment":[{"href":"https:\/\/tvbrazilusa.com\/pt\/wp-json\/wp\/v2\/media?parent=15129"}],"wp:term":[{"taxonomy":"category","embeddable":true,"href":"https:\/\/tvbrazilusa.com\/pt\/wp-json\/wp\/v2\/categories?post=15129"},{"taxonomy":"post_tag","embeddable":true,"href":"https:\/\/tvbrazilusa.com\/pt\/wp-json\/wp\/v2\/tags?post=15129"}],"curies":[{"name":"wp","href":"https:\/\/api.w.org\/{rel}","templated":true}]}}