{"id":15140,"date":"2024-08-02T12:56:18","date_gmt":"2024-08-02T12:56:18","guid":{"rendered":"https:\/\/tvbrazilusa.com\/2024\/08\/02\/milhares-foram-presos-em-protestos-universitarios-para-os-estudantes-as-consequencias-estavam-apenas-comecando-2\/"},"modified":"2024-08-02T13:18:58","modified_gmt":"2024-08-02T13:18:58","slug":"milhares-foram-presos-em-protestos-universitarios-para-os-estudantes-as-consequencias-estavam-apenas-comecando-2","status":"publish","type":"post","link":"https:\/\/tvbrazilusa.com\/pt\/2024\/08\/02\/milhares-foram-presos-em-protestos-universitarios-para-os-estudantes-as-consequencias-estavam-apenas-comecando-2\/","title":{"rendered":"Milhares foram presos em protestos universit\u00e1rios. Para os estudantes, as consequ\u00eancias estavam apenas come\u00e7ando."},"content":{"rendered":"<p> <script async src=\"https:\/\/pagead2.googlesyndication.com\/pagead\/js\/adsbygoogle.js?client=ca-pub-8864793242727901\"\r\n     crossorigin=\"anonymous\"><\/script><br \/>\n<\/p>\n<div id=\"\">\n<header class=\"m-article-header m-article-header--standard\">\n\t\t\t\t\t\t\t\t\t\t\t\t<span id=\"article-header-primary-term\"><br \/>\n\t\t\t\t\t\t\t\t<a class=\"a-term a-term--primary\" href=\"https:\/\/www.boston.com\/tag\/schools\/\"><\/p>\n<p>\t\t\t\t\t\t\t\tEscolas\t\t\t\t\t\t\t\t<\/a><br \/>\n\t\t\t\t\t\t\t<\/span><\/p>\n<h2 class=\"m-article-header__sub-headline\">No campus da UMass em Amherst, os estudantes relembraram uma manifesta\u00e7\u00e3o pac\u00edfica com canto e dan\u00e7a antes da chegada da pol\u00edcia.<\/h2>\n<figure class=\"a-photo m-article-header__photo\"><figcaption class=\"a-photo__caption\">\n<p>\tPoliciais do Departamento de Pol\u00edcia Metropolitana usam spray de pimenta em manifestantes na Universidade George Washington, em Washington, em 8 de maio de 2024. <em> Sage Russell\/GW Hatchet via AP, Arquivo<\/em>\t<\/figcaption><\/figure>\n<div class=\"m-article-header__meta\">\n<div class=\"m-article-header__byline\">\n<p class=\"m-article-header__author\">\n<p>\t\t\t\t\t\t\t\tPor NAMU SAMPATH do The Springfield Republican, MONICA OBRADOVIC do The St. Louis Post-Dispatch, HILARY BURNS do The Boston Globe e CHRISTOPHER L. KELLER da The Associated Press, Associated Press\t\t\t\t\t\t\t<\/p>\n<p>\t\t\t\t\t\t    \t\t\t\t\t\t\t<time class=\"m-article-header__date\"><\/p>\n<p>        \t\t\t\t\t\t\t2 de agosto de 2024 | 8h56    \t\t\t\t\t\t\t<\/time><\/p><\/div>\n<\/p><\/div>\n<\/header>\n<p>AMHERST, Massachusetts (AP) \u2014 Desde sua pris\u00e3o em um protesto no <a href=\"https:\/\/www.boston.com\/tag\/umass\/\">Universidade de Massachusetts<\/a>Annie McGrew tem oscilado entre dois conjuntos de audi\u00eancias: uma pelas acusa\u00e7\u00f5es de contraven\u00e7\u00e3o que ela enfrenta no tribunal e outra por viola\u00e7\u00f5es do c\u00f3digo de conduta da faculdade.<\/p>\n<p>Isso impediu que a estudante de p\u00f3s-gradua\u00e7\u00e3o trabalhasse para terminar sua disserta\u00e7\u00e3o em economia.<\/p>\n<p>\u201cForam alguns meses realmente dif\u00edceis para mim desde minha pris\u00e3o\u201d, disse McGrew. \u201cEu nunca imaginei que isso fosse <a href=\"https:\/\/www.boston.com\/news\/local-news\/2024\/07\/09\/four-umass-students-sent-to-diversion-program-as-hearings-begin-for-encampment-arrests\/\">como a UMass (administra\u00e7\u00e3o) responderia<\/a>.\u201d<\/p>\n<p><a href=\"https:\/\/www.boston.com\/news\/national-news\/2024\/07\/22\/campus-protests-led-to-more-than-3100-arrests-but-many-charges-have-been-dropped\/\">Cerca de 3.200 pessoas foram presas<\/a> nesta primavera durante uma onda de acampamentos de tendas pr\u00f3-palestinos protestando contra a guerra em Gaza. Enquanto algumas faculdades acabaram com as manifesta\u00e7\u00f5es fechando acordos com os estudantes, ou simplesmente os esperaram, outras chamaram a pol\u00edcia quando os manifestantes se recusaram a sair.<\/p>\n<p>Muitos estudantes j\u00e1 viram essas acusa\u00e7\u00f5es serem rejeitadas. Mas os casos ainda precisam ser resolvidos para centenas de pessoas em campi que viram o maior n\u00famero de pris\u00f5es, de acordo com uma an\u00e1lise de dados coletados pela The Associated Press e reda\u00e7\u00f5es parceiras.<\/p>\n<p>Junto com o limbo legal, esses alunos enfrentam incertezas em suas carreiras acad\u00eamicas. Alguns permanecem firmes, dizendo que teriam tomado as mesmas decis\u00f5es de protestar mesmo se soubessem das consequ\u00eancias. Outros lutaram com as consequ\u00eancias das pris\u00f5es, alimentando d\u00favidas sobre se deveriam permanecer matriculados na faculdade.<\/p>\n<figure class=\"wp-block-image size-full\"><img loading=\"lazy\" decoding=\"async\" width=\"2560\" height=\"1707\" src=\"https:\/\/bdc2020.o0bc.com\/wp-content\/uploads\/2024\/08\/AP24210562150745-66acd3fc52668-scaled.jpg\" alt=\"Valencia Alvarez posa para um retrato do lado de fora da Universidade de Washington, em St. Louis.\" class=\"wp-image-31036066\" srcset=\"https:\/\/bdc2020.o0bc.com\/wp-content\/uploads\/2024\/08\/AP24210562150745-66acd3fc52668-scaled.jpg?width=200 200w, https:\/\/bdc2020.o0bc.com\/wp-content\/uploads\/2024\/08\/AP24210562150745-66acd3fc52668-scaled.jpg?width=300 300w, https:\/\/bdc2020.o0bc.com\/wp-content\/uploads\/2024\/08\/AP24210562150745-66acd3fc52668-scaled.jpg?width=400 400w, https:\/\/bdc2020.o0bc.com\/wp-content\/uploads\/2024\/08\/AP24210562150745-66acd3fc52668-scaled.jpg?width=500 500w, https:\/\/bdc2020.o0bc.com\/wp-content\/uploads\/2024\/08\/AP24210562150745-66acd3fc52668-scaled.jpg?width=600 600w, https:\/\/bdc2020.o0bc.com\/wp-content\/uploads\/2024\/08\/AP24210562150745-66acd3fc52668-scaled.jpg?width=700 700w, https:\/\/bdc2020.o0bc.com\/wp-content\/uploads\/2024\/08\/AP24210562150745-66acd3fc52668-scaled.jpg?width=800 800w, https:\/\/bdc2020.o0bc.com\/wp-content\/uploads\/2024\/08\/AP24210562150745-66acd3fc52668-scaled.jpg?width=900 900w\" sizes=\"auto, (max-width: 2560px) 100vw, 2560px\"\/><figcaption class=\"wp-element-caption\">Valencia Alvarez posa para um retrato, sexta-feira, 26 de julho de 2024, em uma cal\u00e7ada p\u00fablica em frente \u00e0 Universidade de Washington, em St. Louis. <i> \u2013 Laurie Skrivan\/St. Louis Post-Dispatch via AP<\/i><\/figcaption><\/figure>\n<p>Em St. Louis, Valencia Alvarez est\u00e1 esperando para saber o que acontecer\u00e1 com as poss\u00edveis acusa\u00e7\u00f5es que ela e outras 99 pessoas podem enfrentar por um protesto em 27 de abril que durou menos de meio dia na Universidade de Washington.<\/p>\n<p>Vinte e tr\u00eas dos presos eram estudantes. Em junho, a universidade deu a eles duas op\u00e7\u00f5es: eles poderiam enfrentar uma audi\u00eancia com o Escrit\u00f3rio de Conduta Estudantil, ou poderiam \u201caceitar a responsabilidade\u201d e abrir m\u00e3o de mais investiga\u00e7\u00f5es. Alvarez escolheu a primeira op\u00e7\u00e3o.<\/p>\n<p>\u201cN\u00e3o pretendo ficar quieto sobre isso, e acho que esse \u00e9 o objetivo da segunda op\u00e7\u00e3o\u201d, disse Alvarez.<\/p>\n<p>As manifesta\u00e7\u00f5es varreram universidades p\u00fablicas e privadas, em campi grandes e pequenos, urbanos e rurais. Conforme os estudantes retornam neste outono, as faculdades est\u00e3o se preparando para mais protestos contra os militares de Israel e o Hamas, e elaborando estrat\u00e9gias sobre t\u00e1ticas, incluindo quando chamar a pol\u00edcia \u2014 decis\u00f5es que tiveram reverbera\u00e7\u00f5es duradouras.<\/p>\n<p>Alguns l\u00edderes universit\u00e1rios disseram que chamar a pol\u00edcia era a \u00fanica op\u00e7\u00e3o para acabar com os protestos que atrapalhavam as cerim\u00f4nias de formatura, perturbavam a vida no campus e inclu\u00edam casos de cartazes e linguagem antissemita.<\/p>\n<p>Grupos de estudantes e alguns membros do corpo docente criticaram duramente os l\u00edderes universit\u00e1rios por convidarem a pol\u00edcia para dentro de seus port\u00f5es. Na vis\u00e3o deles, as a\u00e7\u00f5es policiais frequentemente atropelavam manifesta\u00e7\u00f5es pac\u00edficas com n\u00edveis desnecess\u00e1rios de for\u00e7a.<\/p>\n<p>A grande maioria dos casos contra os manifestantes \u2014 variando de estudantes e professores a pessoas sem qualquer v\u00ednculo com as faculdades \u2014 envolve delitos ou acusa\u00e7\u00f5es de menor import\u00e2ncia. Exemplos incluem invas\u00e3o de propriedade, falha em dispersar, conduta desordeira e resist\u00eancia \u00e0 pris\u00e3o.<\/p>\n<p>Acusa\u00e7\u00f5es mais s\u00e9rias foram feitas contra manifestantes que ocuparam um pr\u00e9dio do campus da Universidade de Columbia, onde alguns foram presos inicialmente por acusa\u00e7\u00f5es de invas\u00e3o de propriedade. Essas foram rebaixadas para contraven\u00e7\u00f5es, e dezenas de estudantes tiveram suas acusa\u00e7\u00f5es retiradas. Em uma decis\u00e3o criticada por grupos judaicos, os promotores disseram que havia falta de evid\u00eancias que os ligassem a atos de danos \u00e0 propriedade, e nenhum dos estudantes tinha antecedentes criminais.<\/p>\n<p>Promotores em v\u00e1rias cidades ainda est\u00e3o avaliando se devem prosseguir com as acusa\u00e7\u00f5es. Mas, em muitos casos, as autoridades indicaram que n\u00e3o pretendem prosseguir com viola\u00e7\u00f5es de baixo n\u00edvel, de acordo com a revis\u00e3o da AP de dados sobre campi com pelo menos 100 pris\u00f5es.<\/p>\n<p>No norte do estado de Nova York, o promotor p\u00fablico do Condado de Ulster pediu aos ju\u00edzes que rejeitassem 129 casos decorrentes de pris\u00f5es na Universidade Estadual de Nova York, em New Paltz.<\/p>\n<p>\u201cConclu\u00ed que \u00e9 melhor rejeitar essas acusa\u00e7\u00f5es agora e isentar todos os envolvidos e os tribunais de quaisquer encargos, despesas e gastos adicionais de escassos recursos p\u00fablicos e judiciais\u201d, escreveu o promotor p\u00fablico Emmanuel Nneji em junho.<\/p>\n<p>Estudantes de New Paltz disseram que estavam sentados com os bra\u00e7os entrela\u00e7ados quando os policiais os levaram embora em 2 de maio.<\/p>\n<p>\u201cFoi tratado de forma muito brutal\u201d, disse Maddison Tirado, um estudante cuja acusa\u00e7\u00e3o de invas\u00e3o foi rejeitada. Tirado disse que os manifestantes foram tratados como se as autoridades os vissem \u201ccomo pequenos terroristas correndo por a\u00ed\u201d.<\/p>\n<p>Um estudante manifestante, Ezra Baptist, disse que foi levado para um hospital com uma concuss\u00e3o e um corte ap\u00f3s ser jogado para frente e bater a cabe\u00e7a durante sua pris\u00e3o por policiais estaduais. Ele deveria evitar olhar para telas por causa de seu ferimento e n\u00e3o conseguiu concluir uma aula que precisava para se formar em maio.<\/p>\n<p>A pol\u00edcia estadual disse que se algu\u00e9m acredita que os policiais agiram de forma inapropriada, eles devem registrar uma queixa para que isso possa ser investigado. Outra ag\u00eancia policial no local, o gabinete do xerife do condado, disse que os policiais mostraram conten\u00e7\u00e3o e que um policial ficou ferido quando os manifestantes atiraram garrafas.<\/p>\n<p>As tens\u00f5es aumentaram nos campi universit\u00e1rios desde 7 de outubro, quando militantes do Hamas atacaram o sul de Israel e mataram 1.200 pessoas, a maioria civis, e fizeram cerca de 250 ref\u00e9ns. A ofensiva de Israel matou mais de 39.000 palestinos, de acordo com autoridades de sa\u00fade locais.<\/p>\n<p>Para alguns estudantes, o impacto em suas carreiras acad\u00eamicas os afetou mais do que qualquer risco legal.<\/p>\n<p>Na Washington University, audi\u00eancias de conduta para alunos presos come\u00e7aram recentemente, mas ainda n\u00e3o resultaram em decis\u00f5es disciplinares. Enquanto isso, Alvarez n\u00e3o tem o t\u00edtulo de mestre em sa\u00fade p\u00fablica que ela teria recebido at\u00e9 agora se n\u00e3o fosse por sua pris\u00e3o.<\/p>\n<p>Alvarez, que espera se ramificar em justi\u00e7a social e organiza\u00e7\u00e3o comunit\u00e1ria, disse que n\u00e3o se arrepende. Mas isso n\u00e3o quer dizer que o protesto n\u00e3o teve um custo.<\/p>\n<p>\u201cEu quero esse diploma\u201d, disse Alvarez. \u201cTrabalhei em quatro empregos durante meus dois anos na Wash U para poder pagar a mensalidade sem precisar fazer empr\u00e9stimos.\u201d<\/p>\n<p>No <a href=\"https:\/\/www.boston.com\/tag\/emerson-college\/\">Faculdade Emerson<\/a> em Boston, 118 pessoas foram presas quando a pol\u00edcia foi solicitada a aplicar uma portaria municipal contra acampar em propriedade p\u00fablica. Todos foram acusados \u200b\u200bde perturbar a paz e receberam &#8220;desvio pr\u00e9-acusa\u00e7\u00e3o&#8221;, o que significa que nenhuma acusa\u00e7\u00e3o ser\u00e1 apresentada em troca de 40 horas de servi\u00e7o comunit\u00e1rio, disseram os promotores.<\/p>\n<p>Owen Buxton, um aluno da Emerson, disse que sofreu uma concuss\u00e3o quando a pol\u00edcia o empurrou contra uma est\u00e1tua de bronze. Foi sua segunda pris\u00e3o do semestre por protestar contra a guerra em Gaza. A experi\u00eancia tornou dif\u00edcil para ele se concentrar ou participar das aulas.<\/p>\n<p>\u201cIsso sufocou toda a minha criatividade \u2014 n\u00e3o fiz nada por meses, o que n\u00e3o \u00e9 t\u00edpico de mim\u201d, disse Buxton, um cineasta.<\/p>\n<p>Emerson permitiu que os alunos fizessem o teste de aprova\u00e7\u00e3o\/reprova\u00e7\u00e3o ap\u00f3s uma onda de protestos em rela\u00e7\u00e3o \u00e0s pris\u00f5es.<\/p>\n<p>Um porta-voz do Departamento de Pol\u00edcia de Boston disse que qualquer pessoa com preocupa\u00e7\u00f5es pode registrar queixas no escrit\u00f3rio de assuntos internos. O departamento disse anteriormente que n\u00e3o houve feridos durante as pris\u00f5es de Emerson.<\/p>\n<p>No campus da UMass em Amherst, os estudantes relembraram uma manifesta\u00e7\u00e3o pac\u00edfica com canto e dan\u00e7a antes da chegada da pol\u00edcia. Foi o segundo acampamento de tendas que os estudantes montaram naquela semana. O chanceler da UMass, Javier Reyes, disse que ordenou a varredura depois que as discuss\u00f5es com os manifestantes fracassaram.<\/p>\n<p>\u201cDeixe-me ser claro: envolver a pol\u00edcia \u00e9 o \u00faltimo recurso absoluto\u201d, escreveu Reyes \u00e0 comunidade do campus.<\/p>\n<p>A resposta da pol\u00edcia, incluindo 117 ve\u00edculos policiais no campus, deixou os manifestantes inquietos. McGrew se lembra de ver policiais com equipamento antimotim correndo em dire\u00e7\u00e3o \u00e0 multid\u00e3o de estudantes. Um total de 134 pessoas foram presas.<\/p>\n<p>Enquanto os presos eram processados \u200b\u200bna arena esportiva da universidade, o estudante de p\u00f3s-gradua\u00e7\u00e3o Charles Sullivan, que \u00e9 transg\u00eanero, disse que eles se sentiram humilhados pela pol\u00edcia do campus. Um policial, disse Sullivan, os for\u00e7ou a descrever em voz alta suas genit\u00e1lias para ter acesso a um banheiro.<\/p>\n<p>Sullivan decidiu deixar a universidade para continuar seus estudos, em parte por causa da pris\u00e3o. Concluindo um mestrado em antropologia, Sullivan se mudar\u00e1 para Ohio no outono para fazer um Ph.D., em vez de continuar na UMass.<\/p>\n<p>\u201cAcho que estou pronto para sair deste lugar\u201d, disse Sullivan.<\/p>\n<p>Muitas organiza\u00e7\u00f5es do campus repreenderam Reyes por mobilizar a pol\u00edcia, incluindo o senado docente da UMass, que aprovou um voto de desconfian\u00e7a contra o chanceler.<\/p>\n<p>Em junho, Reyes anunciou uma for\u00e7a-tarefa para revisar as pol\u00edticas do campus sobre manifesta\u00e7\u00f5es, incluindo a pol\u00edtica de uso do solo que muitos presos foram acusados \u200b\u200bde violar.<\/p>\n<p>O grupo est\u00e1 apenas come\u00e7ando seu trabalho, disse Anthony Paik, membro do senado da faculdade e copresidente da for\u00e7a-tarefa. Teria mais informa\u00e7\u00f5es at\u00e9 o final de agosto, disse ele, pouco antes do in\u00edcio do novo ano letivo.<\/p>\n<p><em>Os escritores da Associated Press Jake Offenhartz em Nova York, Michael Hill em Albany, Nova York, e Michael Melia em Hartford, Connecticut, contribu\u00edram para esta reportagem.<\/em><\/p>\n<div class=\"m-block m-generic-cta\t m-generic-cta--post-content\t m-generic-cta--dark\t m-generic-cta--homepage\t m-generic-cta--email-signup\t\t m-generic-cta-block-style--default \tt-amp__generic-cta\"><\/p>\n<div class=\"m-generic-cta__wrap\">\n<div class=\"m-generic-cta__content\">\n<h3 class=\"m-generic-cta__title\">Alertas de not\u00edcias extras<\/h3>\n<p class=\"m-generic-cta__subtitle\">Receba atualiza\u00e7\u00f5es de \u00faltima hora assim que elas acontecerem.<\/p>\n<\/p><\/div>\n<\/p><\/div>\n<\/div><\/div>\n<p><script>\n\t\tvar consent=\"grant\";\n\t\t\/* The above code is parsing the JSON data from the local storage and storing it in a variable. *\/\n\t\t\t\t\tconst onetrustStorageConsent = JSON.parse(localStorage.getItem( 'consent_one_trust_bdc' ) );\n\t\t\tif ( ( onetrustStorageConsent !== null ) ) {\n\t\t\t\t\/* Checking to see if the user has consented to the use of cookies.\n\t\t\t\t* If they have not, it is deleting the cookie.\n\t\t\t\t* This will comment for now, until further notice.\n\t\t\t\t*\/\n\t\t\t\t\/\/if ( onetrustStorageConsent.C0002 === false ) {\n\t\t\t\t\/\/\tdocument.cookie=\"_fbp=;expires=Thu, 01 Jan 2010 00:00:00 UTC; path=\/; domain=.boston.com\";\n\t\t\t\t\/\/}\n\t\t\t\t\/* Checking if the user has given consent for the cookie C0002.\n\t\t\t\t* If the user has given consent, the variable consent will be set to 'grant'.\n\t\t\t\t* If the user has not given consent,the variable consent will be set to 'revoke'.\n\t\t\t\t* Documentation https:\/\/developers.facebook.com\/docs\/meta-pixel\/implementation\/gdpr\n\t\t\t\t*\/\n\t\t\t\tif ( onetrustStorageConsent.C0002 !== true ) {\n\t\t\t\t\tconsent=\"revoke\";\n\t\t\t\t}\n\t\t\t}\n\t\t\t\t!function(f,b,e,v,n,t,s)\n\t\t{if(f.fbq)return;n=f.fbq=function(){n.callMethod?\n\t\tn.callMethod.apply(n,arguments):n.queue.push(arguments)};\n\t\tif(!f._fbq)f._fbq=n;n.push=n;n.loaded=!0;n.version='2.0';\n\t\tn.queue=[];t=b.createElement(e);t.async=!0;\n\t\tt.src=v;s=b.getElementsByTagName(e)[0];\n\t\ts.parentNode.insertBefore(t,s)}(window, document,'script',\n\t\t'https:\/\/connect.facebook.net\/en_US\/fbevents.js');\n\t\tfbq('consent', consent);\n\t\tfbq('init', '989222871864976');\n\t\tfbq('track', 'PageView');\n\t<\/script><script type=\"module\">\n\t\tvar consent=\"grant\";\n\t\t\/* The above code is parsing the JSON data from the local storage and storing it in a variable. *\/\n\t\t\tconst onetrustStorageConsent = JSON.parse(localStorage.getItem( 'consent_one_trust_bdc' ) );\n\t\t\t\/* Checking to see if the user has consented to the use of cookies.\n\t\t\t* If they have not, it is deleting the cookie.\n\t\t\t* This will comment for now, until further notice.\n\t\t\t*\/\n\t\t\t\/\/if ( onetrustStorageConsent.C0002 === false ) {\n\t\t\t\/\/\tdocument.cookie=\"_fbp=;expires=Thu, 01 Jan 2010 00:00:00 UTC; path=\/; domain=.boston.com\";\n\t\t\t\/\/}\n\t\t\t\/* Checking if the user has given consent for the cookie C0002.\n\t\t\t* If the user has given consent, the variable consent will be set to 'grant'.\n\t\t\t* If the user has not given consent,the variable consent will be set to 'revoke'.\n\t\t\t* Documentation https:\/\/developers.facebook.com\/docs\/meta-pixel\/implementation\/gdpr\n\t\t\t*\/\n\t\t\tif ( ( onetrustStorageConsent !== null ) && (onetrustStorageConsent.C0002 !== true ) ) {\n\t\t\t\tconsent=\"revoke\";\n\t\t\t}\n\t\t\t\t!function(f,b,e,v,n,t,s){if(f.fbq)return;n=f.fbq=function()\n\t\t{n.callMethod? n.callMethod.apply(n,arguments):n.queue.push(arguments)}\n\t\t;if(!f._fbq)f._fbq=n;\n\t\tn.push=n;n.loaded=!0;n.version='2.0';n.queue=[];t=b.createElement(e);t.async=!0;\n\t\tt.src=v;s=b.getElementsByTagName(e)[0];s.parentNode.insertBefore(t,s)}(window,\n\t\tdocument,'script','https:\/\/connect.facebook.net\/en_US\/fbevents.js');\n\t\tfbq('consent', consent);\n\t\tfbq('init', '813236348753005');\n\t\tfbq('track', \"PageView\");\n\t<\/script><br \/>\n<br \/><br \/>\n<br \/><a href=\"https:\/\/www.boston.com\/news\/schools\/2024\/08\/02\/thousands-arrested-college-protests-students-fallout-only-beginning\/\">Source link <\/a><\/p>","protected":false},"excerpt":{"rendered":"<p>Escolas No campus da UMass em Amherst, os estudantes relembraram uma manifesta\u00e7\u00e3o pac\u00edfica com canto e dan\u00e7a antes da chegada da pol\u00edcia. Policiais do Departamento de Pol\u00edcia Metropolitana usam spray&hellip;<\/p>","protected":false},"author":1,"featured_media":15141,"comment_status":"closed","ping_status":"open","sticky":false,"template":"","format":"standard","meta":{"content-type":"","footnotes":""},"categories":[1],"tags":[],"class_list":["post-15140","post","type-post","status-publish","format-standard","has-post-thumbnail","hentry","category-uncategorized"],"_links":{"self":[{"href":"https:\/\/tvbrazilusa.com\/pt\/wp-json\/wp\/v2\/posts\/15140","targetHints":{"allow":["GET"]}}],"collection":[{"href":"https:\/\/tvbrazilusa.com\/pt\/wp-json\/wp\/v2\/posts"}],"about":[{"href":"https:\/\/tvbrazilusa.com\/pt\/wp-json\/wp\/v2\/types\/post"}],"author":[{"embeddable":true,"href":"https:\/\/tvbrazilusa.com\/pt\/wp-json\/wp\/v2\/users\/1"}],"replies":[{"embeddable":true,"href":"https:\/\/tvbrazilusa.com\/pt\/wp-json\/wp\/v2\/comments?post=15140"}],"version-history":[{"count":1,"href":"https:\/\/tvbrazilusa.com\/pt\/wp-json\/wp\/v2\/posts\/15140\/revisions"}],"predecessor-version":[{"id":15142,"href":"https:\/\/tvbrazilusa.com\/pt\/wp-json\/wp\/v2\/posts\/15140\/revisions\/15142"}],"wp:featuredmedia":[{"embeddable":true,"href":"https:\/\/tvbrazilusa.com\/pt\/wp-json\/wp\/v2\/media\/15141"}],"wp:attachment":[{"href":"https:\/\/tvbrazilusa.com\/pt\/wp-json\/wp\/v2\/media?parent=15140"}],"wp:term":[{"taxonomy":"category","embeddable":true,"href":"https:\/\/tvbrazilusa.com\/pt\/wp-json\/wp\/v2\/categories?post=15140"},{"taxonomy":"post_tag","embeddable":true,"href":"https:\/\/tvbrazilusa.com\/pt\/wp-json\/wp\/v2\/tags?post=15140"}],"curies":[{"name":"wp","href":"https:\/\/api.w.org\/{rel}","templated":true}]}}