{"id":15224,"date":"2024-08-02T14:50:00","date_gmt":"2024-08-02T14:50:00","guid":{"rendered":"https:\/\/tvbrazilusa.com\/2024\/08\/02\/conselho-de-advogados-do-mercosul-repudia-falta-de-transparencia-nas-eleicoes-da-venezuela-paulo-figueiredo\/"},"modified":"2024-08-02T14:50:46","modified_gmt":"2024-08-02T14:50:46","slug":"conselho-de-advogados-do-mercosul-repudia-falta-de-transparencia-nas-eleicoes-da-venezuela-paulo-figueiredo","status":"publish","type":"post","link":"https:\/\/tvbrazilusa.com\/pt\/2024\/08\/02\/conselho-de-advogados-do-mercosul-repudia-falta-de-transparencia-nas-eleicoes-da-venezuela-paulo-figueiredo\/","title":{"rendered":"Conselho de advogados do Mercosul repudia falta de transpar\u00eancia nas elei\u00e7\u00f5es da Venezuela &#8211; Paulo Figueiredo"},"content":{"rendered":"<p> <script async src=\"https:\/\/pagead2.googlesyndication.com\/pagead\/js\/adsbygoogle.js?client=ca-pub-8864793242727901\"\r\n     crossorigin=\"anonymous\"><\/script><br \/>\n<\/p>\n<div id=\"wtr-content\" data-bg=\"#FFFFFF\" data-fg=\"#006d91\" data-width=\"25\" data-mute=\"1\" data-fgopacity=\"1.00\" data-mutedopacity=\"0.5\" data-placement=\"bottom\" data-placement-offset=\"0\" data-content-offset=\"262\" data-placement-touch=\"bottom\" data-placement-offset-touch=\"0\" data-transparent=\"\" data-shadow=\"0\" data-touch=\"1\" data-non-touch=\"1\" data-comments=\"0\" data-commentsbg=\"transparent\" data-location=\"page\" data-mutedfg=\"#006d91\" data-endfg=\"#006d91\" data-rtl=\"\">\n<h3 class=\"wp-block-heading\">A elei\u00e7\u00e3o na Venezuela foi marcada por den\u00fancias de persegui\u00e7\u00e3o a opositores do ditador Nicol\u00e1s Maduro e cerceamento da imprensa pelo regime.<\/h3>\n<p>O Conselho de Col\u00e9gios e Ordens de Advogados do Mercosul (Coadem) emitiu um comunicado oficial em que repudia \u201ca falta de transpar\u00eancia no processo eleitoral da Venezuela\u201d.<\/p>\n<p>Divulgado nesta quinta-feira (1\u00ba), o comunicado \u00e9 assinado pelo presidente do Coadem, Jos\u00e9 Augusto Ara\u00fajo.<\/p>\n<p>No texto, os advogados exigem a \u201capresenta\u00e7\u00e3o de todas as atas eleitorais e boletins das urnas\u201d; e destacam a \u201cnecessidade de garantir o acesso irrestrito \u00e0s informa\u00e7\u00f5es eleitorais a todos os envolvidos no processo eleitoral\u201d.<\/p>\n<p>Os advogados tamb\u00e9m pedem autoriza\u00e7\u00e3o para a \u201cdesigna\u00e7\u00e3o de observador aut\u00f4nomo, indicado pelo Coadem, para acompanhamento integral de todo o desfecho do processo de apura\u00e7\u00e3o, assim como o acesso a todos os documentos eleitorais\u201d.<\/p>\n<p>Por fim, o Conselho pede respeito \u00e0 vontade popular e \u00e0 democracia, \u201cdevendo ser investigadas todas as alega\u00e7\u00f5es de desrespeito ao direito de voto e de infring\u00eancia das regras eleitorais b\u00e1sicas\u201d.<\/p>\n<p>\u201cO processo eleitoral em qualquer Estado Democr\u00e1tico de Direito deve ser fundado em regras eleitorais claras, transparentes, ison\u00f4micas e capazes de fornecer todos os elementos de fiscaliza\u00e7\u00e3o para os partidos pol\u00edticos e candidatos, independentemente de serem eles de situa\u00e7\u00e3o ou de oposi\u00e7\u00e3o\u201d, diz um trecho do documento.<\/p>\n<p>O Conselho Nacional Eleitoral (CNE) declarou a vit\u00f3ria de Maduro ap\u00f3s as elei\u00e7\u00f5es de domingo (28), sem divulgar as atas de vota\u00e7\u00e3o para referendar ou n\u00e3o o resultado do pleito. O \u00f3rg\u00e3o eleitoral \u00e9 controlado pelo regime chavista.<\/p>\n<p>A elei\u00e7\u00e3o foi marcada por den\u00fancias de persegui\u00e7\u00e3o a opositores do ditador e cerceamento da imprensa pelo regime chavista. No entanto, para o PT, \u201cos graves problemas da Venezuela\u201d s\u00e3o causados, principalmente, por \u201csan\u00e7\u00f5es ilegais\u201d.<\/p>\n<p><strong><a href=\"https:\/\/www.gazetadopovo.com.br\/republica\/conselho-de-advogados-do-mercosul-repudia-falta-de-transparencia-nas-eleicoes-da-venezuela\/\">Source link<\/a><\/strong><\/p>\n<\/div>\n<p><br \/>\n<br \/><a href=\"https:\/\/paulofigueiredoshow.com\/conselho-de-advogados-do-mercosul-repudia-falta-de-transparencia-nas-eleicoes-da-venezuela\/\">Source link <\/a><\/p>","protected":false},"excerpt":{"rendered":"<p>A elei\u00e7\u00e3o na Venezuela foi marcada por den\u00fancias de persegui\u00e7\u00e3o a opositores do ditador Nicol\u00e1s Maduro e cerceamento da imprensa pelo regime. O Conselho de Col\u00e9gios e Ordens de Advogados&hellip;<\/p>","protected":false},"author":1,"featured_media":15225,"comment_status":"closed","ping_status":"open","sticky":false,"template":"","format":"standard","meta":{"content-type":"","footnotes":""},"categories":[16],"tags":[687,132,3858,4361,6332,5870,6333,1590,5096,6334,1101],"class_list":["post-15224","post","type-post","status-publish","format-standard","has-post-thumbnail","hentry","category-noticias","tag-acesso","tag-advogados","tag-apresentacao","tag-atas","tag-coadem","tag-conselho","tag-irrestrito","tag-maduro","tag-mercosul","tag-observador","tag-venezuela"],"_links":{"self":[{"href":"https:\/\/tvbrazilusa.com\/pt\/wp-json\/wp\/v2\/posts\/15224","targetHints":{"allow":["GET"]}}],"collection":[{"href":"https:\/\/tvbrazilusa.com\/pt\/wp-json\/wp\/v2\/posts"}],"about":[{"href":"https:\/\/tvbrazilusa.com\/pt\/wp-json\/wp\/v2\/types\/post"}],"author":[{"embeddable":true,"href":"https:\/\/tvbrazilusa.com\/pt\/wp-json\/wp\/v2\/users\/1"}],"replies":[{"embeddable":true,"href":"https:\/\/tvbrazilusa.com\/pt\/wp-json\/wp\/v2\/comments?post=15224"}],"version-history":[{"count":1,"href":"https:\/\/tvbrazilusa.com\/pt\/wp-json\/wp\/v2\/posts\/15224\/revisions"}],"predecessor-version":[{"id":15226,"href":"https:\/\/tvbrazilusa.com\/pt\/wp-json\/wp\/v2\/posts\/15224\/revisions\/15226"}],"wp:featuredmedia":[{"embeddable":true,"href":"https:\/\/tvbrazilusa.com\/pt\/wp-json\/wp\/v2\/media\/15225"}],"wp:attachment":[{"href":"https:\/\/tvbrazilusa.com\/pt\/wp-json\/wp\/v2\/media?parent=15224"}],"wp:term":[{"taxonomy":"category","embeddable":true,"href":"https:\/\/tvbrazilusa.com\/pt\/wp-json\/wp\/v2\/categories?post=15224"},{"taxonomy":"post_tag","embeddable":true,"href":"https:\/\/tvbrazilusa.com\/pt\/wp-json\/wp\/v2\/tags?post=15224"}],"curies":[{"name":"wp","href":"https:\/\/api.w.org\/{rel}","templated":true}]}}