{"id":15233,"date":"2024-08-02T14:36:21","date_gmt":"2024-08-02T14:36:21","guid":{"rendered":"https:\/\/tvbrazilusa.com\/2024\/08\/02\/patriots-supostamente-esperavam-contratar-o-agente-livre-da-linha-ofensiva-kellen-diesch\/"},"modified":"2024-08-02T14:57:06","modified_gmt":"2024-08-02T14:57:06","slug":"patriots-supostamente-esperavam-contratar-o-agente-livre-da-linha-ofensiva-kellen-diesch","status":"publish","type":"post","link":"https:\/\/tvbrazilusa.com\/pt\/2024\/08\/02\/patriots-supostamente-esperavam-contratar-o-agente-livre-da-linha-ofensiva-kellen-diesch\/","title":{"rendered":"Patriots supostamente &#39;esperavam&#39; contratar o agente livre da linha ofensiva Kellen Diesch"},"content":{"rendered":"<p> <script async src=\"https:\/\/pagead2.googlesyndication.com\/pagead\/js\/adsbygoogle.js?client=ca-pub-8864793242727901\"\r\n     crossorigin=\"anonymous\"><\/script><br \/>\n<\/p>\n<div id=\"\">\n<header class=\"m-article-header m-article-header--standard\">\n\t\t\t\t\t\t\t\t\t\t\t\t<span id=\"article-header-primary-term\"><br \/>\n\t\t\t\t\t\t\t\t<a class=\"a-term a-term--primary\" href=\"https:\/\/www.boston.com\/tag\/morning-sports-update\/\"><\/p>\n<p>\t\t\t\t\t\t\t\tAtualiza\u00e7\u00e3o de esportes matinais\t\t\t\t\t\t\t\t<\/a><br \/>\n\t\t\t\t\t\t\t<\/span><\/p>\n<h2 class=\"m-article-header__sub-headline\">Diesch era originalmente um agente livre n\u00e3o selecionado pelos Dolphins em 2022.<\/h2>\n<figure class=\"a-photo m-article-header__photo\"><figcaption class=\"a-photo__caption\">\n<p>\tKellen Diesch jogando na faculdade pelo Arizona State em 2021.<em> Foto AP\/Rick Scuteri<\/em>\t<\/figcaption><\/figure>\n<\/header>\n<p><strong>A situa\u00e7\u00e3o da linha ofensiva dos Patriots<\/strong>: Um dos <a href=\"https:\/\/www.bostonglobe.com\/2024\/07\/19\/sports\/patriots-preview-offensive-line\/\">grandes pontos de interroga\u00e7\u00e3o<\/a> virada para o <a href=\"https:\/\/www.boston.com\/tag\/new-england-patriots\/?p1=header_subnav\">Patriotas<\/a> antes do campo de treinamento estava o estado da linha ofensiva.<\/p>\n<p>V\u00e1rias semanas no acampamento, parece que algumas dessas quest\u00f5es permanecem. Para resolver isso, espera-se que os Patriots contratem o jogador de linha ofensiva Kellen Diesch, <a href=\"https:\/\/x.com\/MikeReiss\/status\/1819354071960006831\">de acordo com o rep\u00f3rter da ESPN Mike Reiss<\/a>. Isto acontece um dia ap\u00f3s o relat\u00f3rio inicial ter surgido <a href=\"https:\/\/x.com\/AaronWilson_NFL\/status\/1819148669553393744\">Aaron Wilson da KPRC2 Houston<\/a> que a Nova Inglaterra estava recebendo Diesch para um treino.<\/p>\n<figure class=\"wp-block-embed is-type-rich is-provider-twitter wp-block-embed-twitter\">\n<div class=\"wp-block-embed__wrapper\">\n<blockquote class=\"twitter-tweet\" data-width=\"500\" data-dnt=\"true\">\n<p lang=\"en\" dir=\"ltr\">Os Patriots est\u00e3o planejando abordar a profundidade do OL, j\u00e1 que est\u00e3o trazendo Kellen Diesch e esperam contrat\u00e1-lo, segundo fontes. <\/p>\n<p>Diesch (1,98 m, 146 kg) jogou no Texas A&#038;M\/Arizona State.<\/p>\n<p>Entrou na NFL como um agente livre n\u00e3o selecionado com os Dolphins em 2022. Passou pelos Bears, Steelers e Browns.<\/p>\n<p>\u2014 Mike Reiss (@MikeReiss) <a href=\"https:\/\/twitter.com\/MikeReiss\/status\/1819354071960006831?ref_src=twsrc%5Etfw\">2 de agosto de 2024<\/a><\/p><\/blockquote>\n<\/div>\n<\/figure>\n<p>Diesch, 26, foi um agente livre n\u00e3o selecionado com os Dolphins em 2022. Ele tamb\u00e9m foi membro dos times de treino dos Bears e Steelers. Em 2024, ele foi reivindicado das dispensas pelos Browns, mas foi cortado dois dias depois devido a um exame f\u00edsico malsucedido.<\/p>\n<p>Ele jogou no Texas A&#038;M e no Arizona State na faculdade, e foi nomeado segundo time All-Pac-12 Conference como veterano. Com 6 p\u00e9s e 7 polegadas (300 libras), ele pode ser um projeto de maior potencial para o time. Dependendo das circunst\u00e2ncias, Diesch pode potencialmente competir por uma vaga no elenco na Nova Inglaterra, j\u00e1 que o t\u00e9cnico do primeiro ano Jerod Mayo busca reconstruir o ataque do time.<\/p>\n<p><strong>Curiosidades<\/strong>:Qual jogador dos Patriots lidera a franquia em sele\u00e7\u00f5es de todos os tempos para o primeiro time All-Pro?<\/p>\n<p>(Resposta no final).<\/p>\n<p>Dica: N\u00e3o \u00e9 Tom Brady. Este jogador, um Hall of Famer, foi draftado em quarto lugar geral, vindo do Alabama.<\/p>\n<p><strong>Pontua\u00e7\u00f5es e hor\u00e1rios<\/strong>: <\/p>\n<p>Hoje \u00e0 noite, o Red Sox come\u00e7a uma s\u00e9rie de tr\u00eas jogos no Texas contra o Rangers \u00e0s 20h05<\/p>\n<p>Em outro lugar, a equipe dos EUA marcha nas Olimp\u00edadas de Paris. Aqui est\u00e1 uma olhada em <a href=\"https:\/\/olympics.com\/en\/paris-2024\/schedule\">programa\u00e7\u00e3o de hoje<\/a> para os Jogos de Ver\u00e3o.<\/p>\n<p><strong>Mais de Boston.com<\/strong>: <\/p>\n<p><strong>Comparando passado e presente<\/strong>: O rep\u00f3rter da NFL Albert Breer deu sua opini\u00e3o sobre as diferen\u00e7as de estilo entre Bill Belichick e Jerod Mayo.<\/p>\n<figure class=\"wp-block-embed is-type-video is-provider-youtube wp-block-embed-youtube wp-embed-aspect-16-9 wp-has-aspect-ratio\">\n<p>\n<iframe title=\"Albert Breer: ANALYZING Jerod Mayo&#039;s coaching style vs. Bill Belichick&#039;s\" width=\"1170\" height=\"658\" src=\"https:\/\/www.youtube.com\/embed\/D8QmWY2XBxU?feature=oembed\" frameborder=\"0\" allow=\"accelerometer; autoplay; clipboard-write; encrypted-media; gyroscope; picture-in-picture; web-share\" referrerpolicy=\"strict-origin-when-cross-origin\" allowfullscreen><\/iframe>\n<\/p>\n<\/figure>\n<p><strong>Neste dia<\/strong>:Em 2018, o Red Sox derrotou o Yankees <a href=\"https:\/\/www.baseball-reference.com\/boxes\/BOS\/BOS201808020.shtml\">15-7<\/a> atr\u00e1s de tr\u00eas home runs de Steve Pearce (que terminou a noite com seis RBIs). Boston totalizou 19 hits como um time.<\/p>\n<figure class=\"wp-block-embed is-type-video is-provider-youtube wp-block-embed-youtube wp-embed-aspect-16-9 wp-has-aspect-ratio\">\n<p>\n<iframe title=\"Condensed Game: NYY@BOS - 8\/2\/18\" width=\"1170\" height=\"658\" src=\"https:\/\/www.youtube.com\/embed\/FcVjHdBajVI?feature=oembed\" frameborder=\"0\" allow=\"accelerometer; autoplay; clipboard-write; encrypted-media; gyroscope; picture-in-picture; web-share\" referrerpolicy=\"strict-origin-when-cross-origin\" allowfullscreen><\/iframe>\n<\/p>\n<\/figure>\n<p><strong>Destaque di\u00e1rio<\/strong>: Os prospectos do Red Sox se uniram para lan\u00e7ar um no-hitter para o afiliado da liga secund\u00e1ria High-A Greenville Drive na quinta-feira. \u00c9 o segundo no-hitter de Greenville na temporada.<\/p>\n<figure class=\"wp-block-embed is-type-rich is-provider-twitter wp-block-embed-twitter\"\/>\n<p><em>Resposta da curiosidade: John Hannah<\/em><\/p>\n<div class=\"m-block m-generic-cta\t m-generic-cta--post-content\t m-generic-cta--dark\t m-generic-cta--homepage\t m-generic-cta--email-signup\t\t m-generic-cta-block-style--default \tt-amp__generic-cta\"><\/p>\n<div class=\"m-generic-cta__wrap\">\n<div class=\"m-generic-cta__content\">\n<h3 class=\"m-generic-cta__title\">Inscreva-se para receber atualiza\u00e7\u00f5es dos Patriots\ud83c\udfc8<\/h3>\n<p class=\"m-generic-cta__subtitle\">Receba not\u00edcias de \u00faltima hora e an\u00e1lises na sua caixa de entrada durante a temporada de futebol.<\/p>\n<\/p><\/div>\n<\/p><\/div>\n<\/div><\/div>\n<p><script async src=\"\/\/platform.twitter.com\/widgets.js\" charset=\"utf-8\"><\/script><script>\n\t\tvar consent=\"grant\";\n\t\t\/* The above code is parsing the JSON data from the local storage and storing it in a variable. *\/\n\t\t\t\t\tconst onetrustStorageConsent = JSON.parse(localStorage.getItem( 'consent_one_trust_bdc' ) );\n\t\t\tif ( ( onetrustStorageConsent !== null ) ) {\n\t\t\t\t\/* Checking to see if the user has consented to the use of cookies.\n\t\t\t\t* If they have not, it is deleting the cookie.\n\t\t\t\t* This will comment for now, until further notice.\n\t\t\t\t*\/\n\t\t\t\t\/\/if ( onetrustStorageConsent.C0002 === false ) {\n\t\t\t\t\/\/\tdocument.cookie=\"_fbp=;expires=Thu, 01 Jan 2010 00:00:00 UTC; path=\/; domain=.boston.com\";\n\t\t\t\t\/\/}\n\t\t\t\t\/* Checking if the user has given consent for the cookie C0002.\n\t\t\t\t* If the user has given consent, the variable consent will be set to 'grant'.\n\t\t\t\t* If the user has not given consent,the variable consent will be set to 'revoke'.\n\t\t\t\t* Documentation https:\/\/developers.facebook.com\/docs\/meta-pixel\/implementation\/gdpr\n\t\t\t\t*\/\n\t\t\t\tif ( onetrustStorageConsent.C0002 !== true ) {\n\t\t\t\t\tconsent=\"revoke\";\n\t\t\t\t}\n\t\t\t}\n\t\t\t\t!function(f,b,e,v,n,t,s)\n\t\t{if(f.fbq)return;n=f.fbq=function(){n.callMethod?\n\t\tn.callMethod.apply(n,arguments):n.queue.push(arguments)};\n\t\tif(!f._fbq)f._fbq=n;n.push=n;n.loaded=!0;n.version='2.0';\n\t\tn.queue=[];t=b.createElement(e);t.async=!0;\n\t\tt.src=v;s=b.getElementsByTagName(e)[0];\n\t\ts.parentNode.insertBefore(t,s)}(window, document,'script',\n\t\t'https:\/\/connect.facebook.net\/en_US\/fbevents.js');\n\t\tfbq('consent', consent);\n\t\tfbq('init', '989222871864976');\n\t\tfbq('track', 'PageView');\n\t<\/script><script type=\"module\">\n\t\tvar consent=\"grant\";\n\t\t\/* The above code is parsing the JSON data from the local storage and storing it in a variable. *\/\n\t\t\tconst onetrustStorageConsent = JSON.parse(localStorage.getItem( 'consent_one_trust_bdc' ) );\n\t\t\t\/* Checking to see if the user has consented to the use of cookies.\n\t\t\t* If they have not, it is deleting the cookie.\n\t\t\t* This will comment for now, until further notice.\n\t\t\t*\/\n\t\t\t\/\/if ( onetrustStorageConsent.C0002 === false ) {\n\t\t\t\/\/\tdocument.cookie=\"_fbp=;expires=Thu, 01 Jan 2010 00:00:00 UTC; path=\/; domain=.boston.com\";\n\t\t\t\/\/}\n\t\t\t\/* Checking if the user has given consent for the cookie C0002.\n\t\t\t* If the user has given consent, the variable consent will be set to 'grant'.\n\t\t\t* If the user has not given consent,the variable consent will be set to 'revoke'.\n\t\t\t* Documentation https:\/\/developers.facebook.com\/docs\/meta-pixel\/implementation\/gdpr\n\t\t\t*\/\n\t\t\tif ( ( onetrustStorageConsent !== null ) && (onetrustStorageConsent.C0002 !== true ) ) {\n\t\t\t\tconsent=\"revoke\";\n\t\t\t}\n\t\t\t\t!function(f,b,e,v,n,t,s){if(f.fbq)return;n=f.fbq=function()\n\t\t{n.callMethod? n.callMethod.apply(n,arguments):n.queue.push(arguments)}\n\t\t;if(!f._fbq)f._fbq=n;\n\t\tn.push=n;n.loaded=!0;n.version='2.0';n.queue=[];t=b.createElement(e);t.async=!0;\n\t\tt.src=v;s=b.getElementsByTagName(e)[0];s.parentNode.insertBefore(t,s)}(window,\n\t\tdocument,'script','https:\/\/connect.facebook.net\/en_US\/fbevents.js');\n\t\tfbq('consent', consent);\n\t\tfbq('init', '813236348753005');\n\t\tfbq('track', \"PageView\");\n\t<\/script><br \/>\n<br \/><br \/>\n<br \/><a href=\"https:\/\/www.boston.com\/sports\/morning-sports-update\/2024\/08\/02\/kellen-diesch-patriots\/\">Source link <\/a><\/p>","protected":false},"excerpt":{"rendered":"<p>Atualiza\u00e7\u00e3o de esportes matinais Diesch era originalmente um agente livre n\u00e3o selecionado pelos Dolphins em 2022. Kellen Diesch jogando na faculdade pelo Arizona State em 2021. Foto AP\/Rick Scuteri A&hellip;<\/p>","protected":false},"author":1,"featured_media":15234,"comment_status":"closed","ping_status":"open","sticky":false,"template":"","format":"standard","meta":{"content-type":"","footnotes":""},"categories":[1],"tags":[],"class_list":["post-15233","post","type-post","status-publish","format-standard","has-post-thumbnail","hentry","category-uncategorized"],"_links":{"self":[{"href":"https:\/\/tvbrazilusa.com\/pt\/wp-json\/wp\/v2\/posts\/15233","targetHints":{"allow":["GET"]}}],"collection":[{"href":"https:\/\/tvbrazilusa.com\/pt\/wp-json\/wp\/v2\/posts"}],"about":[{"href":"https:\/\/tvbrazilusa.com\/pt\/wp-json\/wp\/v2\/types\/post"}],"author":[{"embeddable":true,"href":"https:\/\/tvbrazilusa.com\/pt\/wp-json\/wp\/v2\/users\/1"}],"replies":[{"embeddable":true,"href":"https:\/\/tvbrazilusa.com\/pt\/wp-json\/wp\/v2\/comments?post=15233"}],"version-history":[{"count":1,"href":"https:\/\/tvbrazilusa.com\/pt\/wp-json\/wp\/v2\/posts\/15233\/revisions"}],"predecessor-version":[{"id":15235,"href":"https:\/\/tvbrazilusa.com\/pt\/wp-json\/wp\/v2\/posts\/15233\/revisions\/15235"}],"wp:featuredmedia":[{"embeddable":true,"href":"https:\/\/tvbrazilusa.com\/pt\/wp-json\/wp\/v2\/media\/15234"}],"wp:attachment":[{"href":"https:\/\/tvbrazilusa.com\/pt\/wp-json\/wp\/v2\/media?parent=15233"}],"wp:term":[{"taxonomy":"category","embeddable":true,"href":"https:\/\/tvbrazilusa.com\/pt\/wp-json\/wp\/v2\/categories?post=15233"},{"taxonomy":"post_tag","embeddable":true,"href":"https:\/\/tvbrazilusa.com\/pt\/wp-json\/wp\/v2\/tags?post=15233"}],"curies":[{"name":"wp","href":"https:\/\/api.w.org\/{rel}","templated":true}]}}