{"id":15263,"date":"2024-08-02T15:09:29","date_gmt":"2024-08-02T15:09:29","guid":{"rendered":"https:\/\/tvbrazilusa.com\/2024\/08\/02\/pastor-e-preso-suspeito-de-abusar-das-proprias-filhas\/"},"modified":"2024-08-02T15:35:59","modified_gmt":"2024-08-02T15:35:59","slug":"pastor-e-preso-suspeito-de-abusar-das-proprias-filhas","status":"publish","type":"post","link":"https:\/\/tvbrazilusa.com\/pt\/2024\/08\/02\/pastor-e-preso-suspeito-de-abusar-das-proprias-filhas\/","title":{"rendered":"Pastor  \u00e9 preso suspeito de abusar  das pr\u00f3prias filhas"},"content":{"rendered":"<p> <script async src=\"https:\/\/pagead2.googlesyndication.com\/pagead\/js\/adsbygoogle.js?client=ca-pub-8864793242727901\"\r\n     crossorigin=\"anonymous\"><\/script><br \/>\n<\/p>\n<div>\n<p>Foto: <em>Divulga\u00e7\u00e3o\/PCGO<\/em><\/p>\n<p>Em uma opera\u00e7\u00e3o r\u00e1pida e eficaz, a Pol\u00edcia Civil de Goi\u00e1s (PCGO) prendeu preventivamente um pastor evang\u00e9lico de 55 anos, em Pontalina (GO), nesta sexta-feira, 2 de agosto de 2024. O religioso \u00e9 suspeito de estuprar suas pr\u00f3prias filhas, de 14 e 16 anos. As menores relataram os crimes ao Conselho Tutelar, que prontamente acionou as autoridades policiais.<\/p>\n<p>A pris\u00e3o aconteceu menos de 24 horas ap\u00f3s a den\u00fancia ter sido registrada. De acordo com a delegada respons\u00e1vel pelo caso, Tereza Nabarro, o mesmo homem \u00e9 acusado de estuprar uma terceira filha em An\u00e1polis (GO) e um filho de apenas 9 anos. A opera\u00e7\u00e3o, que foi batizada de <strong>Opera\u00e7\u00e3o Bicho Pap\u00e3o<\/strong>, visou capturar o suspeito e garantir a seguran\u00e7a das v\u00edtimas.<\/p>\n<h2 class=\"wp-block-heading\">Opera\u00e7\u00e3o Bicho Pap\u00e3o localiza suspeito<\/h2>\n<p>A <strong>Opera\u00e7\u00e3o Bicho Pap\u00e3o<\/strong> foi desencadeada pela delegacia da cidade de Pontalina com o objetivo de localizar e prender o pastor evang\u00e9lico. Segundo a delegada Tereza Nabarro, o homem j\u00e1 havia sido investigado anteriormente por um caso de estupro em An\u00e1polis, h\u00e1 cerca de tr\u00eas anos, envolvendo outra filha. Na \u00e9poca, a jovem tinha 19 anos e saiu de casa ap\u00f3s ser v\u00edtima do pai.<\/p>\n<h3 class=\"wp-block-heading\">Transfer\u00eancia para Pontalina<\/h3>\n<p>Com a repercuss\u00e3o do caso em An\u00e1polis, o pastor, sua esposa e os demais filhos se mudaram para Pontalina, uma cidade localizada a 127 km de Goi\u00e2nia. A mudan\u00e7a de cidade, no entanto, n\u00e3o foi suficiente para esconder os abusos cont\u00ednuos cometidos pelo suspeito. Novamente, ele se tornou alvo de m\u00faltiplas den\u00fancias de estupro, desta vez, envolvendo suas filhas adolescentes.<\/p>\n<h2 class=\"wp-block-heading\">Qual a participa\u00e7\u00e3o da esposa nas den\u00fancias?<\/h2>\n<p>De acordo com a Pol\u00edcia Civil, a esposa do pastor teve um papel crucial na confirma\u00e7\u00e3o dos relatos das filhas. Ela ajudou a corroborar as acusa\u00e7\u00f5es contra o marido, revelando que os abusos ocorreram ao longo dos \u00faltimos anos. Ao todo, o casal tem nove filhos, sendo seis juntos. A colabora\u00e7\u00e3o da m\u00e3e foi fundamental para o avan\u00e7o das investiga\u00e7\u00f5es.<\/p>\n<ul class=\"wp-block-list\">\n<li>As meninas tinham medo de denunciar anteriormente.<\/li>\n<li>O caso de An\u00e1polis n\u00e3o resultou em pris\u00e3o.<\/li>\n<li>O Conselho Tutelar e a escola tiveram um papel significativo no processo de den\u00fancia.<\/li>\n<\/ul>\n<p>\u00a0<\/p>\n<h2 class=\"wp-block-heading\">Por que as filhas n\u00e3o denunciaram antes?<\/h2>\n<p>As filhas do pastor relataram ter medo de denunciar os abusos, temendo que nada fosse feito, assim como aconteceu com o caso da irm\u00e3 mais velha em An\u00e1polis. Segundo a delegada Tereza, as meninas enfrentam grande dificuldade para falar sobre os crimes. Foi necess\u00e1ria a presen\u00e7a do Conselho Tutelar, al\u00e9m do apoio de professoras e da coordenadora da escola, para que elas se sentissem \u00e0 vontade para relatar o que haviam sofrido.<\/p>\n<h3 class=\"wp-block-heading\">Investiga\u00e7\u00e3o em andamento<\/h3>\n<p>As investiga\u00e7\u00f5es continuam e agora buscam reunir todos os casos de abusos contra o religioso. A delegada de Pontalina j\u00e1 informou que compartilhar\u00e1 informa\u00e7\u00f5es com a pol\u00edcia de An\u00e1polis, que foi respons\u00e1vel pelo inqu\u00e9rito inicial. Al\u00e9m disso, a apura\u00e7\u00e3o do estupro de vulner\u00e1vel contra o filho de 9 anos prossegue visando assegurar que todas as v\u00edtimas tenham justi\u00e7a.<\/p>\n<ol class=\"wp-block-list\">\n<li>Compartilhamento de informa\u00e7\u00f5es entre as delegacias de Pontalina e An\u00e1polis.<\/li>\n<li>Continua\u00e7\u00e3o da apura\u00e7\u00e3o sobre o estupro de vulner\u00e1vel.<\/li>\n<li>Garantia de suporte \u00e0s v\u00edtimas atrav\u00e9s de \u00f3rg\u00e3os competentes.<\/li>\n<\/ol>\n<p>\u00a0<\/p>\n<p>A pris\u00e3o do pastor evang\u00e9lico representa um passo importante na busca por justi\u00e7a para as v\u00edtimas de viol\u00eancia sexual. A r\u00e1pida resposta da Pol\u00edcia Civil de Goi\u00e1s demonstra o comprometimento das autoridades em investigar e punir crimes desta natureza.<\/p>\n<\/p><\/div>\n<p><br \/>\n<br \/><a href=\"https:\/\/terrabrasilnoticias.com\/2024\/08\/pastor-e-preso-suspeito-de-abusar-das-proprias-filhas\/\">Source link <\/a><\/p>","protected":false},"excerpt":{"rendered":"<p>Foto: Divulga\u00e7\u00e3o\/PCGO Em uma opera\u00e7\u00e3o r\u00e1pida e eficaz, a Pol\u00edcia Civil de Goi\u00e1s (PCGO) prendeu preventivamente um pastor evang\u00e9lico de 55 anos, em Pontalina (GO), nesta sexta-feira, 2 de agosto&hellip;<\/p>","protected":false},"author":1,"featured_media":15264,"comment_status":"closed","ping_status":"open","sticky":false,"template":"","format":"standard","meta":{"content-type":"","footnotes":""},"categories":[16],"tags":[],"class_list":["post-15263","post","type-post","status-publish","format-standard","has-post-thumbnail","hentry","category-noticias"],"_links":{"self":[{"href":"https:\/\/tvbrazilusa.com\/pt\/wp-json\/wp\/v2\/posts\/15263","targetHints":{"allow":["GET"]}}],"collection":[{"href":"https:\/\/tvbrazilusa.com\/pt\/wp-json\/wp\/v2\/posts"}],"about":[{"href":"https:\/\/tvbrazilusa.com\/pt\/wp-json\/wp\/v2\/types\/post"}],"author":[{"embeddable":true,"href":"https:\/\/tvbrazilusa.com\/pt\/wp-json\/wp\/v2\/users\/1"}],"replies":[{"embeddable":true,"href":"https:\/\/tvbrazilusa.com\/pt\/wp-json\/wp\/v2\/comments?post=15263"}],"version-history":[{"count":1,"href":"https:\/\/tvbrazilusa.com\/pt\/wp-json\/wp\/v2\/posts\/15263\/revisions"}],"predecessor-version":[{"id":15265,"href":"https:\/\/tvbrazilusa.com\/pt\/wp-json\/wp\/v2\/posts\/15263\/revisions\/15265"}],"wp:featuredmedia":[{"embeddable":true,"href":"https:\/\/tvbrazilusa.com\/pt\/wp-json\/wp\/v2\/media\/15264"}],"wp:attachment":[{"href":"https:\/\/tvbrazilusa.com\/pt\/wp-json\/wp\/v2\/media?parent=15263"}],"wp:term":[{"taxonomy":"category","embeddable":true,"href":"https:\/\/tvbrazilusa.com\/pt\/wp-json\/wp\/v2\/categories?post=15263"},{"taxonomy":"post_tag","embeddable":true,"href":"https:\/\/tvbrazilusa.com\/pt\/wp-json\/wp\/v2\/tags?post=15263"}],"curies":[{"name":"wp","href":"https:\/\/api.w.org\/{rel}","templated":true}]}}