{"id":15295,"date":"2024-08-02T14:42:04","date_gmt":"2024-08-02T14:42:04","guid":{"rendered":"https:\/\/tvbrazilusa.com\/2024\/08\/02\/com-pouca-verba-marinha-restringe-uso-de-elevador-e-ar-condicionado-em-escola-paulo-figueiredo\/"},"modified":"2024-08-02T16:17:28","modified_gmt":"2024-08-02T16:17:28","slug":"com-pouca-verba-marinha-restringe-uso-de-elevador-e-ar-condicionado-em-escola-paulo-figueiredo","status":"publish","type":"post","link":"https:\/\/tvbrazilusa.com\/pt\/2024\/08\/02\/com-pouca-verba-marinha-restringe-uso-de-elevador-e-ar-condicionado-em-escola-paulo-figueiredo\/","title":{"rendered":"Com pouca verba, Marinha restringe uso de elevador e ar-condicionado em escola &#8211; Paulo Figueiredo"},"content":{"rendered":"<p> <script async src=\"https:\/\/pagead2.googlesyndication.com\/pagead\/js\/adsbygoogle.js?client=ca-pub-8864793242727901\"\r\n     crossorigin=\"anonymous\"><\/script><br \/>\n<\/p>\n<div id=\"wtr-content\" data-bg=\"#FFFFFF\" data-fg=\"#006d91\" data-width=\"25\" data-mute=\"1\" data-fgopacity=\"1.00\" data-mutedopacity=\"0.5\" data-placement=\"bottom\" data-placement-offset=\"0\" data-content-offset=\"262\" data-placement-touch=\"bottom\" data-placement-offset-touch=\"0\" data-transparent=\"\" data-shadow=\"0\" data-touch=\"1\" data-non-touch=\"1\" data-comments=\"0\" data-commentsbg=\"transparent\" data-location=\"page\" data-mutedfg=\"#006d91\" data-endfg=\"#006d91\" data-rtl=\"\">\n<pre class=\"wp-block-preformatted has-small-font-size\">Foto: Ricardo Stuckert\/PR<\/pre>\n<h3 class=\"wp-block-heading\">Medidas foram estabelecidas para atender metas de redu\u00e7\u00e3o de despesas depois de cortes do governo Lula<\/h3>\n<p>Para reduzir os gastos administrativos e fechar a conta, a Escola de Guerra Naval da Marinha, no Rio de Janeiro, decidiu restringir o uso de elevadores e aparelhos de ar condicionado. <\/p>\n<p>Desde abril, professores e alunos t\u00eam sido informados das novas regras. Segundo a publica\u00e7\u00e3o, esta \u00e9 uma tentativa de se encaixar nas novas metas de corte de custos depois de o governo federal congelar parte do or\u00e7amento do Minist\u00e9rio da Defesa.<\/p>\n<p>Agora, os elevadores s\u00e3o reservados para pessoas com restri\u00e7\u00f5es f\u00edsicas ou m\u00e9dicas e servidores que transportam carga. Os demais devem usar as escadas para subir e descer os seis andares da sede.<\/p>\n<p>O ar-condicionado s\u00f3 pode ser ligado se a temperatura na cidade for igual ou superior a 27\u00b0C. Servidores s\u00e3o orientados a manter portas e janelas abertas para melhorar a circula\u00e7\u00e3o de ar.<\/p>\n<p>\u201cO militar escalado de Fiel de Avarias efetuar\u00e1 rondas para verificar o cumprimento dessas medidas e informar\u00e1 as discrep\u00e2ncias observadas, que ser\u00e3o levadas ao conhecimento do Vice-Diretor\u201d, diz trecho de um dos comunicados internos sobre as medidas de economia de recursos obtidos pela\u00a0<em>Folha<\/em>.<\/p>\n<p>Na quarta-feira, 24, a dire\u00e7\u00e3o da Escola de Guerra Naval anunciou um recesso administrativo de 5 a 16 de agosto, com o objetivo de reduzir gastos.<\/p>\n<p>A escola, um centro de altos estudos da Marinha, \u00e9 essencial para a forma\u00e7\u00e3o de oficiais que aspiram ao almirantado.<\/p>\n<p>A redu\u00e7\u00e3o de verbas tamb\u00e9m impactou projetos estrat\u00e9gicos, como a demiss\u00e3o de 200 funcion\u00e1rios ligados \u00e0 constru\u00e7\u00e3o de submarinos em Itagua\u00ed, no Rio de Janeiro.<\/p>\n<h3 class=\"wp-block-heading\">Marinha diz que teve or\u00e7amento reduzido nos \u00faltimos anos<\/h3>\n<p>Em nota enviada \u00e0\u00a0<em>Folha<\/em>, a Marinha informou que sofreu uma redu\u00e7\u00e3o de 54% no or\u00e7amento discricion\u00e1rio nos \u00faltimos dez anos. Com menos dinheiro, houve \u201catraso em projetos, perda de m\u00e3o de obra especializada, comprometimento do desenvolvimento tecnol\u00f3gico, bem como impactos no Programa Geral da Manuten\u00e7\u00f5es\u201d.<\/p>\n<p>Para ajustar as contas deste ano, a Marinha diz ter feito ajustes nos gastos do Programa de Desenvolvimento de Submarinos, no Programa Nuclear da Marinha e no Programa de Obten\u00e7\u00e3o de Navios-Patrulha.<\/p>\n<p>\u201cAdministrativamente cabe pontuar o trabalho de implementa\u00e7\u00e3o de medidas de economia com vistas \u00e0s despesas de funcionamento e manuten\u00e7\u00e3o das Organiza\u00e7\u00f5es Militares, em especial com a otimiza\u00e7\u00e3o do uso de equipamentos de alta demanda de energia\u201d, afirmou a Marinha.<\/p>\n<p><strong><a href=\"https:\/\/revistaoeste.com\/economia\/com-pouca-verba-marinha-restringe-uso-de-elevador-e-ar-condicionado-em-escola\/\">Source link<\/a><\/strong><\/p>\n<\/div>\n<p><br \/>\n<br \/><a href=\"https:\/\/paulofigueiredoshow.com\/com-pouca-verba-marinha-restringe-uso-de-elevador-e-ar-condicionado-em-escola\/\">Source link <\/a><\/p>","protected":false},"excerpt":{"rendered":"<p>Foto: Ricardo Stuckert\/PR Medidas foram estabelecidas para atender metas de redu\u00e7\u00e3o de despesas depois de cortes do governo Lula Para reduzir os gastos administrativos e fechar a conta, a Escola&hellip;<\/p>","protected":false},"author":1,"featured_media":15296,"comment_status":"closed","ping_status":"open","sticky":false,"template":"","format":"standard","meta":{"content-type":"","footnotes":""},"categories":[16],"tags":[123,1739,6353,6354,6355],"class_list":["post-15295","post","type-post","status-publish","format-standard","has-post-thumbnail","hentry","category-noticias","tag-brasil","tag-escolas","tag-marinha","tag-racionamento","tag-reduzidos"],"_links":{"self":[{"href":"https:\/\/tvbrazilusa.com\/pt\/wp-json\/wp\/v2\/posts\/15295","targetHints":{"allow":["GET"]}}],"collection":[{"href":"https:\/\/tvbrazilusa.com\/pt\/wp-json\/wp\/v2\/posts"}],"about":[{"href":"https:\/\/tvbrazilusa.com\/pt\/wp-json\/wp\/v2\/types\/post"}],"author":[{"embeddable":true,"href":"https:\/\/tvbrazilusa.com\/pt\/wp-json\/wp\/v2\/users\/1"}],"replies":[{"embeddable":true,"href":"https:\/\/tvbrazilusa.com\/pt\/wp-json\/wp\/v2\/comments?post=15295"}],"version-history":[{"count":1,"href":"https:\/\/tvbrazilusa.com\/pt\/wp-json\/wp\/v2\/posts\/15295\/revisions"}],"predecessor-version":[{"id":15297,"href":"https:\/\/tvbrazilusa.com\/pt\/wp-json\/wp\/v2\/posts\/15295\/revisions\/15297"}],"wp:featuredmedia":[{"embeddable":true,"href":"https:\/\/tvbrazilusa.com\/pt\/wp-json\/wp\/v2\/media\/15296"}],"wp:attachment":[{"href":"https:\/\/tvbrazilusa.com\/pt\/wp-json\/wp\/v2\/media?parent=15295"}],"wp:term":[{"taxonomy":"category","embeddable":true,"href":"https:\/\/tvbrazilusa.com\/pt\/wp-json\/wp\/v2\/categories?post=15295"},{"taxonomy":"post_tag","embeddable":true,"href":"https:\/\/tvbrazilusa.com\/pt\/wp-json\/wp\/v2\/tags?post=15295"}],"curies":[{"name":"wp","href":"https:\/\/api.w.org\/{rel}","templated":true}]}}