{"id":15365,"date":"2024-08-02T17:30:15","date_gmt":"2024-08-02T17:30:15","guid":{"rendered":"https:\/\/tvbrazilusa.com\/2024\/08\/02\/zeze-di-camargo-e-sua-mulher-acabam-levando-a-pior-em-acao-contra-influencer\/"},"modified":"2024-08-02T17:32:19","modified_gmt":"2024-08-02T17:32:19","slug":"zeze-di-camargo-e-sua-mulher-acabam-levando-a-pior-em-acao-contra-influencer","status":"publish","type":"post","link":"https:\/\/tvbrazilusa.com\/pt\/2024\/08\/02\/zeze-di-camargo-e-sua-mulher-acabam-levando-a-pior-em-acao-contra-influencer\/","title":{"rendered":"Zez\u00e9 Di Camargo e sua mulher acabam levando a pior em a\u00e7\u00e3o contra influencer"},"content":{"rendered":"<p> <script async src=\"https:\/\/pagead2.googlesyndication.com\/pagead\/js\/adsbygoogle.js?client=ca-pub-8864793242727901\"\r\n     crossorigin=\"anonymous\"><\/script><br \/>\n<\/p>\n<div>\n<p>Na tarde desta quinta-feira (1\/8), a influenciadora Vanessa de Oliveira fez uma publica\u00e7\u00e3o em seu perfil do Instagram para atualizar seus seguidores sobre o andamento do processo movido contra ela pelo cantor Zez\u00e9 Di Camargo e sua noiva Graciele Lacerda. Segundo Vanessa, as duas liminares solicitadas pelo casal foram negadas. Visivelmente contente, a influenciadora comemorou o resultado parcial da a\u00e7\u00e3o.<\/p>\n<p>Em sua postagem, Vanessa de Oliveira compartilhou a not\u00edcia de que Zez\u00e9 e Graciele tiveram a terceira liminar do Agravante e a quarta liminar de pedido de Segredo de Justi\u00e7a contra ela negadas. A criadora de conte\u00fado foi enf\u00e1tica ao afirmar que nunca teve a inten\u00e7\u00e3o de ofender ningu\u00e9m, enfatizando que apenas comentou sobre um caso de conhecimento p\u00fablico.<\/p>\n<blockquote class=\"instagram-media\" data-instgrm-captioned=\"\" data-instgrm-permalink=\"https:\/\/www.instagram.com\/reel\/C-I1zXGRNSb\/?utm_source=ig_embed&#038;utm_campaign=loading\" data-instgrm-version=\"14\" style=\" background:#FFF; border:0; border-radius:3px; box-shadow:0 0 1px 0 rgba(0,0,0,0.5),0 1px 10px 0 rgba(0,0,0,0.15); margin: 1px; max-width:540px; min-width:326px; padding:0; width:99.375%; width:-webkit-calc(100% - 2px); width:calc(100% - 2px);\"\/>\n<h2 class=\"wp-block-heading\">Processo Movido por Zez\u00e9 Di Camargo e Graciele Lacerda<\/h2>\n<p>Vanessa de Oliveira explicou que, como especialista em relacionamento, se sente na responsabilidade de trazer \u00e0 tona comportamentos de falta de empatia entre mulheres, mencionando o caso de @zilucamargooficial. Na vis\u00e3o da influenciadora, \u00e9 importante observar e conscientizar sobre tais comportamentos.<\/p>\n<p>O processo movido contra Vanessa de Oliveira surgiu devido ao uso da imagem de Zez\u00e9 Di Camargo e Graciele Lacerda na divulga\u00e7\u00e3o de seu curso online, que promete melhorar a autoestima e os relacionamentos das mulheres. O casal alega que a influenciadora usou-os como exemplo de \u2018trai\u00e7\u00e3o\u2019.<\/p>\n<p>A influenciadora mencionou que, no in\u00edcio, Zez\u00e9 e Graciele n\u00e3o demonstraram interesse em pedir segredo de Justi\u00e7a. Eles imaginavam que a audi\u00eancia se voltaria contra a ela, o que, segundo Vanessa, n\u00e3o aconteceu. Ap\u00f3s ver o apoio recebido pela influenciadora, o casal tentou uma liminar para que o processo ocorresse em segredo.<\/p>\n<figure class=\"wp-block-image size-full\"><picture decoding=\"async\" class=\"wp-image-166405\"><source type=\"image\/webp\" srcset=\"https:\/\/terrabrasilnoticias.com\/wp-content\/uploads\/2024\/08\/image-26.png.webp 898w, https:\/\/terrabrasilnoticias.com\/wp-content\/uploads\/2024\/08\/image-26-300x206.png.webp 300w, https:\/\/terrabrasilnoticias.com\/wp-content\/uploads\/2024\/08\/image-26-768x527.png.webp 768w, https:\/\/terrabrasilnoticias.com\/wp-content\/uploads\/2024\/08\/image-26-750x514.png.webp 750w\" sizes=\"(max-width: 898px) 100vw, 898px\"\/><\/picture><figcaption class=\"wp-element-caption\"><em>Divulga\u00e7\u00e3o<\/em><\/figcaption><\/figure>\n<h2 class=\"wp-block-heading\">O Que \u00e9 o \u201cSegredo das Amantes\u201d?<\/h2>\n<p>O curso promovido por Vanessa de Oliveira, intitulado \u201cSegredo das Amantes\u201d, promete ajudar mulheres a melhorarem sua autoestima e seus relacionamentos. Contudo, o uso da imagem de Zez\u00e9 Di Camargo e Graciele Lacerda como exemplo de trai\u00e7\u00e3o no material promocional \u00e9 o ponto de disc\u00f3rdia que levou \u00e0 a\u00e7\u00e3o judicial.<\/p>\n<h2 class=\"wp-block-heading\">Qual Ser\u00e1 o Pr\u00f3ximo Cap\u00edtulo Dessa Hist\u00f3ria?<\/h2>\n<p>Por enquanto, o desenrolar do caso ainda est\u00e1 em aberto. Vanessa de Oliveira continua atualizando seus seguidores sobre cada passo do processo. Zez\u00e9 Di Camargo e Graciele Lacerda, por sua vez, mant\u00eam seu posicionamento e aguardam novas decis\u00f5es judiciais.<\/p>\n<p>Seguidores da influenciadora e f\u00e3s do casal agora aguardam para ver quais ser\u00e3o os pr\u00f3ximos cap\u00edtulos desta novela jur\u00eddica. Enquanto isso, Vanessa continua usando suas plataformas para advogar pelo empoderamento feminino e pela import\u00e2ncia da empatia entre mulheres.<\/p>\n<\/p><\/div>\n<p><script async src=\"\/\/www.instagram.com\/embed.js\"><\/script><br \/>\n<br \/><br \/>\n<br \/><a href=\"https:\/\/terrabrasilnoticias.com\/2024\/08\/zeze-di-camargo-e-sua-mulher-acabam-levando-a-pior-em-acao-contra-influencer\/\">Source link <\/a><\/p>","protected":false},"excerpt":{"rendered":"<p>Na tarde desta quinta-feira (1\/8), a influenciadora Vanessa de Oliveira fez uma publica\u00e7\u00e3o em seu perfil do Instagram para atualizar seus seguidores sobre o andamento do processo movido contra ela&hellip;<\/p>","protected":false},"author":1,"featured_media":15366,"comment_status":"closed","ping_status":"open","sticky":false,"template":"","format":"standard","meta":{"content-type":"","footnotes":""},"categories":[16],"tags":[],"class_list":["post-15365","post","type-post","status-publish","format-standard","has-post-thumbnail","hentry","category-noticias"],"_links":{"self":[{"href":"https:\/\/tvbrazilusa.com\/pt\/wp-json\/wp\/v2\/posts\/15365","targetHints":{"allow":["GET"]}}],"collection":[{"href":"https:\/\/tvbrazilusa.com\/pt\/wp-json\/wp\/v2\/posts"}],"about":[{"href":"https:\/\/tvbrazilusa.com\/pt\/wp-json\/wp\/v2\/types\/post"}],"author":[{"embeddable":true,"href":"https:\/\/tvbrazilusa.com\/pt\/wp-json\/wp\/v2\/users\/1"}],"replies":[{"embeddable":true,"href":"https:\/\/tvbrazilusa.com\/pt\/wp-json\/wp\/v2\/comments?post=15365"}],"version-history":[{"count":1,"href":"https:\/\/tvbrazilusa.com\/pt\/wp-json\/wp\/v2\/posts\/15365\/revisions"}],"predecessor-version":[{"id":15367,"href":"https:\/\/tvbrazilusa.com\/pt\/wp-json\/wp\/v2\/posts\/15365\/revisions\/15367"}],"wp:featuredmedia":[{"embeddable":true,"href":"https:\/\/tvbrazilusa.com\/pt\/wp-json\/wp\/v2\/media\/15366"}],"wp:attachment":[{"href":"https:\/\/tvbrazilusa.com\/pt\/wp-json\/wp\/v2\/media?parent=15365"}],"wp:term":[{"taxonomy":"category","embeddable":true,"href":"https:\/\/tvbrazilusa.com\/pt\/wp-json\/wp\/v2\/categories?post=15365"},{"taxonomy":"post_tag","embeddable":true,"href":"https:\/\/tvbrazilusa.com\/pt\/wp-json\/wp\/v2\/tags?post=15365"}],"curies":[{"name":"wp","href":"https:\/\/api.w.org\/{rel}","templated":true}]}}