{"id":15373,"date":"2024-08-02T17:28:05","date_gmt":"2024-08-02T17:28:05","guid":{"rendered":"https:\/\/tvbrazilusa.com\/2024\/08\/02\/quem-e-yusuf-dikec-o-atirador-turco-que-se-tornou-viral-nas-olimpiadas-de-2024\/"},"modified":"2024-08-02T17:39:12","modified_gmt":"2024-08-02T17:39:12","slug":"quem-e-yusuf-dikec-o-atirador-turco-que-se-tornou-viral-nas-olimpiadas-de-2024","status":"publish","type":"post","link":"https:\/\/tvbrazilusa.com\/pt\/2024\/08\/02\/quem-e-yusuf-dikec-o-atirador-turco-que-se-tornou-viral-nas-olimpiadas-de-2024\/","title":{"rendered":"Quem \u00e9 Yusuf Dikec, o atirador turco que se tornou viral nas Olimp\u00edadas de 2024?"},"content":{"rendered":"<p> <script async src=\"https:\/\/pagead2.googlesyndication.com\/pagead\/js\/adsbygoogle.js?client=ca-pub-8864793242727901\"\r\n     crossorigin=\"anonymous\"><\/script><br \/>\n<\/p>\n<div id=\"\">\n<header class=\"m-article-header m-article-header--standard\">\n\t\t\t\t\t\t\t\t\t\t\t\t<span id=\"article-header-primary-term\"><br \/>\n\t\t\t\t\t\t\t\t<a class=\"a-term a-term--primary\" href=\"https:\/\/www.boston.com\/tag\/sports\/\"><\/p>\n<p>\t\t\t\t\t\t\t\tEsportes\t\t\t\t\t\t\t\t<\/a><br \/>\n\t\t\t\t\t\t\t<\/span><\/p>\n<h2 class=\"m-article-header__sub-headline\">O homem de 51 anos come\u00e7ou a virar tend\u00eancia \u00e0 medida que novos f\u00e3s espalhavam memes sobre seu comportamento descontra\u00eddo e \u00f3culos simples.<\/h2>\n<figure class=\"a-photo m-article-header__photo\"><figcaption class=\"a-photo__caption\">\n<p>\tO turco Yusuf Dikec compete na disputa pela medalha de ouro em equipes mistas de tiro com pistola de ar 10m no quarto dia dos Jogos Ol\u00edmpicos de Paris 2024, no Centro de Tiro de Chateauroux, em 30 de julho de 2024, em Chateauroux, Fran\u00e7a. <em>  Charles McQuillan\/Getty Images<\/em>\t<\/figcaption><\/figure>\n<div class=\"m-article-header__meta\">\n<div class=\"m-article-header__byline\">\n<p class=\"m-article-header__author\">\n<p>\t\t\t\t\t\t\t\tPor TATION VEREAR e DETERRUISSET REPREHENDUNT, Associated Press\t\t\t\t\t\t\t<\/p>\n<p>\t\t\t\t\t\t    \t\t\t\t\t\t\t<time class=\"m-article-header__date\"><\/p>\n<p>        \t\t\t\t\t\t\t2 de agosto de 2024 | 13h28    \t\t\t\t\t\t\t<\/time><\/p><\/div>\n<\/p><\/div>\n<\/header>\n<p>CHATEAUROUX, Fran\u00e7a (AP) \u2014 O atirador turco Yusuf Dikec se tornou viral nas redes sociais por sua atitude aparentemente casual enquanto atirava para ganhar a medalha de prata no <a href=\"https:\/\/www.boston.com\/tag\/2024-olympics\/\">Olimp\u00edadas de 2024<\/a>.<\/p>\n<p>As imagens mais compartilhadas mostram Dikec atirando de camiseta, com uma m\u00e3o no bolso, um par de \u00f3culos aparentemente padr\u00e3o e um olhar impass\u00edvel no rosto. Ele foi comparado a um cara normal competindo nas Olimp\u00edadas, ou at\u00e9 mesmo a um assassino de aluguel.<\/p>\n<figure class=\"wp-block-embed is-type-rich is-provider-twitter wp-block-embed-twitter\">\n<\/figure>\n<p>O homem de 51 anos n\u00e3o \u00e9 nenhum novato, no entanto. Ele competiu em todas as Olimp\u00edadas de Ver\u00e3o desde 2008.<\/p>\n<p>Alguns memes contrastam Dikec com seu oponente s\u00e9rvio Damir Mikec, que usava uma venda sobre um olho, uma lente sobre o outro e um grande par de protetores auriculares.<\/p>\n<p>Ele fez isso e fez hist\u00f3ria.<\/p>\n<p>Dikec e Sevval Ilayda Tarhan ganharam a medalha de prata no tiro de pistola de ar de 10 metros em equipe mista na ter\u00e7a-feira. Foi a primeira medalha da Turquia no tiro ol\u00edmpico.<\/p>\n<p>Mikec e Zorana Arunovic ganharam o ouro para a S\u00e9rvia. O bronze foi para Manu Bhaker e Sarabjot Singh, da \u00cdndia.<\/p>\n<p>Diferentemente de Dikec, sua companheira de equipe Tarhan estava competindo com grandes protetores de ouvido e uma viseira, assim como tran\u00e7as nas cores vermelha e branca da bandeira turca. Ela tamb\u00e9m estava atirando com uma m\u00e3o no bolso.<\/p>\n<p>Dikec ficou em 13\u00ba em seu evento individual e agora est\u00e1 pronto nas Olimp\u00edadas de Paris. Ele est\u00e1 olhando para os pr\u00f3ximos Jogos em 2028, no entanto. \u201cEspero em Los Angeles (por) uma medalha de ouro\u201d, disse ele na ter\u00e7a-feira.<\/p>\n<figure class=\"wp-block-embed is-type-rich is-provider-twitter wp-block-embed-twitter\">\n<\/figure>\n<p>Dikec parece estar aderindo \u00e0 tend\u00eancia, republicando uma compila\u00e7\u00e3o de v\u00eddeos de memes em turco sobre ele em sua p\u00e1gina do Instagram.<\/p>\n<p>Os eventos de tiro foram realizados a cerca de tr\u00eas horas de carro ao sul de Paris. Dikec e Tarhan fizeram a viagem para a capital francesa na quarta-feira, onde foram recebidos com aplausos no Champions Park, um local ao ar livre onde os medalhistas comemoram com os f\u00e3s.<\/p>\n<p>Os atiradores t\u00eam alguma liberdade sobre como se vestem para a competi\u00e7\u00e3o.<\/p>\n<p>Muitos atiradores no campo de tiro ol\u00edmpico em Chateauroux, no centro da Fran\u00e7a, optam por usar viseiras para reduzir o brilho das luzes ou as chamadas viseiras sobre um olho para obter melhor foco para o olho que est\u00e1 olhando pela mira.<\/p>\n<p>N\u00e3o \u00e9 bem verdade que Dikec n\u00e3o estava usando nenhum equipamento de tiro. Ele tinha protetores de ouvido amarelos para bloquear distra\u00e7\u00f5es enquanto atirava na final. Eles simplesmente n\u00e3o eram vis\u00edveis do \u00e2ngulo da imagem que se tornou viral.<\/p>\n<p>Assim como Dikec, o atirador de rifle chin\u00eas Liu Yukun ganhou uma medalha de ouro na quinta-feira usando protetores de ouvido, mas sem viseira ou protetor de olhos.<\/p>\n<p>Sim, o comportamento confiante e a postura dram\u00e1tica da atiradora de pistola sul-coreana Kim Yeji renderam elogios nas redes sociais por sua &#8220;energia de personagem principal&#8221;.<\/p>\n<figure class=\"wp-block-embed is-type-rich is-provider-twitter wp-block-embed-twitter\">\n<\/figure>\n<p>&#8220;As estrelas ol\u00edmpicas do #esportedetiro que n\u00e3o sab\u00edamos que precis\u00e1vamos&#8221;, publicou a conta oficial das Olimp\u00edadas no X na quinta-feira, com fotos de Kim e Dikec.<\/p>\n<p>Kim ganhou a prata na prova feminina de pistola de ar de 10 metros no domingo, atr\u00e1s de sua companheira de equipe sul-coreana Oh Ye Jin. Kim e Oh s\u00e3o companheiras de quarto e Kim disse que ficou feliz que Oh ganhou o ouro porque ela a v\u00ea como uma &#8220;irm\u00e3 mais nova&#8221;.<\/p>\n<p>Kim deve competir novamente na sexta-feira na qualifica\u00e7\u00e3o para o evento feminino de pistola 25 metros.<\/p>\n<div class=\"m-block m-generic-cta\t m-generic-cta--post-content\t m-generic-cta--dark\t m-generic-cta--homepage\t m-generic-cta--email-signup\t\t m-generic-cta-block-style--default \tt-amp__generic-cta\"><\/p>\n<div class=\"m-generic-cta__wrap\">\n<div class=\"m-generic-cta__content\">\n<h3 class=\"m-generic-cta__title\">Receba as \u00faltimas not\u00edcias esportivas de Boston<\/h3>\n<p class=\"m-generic-cta__subtitle\">Receba atualiza\u00e7\u00f5es sobre seus times favoritos de Boston, diretamente da nossa reda\u00e7\u00e3o para sua caixa de entrada.<\/p>\n<\/p><\/div>\n<\/p><\/div>\n<\/div><\/div>\n<p><script>\n\t\tvar consent=\"grant\";\n\t\t\/* The above code is parsing the JSON data from the local storage and storing it in a variable. *\/\n\t\t\t\t\tconst onetrustStorageConsent = JSON.parse(localStorage.getItem( 'consent_one_trust_bdc' ) );\n\t\t\tif ( ( onetrustStorageConsent !== null ) ) {\n\t\t\t\t\/* Checking to see if the user has consented to the use of cookies.\n\t\t\t\t* If they have not, it is deleting the cookie.\n\t\t\t\t* This will comment for now, until further notice.\n\t\t\t\t*\/\n\t\t\t\t\/\/if ( onetrustStorageConsent.C0002 === false ) {\n\t\t\t\t\/\/\tdocument.cookie=\"_fbp=;expires=Thu, 01 Jan 2010 00:00:00 UTC; path=\/; domain=.boston.com\";\n\t\t\t\t\/\/}\n\t\t\t\t\/* Checking if the user has given consent for the cookie C0002.\n\t\t\t\t* If the user has given consent, the variable consent will be set to 'grant'.\n\t\t\t\t* If the user has not given consent,the variable consent will be set to 'revoke'.\n\t\t\t\t* Documentation https:\/\/developers.facebook.com\/docs\/meta-pixel\/implementation\/gdpr\n\t\t\t\t*\/\n\t\t\t\tif ( onetrustStorageConsent.C0002 !== true ) {\n\t\t\t\t\tconsent=\"revoke\";\n\t\t\t\t}\n\t\t\t}\n\t\t\t\t!function(f,b,e,v,n,t,s)\n\t\t{if(f.fbq)return;n=f.fbq=function(){n.callMethod?\n\t\tn.callMethod.apply(n,arguments):n.queue.push(arguments)};\n\t\tif(!f._fbq)f._fbq=n;n.push=n;n.loaded=!0;n.version='2.0';\n\t\tn.queue=[];t=b.createElement(e);t.async=!0;\n\t\tt.src=v;s=b.getElementsByTagName(e)[0];\n\t\ts.parentNode.insertBefore(t,s)}(window, document,'script',\n\t\t'https:\/\/connect.facebook.net\/en_US\/fbevents.js');\n\t\tfbq('consent', consent);\n\t\tfbq('init', '989222871864976');\n\t\tfbq('track', 'PageView');\n\t<\/script><script type=\"module\">\n\t\tvar consent=\"grant\";\n\t\t\/* The above code is parsing the JSON data from the local storage and storing it in a variable. *\/\n\t\t\tconst onetrustStorageConsent = JSON.parse(localStorage.getItem( 'consent_one_trust_bdc' ) );\n\t\t\t\/* Checking to see if the user has consented to the use of cookies.\n\t\t\t* If they have not, it is deleting the cookie.\n\t\t\t* This will comment for now, until further notice.\n\t\t\t*\/\n\t\t\t\/\/if ( onetrustStorageConsent.C0002 === false ) {\n\t\t\t\/\/\tdocument.cookie=\"_fbp=;expires=Thu, 01 Jan 2010 00:00:00 UTC; path=\/; domain=.boston.com\";\n\t\t\t\/\/}\n\t\t\t\/* Checking if the user has given consent for the cookie C0002.\n\t\t\t* If the user has given consent, the variable consent will be set to 'grant'.\n\t\t\t* If the user has not given consent,the variable consent will be set to 'revoke'.\n\t\t\t* Documentation https:\/\/developers.facebook.com\/docs\/meta-pixel\/implementation\/gdpr\n\t\t\t*\/\n\t\t\tif ( ( onetrustStorageConsent !== null ) && (onetrustStorageConsent.C0002 !== true ) ) {\n\t\t\t\tconsent=\"revoke\";\n\t\t\t}\n\t\t\t\t!function(f,b,e,v,n,t,s){if(f.fbq)return;n=f.fbq=function()\n\t\t{n.callMethod? n.callMethod.apply(n,arguments):n.queue.push(arguments)}\n\t\t;if(!f._fbq)f._fbq=n;\n\t\tn.push=n;n.loaded=!0;n.version='2.0';n.queue=[];t=b.createElement(e);t.async=!0;\n\t\tt.src=v;s=b.getElementsByTagName(e)[0];s.parentNode.insertBefore(t,s)}(window,\n\t\tdocument,'script','https:\/\/connect.facebook.net\/en_US\/fbevents.js');\n\t\tfbq('consent', consent);\n\t\tfbq('init', '813236348753005');\n\t\tfbq('track', \"PageView\");\n\t<\/script><br \/>\n<br \/><br \/>\n<br \/><a href=\"https:\/\/www.boston.com\/sports\/sports\/2024\/08\/02\/who-is-yusuf-dikec-turkish-shooter-viral-2024-olympics\/\">Source link <\/a><\/p>","protected":false},"excerpt":{"rendered":"<p>Esportes O homem de 51 anos come\u00e7ou a virar tend\u00eancia \u00e0 medida que novos f\u00e3s espalhavam memes sobre seu comportamento descontra\u00eddo e \u00f3culos simples. O turco Yusuf Dikec compete na&hellip;<\/p>","protected":false},"author":1,"featured_media":15374,"comment_status":"closed","ping_status":"open","sticky":false,"template":"","format":"standard","meta":{"content-type":"","footnotes":""},"categories":[1],"tags":[],"class_list":["post-15373","post","type-post","status-publish","format-standard","has-post-thumbnail","hentry","category-uncategorized"],"_links":{"self":[{"href":"https:\/\/tvbrazilusa.com\/pt\/wp-json\/wp\/v2\/posts\/15373","targetHints":{"allow":["GET"]}}],"collection":[{"href":"https:\/\/tvbrazilusa.com\/pt\/wp-json\/wp\/v2\/posts"}],"about":[{"href":"https:\/\/tvbrazilusa.com\/pt\/wp-json\/wp\/v2\/types\/post"}],"author":[{"embeddable":true,"href":"https:\/\/tvbrazilusa.com\/pt\/wp-json\/wp\/v2\/users\/1"}],"replies":[{"embeddable":true,"href":"https:\/\/tvbrazilusa.com\/pt\/wp-json\/wp\/v2\/comments?post=15373"}],"version-history":[{"count":1,"href":"https:\/\/tvbrazilusa.com\/pt\/wp-json\/wp\/v2\/posts\/15373\/revisions"}],"predecessor-version":[{"id":15375,"href":"https:\/\/tvbrazilusa.com\/pt\/wp-json\/wp\/v2\/posts\/15373\/revisions\/15375"}],"wp:featuredmedia":[{"embeddable":true,"href":"https:\/\/tvbrazilusa.com\/pt\/wp-json\/wp\/v2\/media\/15374"}],"wp:attachment":[{"href":"https:\/\/tvbrazilusa.com\/pt\/wp-json\/wp\/v2\/media?parent=15373"}],"wp:term":[{"taxonomy":"category","embeddable":true,"href":"https:\/\/tvbrazilusa.com\/pt\/wp-json\/wp\/v2\/categories?post=15373"},{"taxonomy":"post_tag","embeddable":true,"href":"https:\/\/tvbrazilusa.com\/pt\/wp-json\/wp\/v2\/tags?post=15373"}],"curies":[{"name":"wp","href":"https:\/\/api.w.org\/{rel}","templated":true}]}}