{"id":15416,"date":"2024-08-02T18:15:59","date_gmt":"2024-08-02T18:15:59","guid":{"rendered":"https:\/\/tvbrazilusa.com\/2024\/08\/02\/argentina-reconhece-edmundo-gonzalez-como-novo-presidente-da-venezuela\/"},"modified":"2024-08-02T18:22:26","modified_gmt":"2024-08-02T18:22:26","slug":"argentina-reconhece-edmundo-gonzalez-como-novo-presidente-da-venezuela","status":"publish","type":"post","link":"https:\/\/tvbrazilusa.com\/pt\/2024\/08\/02\/argentina-reconhece-edmundo-gonzalez-como-novo-presidente-da-venezuela\/","title":{"rendered":"Argentina reconhece Edmundo Gonz\u00e1lez como novo presidente da Venezuela"},"content":{"rendered":"<p> <script async src=\"https:\/\/pagead2.googlesyndication.com\/pagead\/js\/adsbygoogle.js?client=ca-pub-8864793242727901\"\r\n     crossorigin=\"anonymous\"><\/script><br \/>\n<\/p>\n<div>\n<p>A Argentina declarou nesta sexta-feira, 2 de agosto de 2024, que reconhece Edmundo Gonz\u00e1lez Urrutia, da Plataforma Unit\u00e1ria Democr\u00e1tica (centro-direita), como o presidente eleito da Venezuela. A medida foi anunciada ap\u00f3s uma s\u00e9rie de declara\u00e7\u00f5es p\u00fablicas e mensagens nas redes sociais, incluindo a manifesta\u00e7\u00e3o da ministra das Rela\u00e7\u00f5es Exteriores da Argentina, Diana Mondino, e a repostagem feita pelo presidente argentino Javier Milei.<\/p>\n<p>No in\u00edcio desta semana, Nicol\u00e1s Maduro, do Partido Socialista Unido da Venezuela (esquerda), autodeclarou-se presidente da Venezuela, causando uma onda de rea\u00e7\u00f5es internacionais e manifesta\u00e7\u00f5es por parte de diversos governos e institui\u00e7\u00f5es estrangeiras. A comunidade internacional, incluindo os Estados Unidos, j\u00e1 havia manifestado d\u00favidas sobre a legitimidade do processo eleitoral realizado no pa\u00eds.<\/p>\n<figure class=\"wp-block-image size-full\"><picture decoding=\"async\" class=\"wp-image-166437\"><source type=\"image\/webp\" srcset=\"https:\/\/terrabrasilnoticias.com\/wp-content\/uploads\/2024\/08\/image-29.png.webp 1024w, https:\/\/terrabrasilnoticias.com\/wp-content\/uploads\/2024\/08\/image-29-300x215.png.webp 300w, https:\/\/terrabrasilnoticias.com\/wp-content\/uploads\/2024\/08\/image-29-768x550.png.webp 768w, https:\/\/terrabrasilnoticias.com\/wp-content\/uploads\/2024\/08\/image-29-120x86.png.webp 120w, https:\/\/terrabrasilnoticias.com\/wp-content\/uploads\/2024\/08\/image-29-350x250.png.webp 350w, https:\/\/terrabrasilnoticias.com\/wp-content\/uploads\/2024\/08\/image-29-750x537.png.webp 750w\" sizes=\"(max-width: 1024px) 100vw, 1024px\"\/><\/picture><figcaption class=\"wp-element-caption\">Reprodu\u00e7\u00e3o\/X<\/figcaption><\/figure>\n<h2 class=\"wp-block-heading\">Ministra das Rela\u00e7\u00f5es Exteriores da Argentina Reconhece Elei\u00e7\u00f5es Venezuelanas<\/h2>\n<p>Em uma publica\u00e7\u00e3o no X (ex-Twitter), a ministra das Rela\u00e7\u00f5es Exteriores da Argentina, Diana Mondino, afirmou: \u201cTodos podemos confirmar, sem d\u00favida, que o leg\u00edtimo vencedor e Presidente eleito \u00e9 Edmundo Gonz\u00e1lez\u201d. A mensagem foi rapidamente compartilhada pelo presidente Javier Milei, ampliando ainda mais a visibilidade da declara\u00e7\u00e3o.<\/p>\n<p>A manifesta\u00e7\u00e3o argentina soma-se a uma s\u00e9rie de declara\u00e7\u00f5es por parte de v\u00e1rios pa\u00edses que questionam a legitimidade das elei\u00e7\u00f5es venezuelanas e a autoproclama\u00e7\u00e3o de Nicol\u00e1s Maduro como presidente.<\/p>\n<h2 class=\"wp-block-heading\">Como a Comunidade Internacional Reage a Essa Crise?<\/h2>\n<p>O porta-voz presidencial da Argentina, Manuel Adorni, comentou ao jornal Clar\u00edn que \u201co ditador Maduro perdeu efetivamente as elei\u00e7\u00f5es e nunca apareceram as famosas atas em que ia provar que tinha ganho\u201d. Segundo Adorni, a comunidade internacional est\u00e1 alinhada em aceitar que as elei\u00e7\u00f5es foram uma fraude e que Maduro deve deixar o cargo para que a Venezuela possa viver em paz e democracia.<\/p>\n<p>Na quinta-feira, 1\u00ba de agosto, os Estados Unidos tamb\u00e9m declararam que Nicol\u00e1s Maduro perdeu as elei\u00e7\u00f5es realizadas no domingo, 28 de julho. Surtiram evid\u00eancias esmagadoras que apoiam a vit\u00f3ria de Edmundo Gonz\u00e1lez Urrutia, refor\u00e7ando assim a falta de legitimidade na reelei\u00e7\u00e3o de Maduro.<\/p>\n<h2 class=\"wp-block-heading\">Quais S\u00e3o as Consequ\u00eancias para a Venezuela?<\/h2>\n<p>A crise pol\u00edtica venezuelana continua a ter repercuss\u00f5es significativas tanto internamente quanto externamente. Os cidad\u00e3os venezuelanos est\u00e3o num momento de incerteza e tens\u00e3o, com o futuro pol\u00edtico do pa\u00eds em jogo. A instabilidade tamb\u00e9m afeta a economia e as rela\u00e7\u00f5es internacionais da Venezuela.<\/p>\n<p>A press\u00e3o internacional sobre Maduro est\u00e1 aumentando. V\u00e1rios pa\u00edses desaprovam emocionalmente a legitimidade de sua autoproclama\u00e7\u00e3o como presidente, apelando por uma transi\u00e7\u00e3o democr\u00e1tica. Nesse sentido, o apoio ao reconhecimento de Edmundo Gonz\u00e1lez Urrutia pode influenciar a mudan\u00e7a da din\u00e2mica pol\u00edtica na Venezuela.<\/p>\n<\/p><\/div>\n<p><br \/>\n<br \/><a href=\"https:\/\/terrabrasilnoticias.com\/2024\/08\/argentina-reconhece-edmundo-gonzalez-como-novo-presidente-da-venezuela\/\">Source link <\/a><\/p>","protected":false},"excerpt":{"rendered":"<p>A Argentina declarou nesta sexta-feira, 2 de agosto de 2024, que reconhece Edmundo Gonz\u00e1lez Urrutia, da Plataforma Unit\u00e1ria Democr\u00e1tica (centro-direita), como o presidente eleito da Venezuela. A medida foi anunciada&hellip;<\/p>","protected":false},"author":1,"featured_media":15417,"comment_status":"closed","ping_status":"open","sticky":false,"template":"","format":"standard","meta":{"content-type":"","footnotes":""},"categories":[16],"tags":[],"class_list":["post-15416","post","type-post","status-publish","format-standard","has-post-thumbnail","hentry","category-noticias"],"_links":{"self":[{"href":"https:\/\/tvbrazilusa.com\/pt\/wp-json\/wp\/v2\/posts\/15416","targetHints":{"allow":["GET"]}}],"collection":[{"href":"https:\/\/tvbrazilusa.com\/pt\/wp-json\/wp\/v2\/posts"}],"about":[{"href":"https:\/\/tvbrazilusa.com\/pt\/wp-json\/wp\/v2\/types\/post"}],"author":[{"embeddable":true,"href":"https:\/\/tvbrazilusa.com\/pt\/wp-json\/wp\/v2\/users\/1"}],"replies":[{"embeddable":true,"href":"https:\/\/tvbrazilusa.com\/pt\/wp-json\/wp\/v2\/comments?post=15416"}],"version-history":[{"count":1,"href":"https:\/\/tvbrazilusa.com\/pt\/wp-json\/wp\/v2\/posts\/15416\/revisions"}],"predecessor-version":[{"id":15418,"href":"https:\/\/tvbrazilusa.com\/pt\/wp-json\/wp\/v2\/posts\/15416\/revisions\/15418"}],"wp:featuredmedia":[{"embeddable":true,"href":"https:\/\/tvbrazilusa.com\/pt\/wp-json\/wp\/v2\/media\/15417"}],"wp:attachment":[{"href":"https:\/\/tvbrazilusa.com\/pt\/wp-json\/wp\/v2\/media?parent=15416"}],"wp:term":[{"taxonomy":"category","embeddable":true,"href":"https:\/\/tvbrazilusa.com\/pt\/wp-json\/wp\/v2\/categories?post=15416"},{"taxonomy":"post_tag","embeddable":true,"href":"https:\/\/tvbrazilusa.com\/pt\/wp-json\/wp\/v2\/tags?post=15416"}],"curies":[{"name":"wp","href":"https:\/\/api.w.org\/{rel}","templated":true}]}}