{"id":15430,"date":"2024-08-02T18:33:39","date_gmt":"2024-08-02T18:33:39","guid":{"rendered":"https:\/\/tvbrazilusa.com\/2024\/08\/02\/buscas-em-andamento-por-homem-desaparecido-em-winter-garden\/"},"modified":"2024-08-02T18:38:48","modified_gmt":"2024-08-02T18:38:48","slug":"buscas-em-andamento-por-homem-desaparecido-em-winter-garden","status":"publish","type":"post","link":"https:\/\/tvbrazilusa.com\/pt\/2024\/08\/02\/buscas-em-andamento-por-homem-desaparecido-em-winter-garden\/","title":{"rendered":"Buscas em andamento por homem desaparecido em Winter Garden"},"content":{"rendered":"<script async src=\"https:\/\/pagead2.googlesyndication.com\/pagead\/js\/adsbygoogle.js?client=ca-pub-8864793242727901\"\r\n     crossorigin=\"anonymous\"><\/script>\n<div id=\"\">\n<p class=\"dist__Box-sc-1fnzlkn-0 dist__TextBase-sc-1fnzlkn-3 CGHCP htMUPQ article-text\"><strong>WINTER GARDEN, Fl\u00f3rida.<\/strong> \u2013 O Gabinete do Xerife do Condado de Orange diz que est\u00e1 procurando um homem que foi dado como desaparecido em Winter Garden.<\/p>\n<p class=\"dist__Box-sc-1fnzlkn-0 dist__TextBase-sc-1fnzlkn-3 CGHCP htMUPQ article-text\">William Allen Stephens, 47, foi visto pela \u00faltima vez por volta das 17h de domingo em sua casa na South Park Avenue, disse o gabinete do xerife em <a href=\"https:\/\/x.com\/OrangeCoSheriff\/status\/1819403986707140925\" target=\"_blank\" rel=\"noopener\">m\u00eddia social<\/a>.<\/p>\n<p class=\"dist__Box-sc-1fnzlkn-0 dist__TextBase-sc-1fnzlkn-3 CGHCP htMUPQ article-text\">Stephen tem 1,80 m de altura, 93 kg, \u00e9 calvo e tem olhos azuis. Ele foi visto pela \u00faltima vez vestindo uma camiseta azul-marinho e jeans azul, disse o gabinete do xerife, acrescentando que h\u00e1 preocupa\u00e7\u00e3o com seu bem-estar.<\/p>\n<p class=\"dist__Box-sc-1fnzlkn-0 dist__TextBase-sc-1fnzlkn-3 CGHCP htMUPQ article-text\">Qualquer pessoa que vir Stephens ou tiver conhecimento de seu paradeiro deve ligar para o 911 ou para o n\u00famero de emerg\u00eancia do gabinete do xerife: 407-836-4357.<\/p>\n<hr class=\"dist__Box-sc-1fnzlkn-0 dist__BaseDivider-sc-1fnzlkn-8 NJMqq\"\/>\n<p class=\"dist__Box-sc-1fnzlkn-0 dist__TextBase-sc-1fnzlkn-3 CGHCP htMUPQ article-text\"><b>Receba as manchetes de hoje em minutos com <\/b><a href=\"https:\/\/podcasts.apple.com\/us\/podcast\/your-florida-daily\/id1632084191\"><b>Seu di\u00e1rio da Fl\u00f3rida<\/b><\/a><b>:<\/b><\/p>\n<\/div>\n<p>Copyright 2024 por WKMG ClickOrlando &#8211; Todos os direitos reservados.<\/p>\n<p><br \/>\n<br \/><a href=\"https:\/\/www.clickorlando.com\/news\/local\/2024\/08\/02\/search-underway-for-man-missing-out-of-winter-garden\/\">Source link <\/a><\/p>","protected":false},"excerpt":{"rendered":"<p>WINTER GARDEN, Fl\u00f3rida. \u2013 O Gabinete do Xerife do Condado de Orange diz que est\u00e1 procurando um homem que foi dado como desaparecido em Winter Garden. William Allen Stephens, 47,&hellip;<\/p>","protected":false},"author":1,"featured_media":15431,"comment_status":"closed","ping_status":"open","sticky":false,"template":"","format":"standard","meta":{"content-type":"","footnotes":""},"categories":[1],"tags":[2134,1442,6393],"class_list":["post-15430","post","type-post","status-publish","format-standard","has-post-thumbnail","hentry","category-uncategorized","tag-ausente","tag-condado-de-orange","tag-jardim-de-inverno"],"_links":{"self":[{"href":"https:\/\/tvbrazilusa.com\/pt\/wp-json\/wp\/v2\/posts\/15430","targetHints":{"allow":["GET"]}}],"collection":[{"href":"https:\/\/tvbrazilusa.com\/pt\/wp-json\/wp\/v2\/posts"}],"about":[{"href":"https:\/\/tvbrazilusa.com\/pt\/wp-json\/wp\/v2\/types\/post"}],"author":[{"embeddable":true,"href":"https:\/\/tvbrazilusa.com\/pt\/wp-json\/wp\/v2\/users\/1"}],"replies":[{"embeddable":true,"href":"https:\/\/tvbrazilusa.com\/pt\/wp-json\/wp\/v2\/comments?post=15430"}],"version-history":[{"count":1,"href":"https:\/\/tvbrazilusa.com\/pt\/wp-json\/wp\/v2\/posts\/15430\/revisions"}],"predecessor-version":[{"id":15432,"href":"https:\/\/tvbrazilusa.com\/pt\/wp-json\/wp\/v2\/posts\/15430\/revisions\/15432"}],"wp:featuredmedia":[{"embeddable":true,"href":"https:\/\/tvbrazilusa.com\/pt\/wp-json\/wp\/v2\/media\/15431"}],"wp:attachment":[{"href":"https:\/\/tvbrazilusa.com\/pt\/wp-json\/wp\/v2\/media?parent=15430"}],"wp:term":[{"taxonomy":"category","embeddable":true,"href":"https:\/\/tvbrazilusa.com\/pt\/wp-json\/wp\/v2\/categories?post=15430"},{"taxonomy":"post_tag","embeddable":true,"href":"https:\/\/tvbrazilusa.com\/pt\/wp-json\/wp\/v2\/tags?post=15430"}],"curies":[{"name":"wp","href":"https:\/\/api.w.org\/{rel}","templated":true}]}}